{"id":902,"date":"2023-08-29T09:21:00","date_gmt":"2023-08-29T08:21:00","guid":{"rendered":"https:\/\/gops-urszulin.pl\/?p=902"},"modified":"2025-03-19T11:08:16","modified_gmt":"2025-03-19T10:08:16","slug":"nowy-okres-zasilkowy-2023-2024","status":"publish","type":"post","link":"https:\/\/gops-urszulin.pl\/index.php\/2023\/08\/29\/nowy-okres-zasilkowy-2023-2024\/","title":{"rendered":"Nowy okres zasi\u0142kowy 2023\/2024"},"content":{"rendered":"<p>Przypominamy, \u017ce rozpocz\u0105\u0142 si\u0119 <strong>nab\u00f3r wniosk\u00f3w na zasi\u0142ek rodzinny wraz z dodatkami oraz fundusz alimentacyjny<\/strong> na nowy okres zasi\u0142kowy 2023\/2024. wnioski mo\u017cna sk\u0142ada\u0107 w formie elektronicznej (poprzez portal <a title=\"wejd\u017a do portalu Emp@tia\" href=\"https:\/\/empatia.mpips.gov.pl\">Emp@tia<\/a>) od 1 lipca 2023 r. lub w formie papierowej. Druki wniosk\u00f3w s\u0105 dost\u0119pne na stronie internetowej w zak\u0142adce <a title=\"przejd\u017a do wniosk\u00f3w\" href=\"https:\/\/gops-urszulin.pl\/index.php\/2023\/06\/29\/wnioski\/\">Wnioski<\/a>. W celu przy\u015bpieszenia procesu rozpatrywania wniosk\u00f3w, wnioski nale\u017cy sk\u0142ada\u0107 wraz z kompletem dokument\u00f3w.<\/p>\n<h4>Prawo do zasi\u0142ku rodzinnego wraz z dodatkiem b\u0119dzie ustalone na okres <strong>od 1 listopada 2023 r. do 30 pa\u017adziernika 2024 r.<\/strong><\/h4>\n<p>Kryterium dochodowe przy ustalaniu prawa do zasi\u0142ku rodzinnego wynosi <strong>674,00 z\u0142<\/strong>, je\u017celi cz\u0142onkiem rodziny jest dziecko niepe\u0142nosprawne kryterium wynosi <strong>764,00 z\u0142.<\/strong><\/p>\n<p>W przypadku wniosk\u00f3w z\u0142o\u017conych <strong>do dnia 31 sierpnia 2023 r<\/strong>., ustalenie prawa oraz wyp\u0142ata \u015bwiadczenia nast\u0105pi do 30 listopada 2023r.<\/p>\n<p>W kwestii wniosk\u00f3w z\u0142o\u017conych w okresie <strong>od 1 wrze\u015bnia 2023 r. do 31 pa\u017adziernika 2023 r<\/strong>., ustalenie prawa oraz wyp\u0142ata \u015bwiadczenia nast\u0105pi do 31 grudnia 2023 r.<\/p>\n<p>Natomiast w przypadk\u00f3w wniosk\u00f3w z\u0142o\u017conych w okresie <strong>od 1 listopada 2023r. do 31 grudnia 2023r<\/strong>., ustalenie prawa oraz wyp\u0142ata \u015bwiadczenia nast\u0105pi do 29 lutego 2024 r.<\/p>\n<h4>Prawo do \u015bwiadczenia z Funduszu alimentacyjnego b\u0119dzie ustalone na okres od <strong>1 pa\u017adziernika\u00a0 2023 r. do 30 wrze\u015bnia 2024 r.\u00a0\u00a0<\/strong><\/h4>\n<p>Kryterium dochodowe przy ustalaniu prawa do \u015bwiadczenia z funduszu alimentacyjnego na okres 2023\/2024 wynosi <strong>1209 z<\/strong>\u0142.<\/p>\n<p>W przypadku wniosk\u00f3w z\u0142o\u017conych do <strong>31 sierpnia 2023 r<\/strong>., ustalenie prawa oraz wyp\u0142ata \u015bwiadcze\u0144 wyst\u0119puje do\u00a0 31 pa\u017adziernika 2023r.<\/p>\n<p>W kwestii wniosk\u00f3w z\u0142o\u017conych w okresie od<strong> 1 wrze\u015bnia\u00a0 2023 r<\/strong>. <strong>do 30 wrze\u015bnia 2023 r.<\/strong>, ustalenie prawa oraz wyp\u0142ata przys\u0142uguj\u0105cych \u015bwiadcze\u0144 nast\u0119puje do 30 listopada 2023 r.<\/p>\n<p>W przypadku wniosk\u00f3w z\u0142o\u017conych <strong>od 1 pa\u017adziernika 2023 r<\/strong>. <strong>do 31 pa\u017adziernika 2023 r.<\/strong>, ustalenie prawa oraz wyp\u0142ata przys\u0142uguj\u0105cych \u015bwiadcze\u0144 nast\u0119puje do 31 grudnia 2023r.<\/p>\n<p>W przypadku wniosk\u00f3w z\u0142o\u017conych<strong> od 1 listopada 2023 r.<\/strong> <strong>do 30 listopada 2023 r.<\/strong>, ustalenie prawa oraz wyp\u0142ata przys\u0142uguj\u0105cych \u015bwiadcze\u0144 nast\u0119puje do 31 stycznia 2024 r.<\/p>\n<p>W przypadku wniosk\u00f3w z\u0142o\u017conych w okresie <strong>od 1 grudnia 2023 r<\/strong>.<strong> do 31 stycznia 2024 r<\/strong>., ustalenie prawa oraz wyp\u0142ata przys\u0142uguj\u0105cych \u015bwiadcze\u0144 nast\u0119puje do 29 lutego 2024 r.<\/p>\n<p>Szczeg\u00f3\u0142owych informacji mo\u017cna uzyska\u0107 osobi\u015bcie w Gminnym O\u015brodku Pomocy Spo\u0142ecznej w Urszulinie ul. Lubelska 31 w pokoju nr 2 lub pod nr tel.: \\82\\ 592-00-06.<\/p>\n","protected":false},"excerpt":{"rendered":"<p>Informacja o rozpocz\u0119ciu naboru wniosk\u00f3w na zasi\u0142ek rodzinny wraz z dodatkami oraz fundusz alimentacyjny na nowy okres zasi\u0142kowy 2023\/2024<\/p>\n","protected":false},"author":1,"featured_media":1498,"comment_status":"closed","ping_status":"closed","sticky":false,"template":"","format":"standard","meta":{"footnotes":""},"categories":[119],"tags":[73,13,184,44],"class_list":["post-902","post","type-post","status-publish","format-standard","has-post-thumbnail","hentry","category-informacja","tag-fundusz-alimentacyjny","tag-informacja","tag-nowy-okres-zasilkowy","tag-swiadczenia-rodzinne"],"yoast_head":"<!-- This site is optimized with the Yoast SEO plugin v27.4 - https:\/\/yoast.com\/product\/yoast-seo-wordpress\/ -->\n<title>Nowy okres zasi\u0142kowy 2023\/2024 - Gminny O\u015brodek Pomocy Spo\u0142ecznej w Urszulinie<\/title>\n<meta name=\"description\" content=\"Informacja o rozpocz\u0119ciu naboru wniosk\u00f3w na zasi\u0142ek rodzinny wraz z dodatkami oraz fundusz alimentacyjny na nowy okres zasi\u0142kowy 2023\/2024\" \/>\n<meta name=\"robots\" content=\"index, follow, max-snippet:-1, max-image-preview:large, max-video-preview:-1\" \/>\n<link rel=\"canonical\" href=\"https:\/\/gops-urszulin.pl\/index.php\/2023\/08\/29\/nowy-okres-zasilkowy-2023-2024\/\" \/>\n<meta property=\"og:locale\" content=\"pl_PL\" \/>\n<meta property=\"og:type\" content=\"article\" \/>\n<meta property=\"og:title\" content=\"Nowy okres zasi\u0142kowy 2023\/2024 - Gminny O\u015brodek Pomocy Spo\u0142ecznej w Urszulinie\" \/>\n<meta property=\"og:description\" content=\"Informacja o rozpocz\u0119ciu naboru wniosk\u00f3w na zasi\u0142ek rodzinny wraz z dodatkami oraz fundusz alimentacyjny na nowy okres zasi\u0142kowy 2023\/2024\" \/>\n<meta property=\"og:url\" content=\"https:\/\/gops-urszulin.pl\/index.php\/2023\/08\/29\/nowy-okres-zasilkowy-2023-2024\/\" \/>\n<meta property=\"og:site_name\" content=\"Gminny O\u015brodek Pomocy Spo\u0142ecznej w Urszulinie\" \/>\n<meta property=\"article:published_time\" content=\"2023-08-29T08:21:00+00:00\" \/>\n<meta property=\"article:modified_time\" content=\"2025-03-19T10:08:16+00:00\" \/>\n<meta property=\"og:image\" content=\"https:\/\/gops-urszulin.pl\/wp-content\/uploads\/2025\/03\/ahtung.png\" \/>\n\t<meta property=\"og:image:width\" content=\"260\" \/>\n\t<meta property=\"og:image:height\" content=\"140\" \/>\n\t<meta property=\"og:image:type\" content=\"image\/png\" \/>\n<meta name=\"author\" content=\"admin\" \/>\n<meta name=\"twitter:card\" content=\"summary_large_image\" \/>\n<meta name=\"twitter:label1\" content=\"Napisane przez\" \/>\n\t<meta name=\"twitter:data1\" content=\"admin\" \/>\n\t<meta name=\"twitter:label2\" content=\"Szacowany czas czytania\" \/>\n\t<meta name=\"twitter:data2\" content=\"3 minuty\" \/>\n<script type=\"application\/ld+json\" class=\"yoast-schema-graph\">{\"@context\":\"https:\\\/\\\/schema.org\",\"@graph\":[{\"@type\":\"Article\",\"@id\":\"https:\\\/\\\/gops-urszulin.pl\\\/index.php\\\/2023\\\/08\\\/29\\\/nowy-okres-zasilkowy-2023-2024\\\/#article\",\"isPartOf\":{\"@id\":\"https:\\\/\\\/gops-urszulin.pl\\\/index.php\\\/2023\\\/08\\\/29\\\/nowy-okres-zasilkowy-2023-2024\\\/\"},\"author\":{\"name\":\"admin\",\"@id\":\"https:\\\/\\\/gops-urszulin.pl\\\/#\\\/schema\\\/person\\\/4321ac06fcb9fcbcb4e6e099f2b2dd6f\"},\"headline\":\"Nowy okres zasi\u0142kowy 2023\\\/2024\",\"datePublished\":\"2023-08-29T08:21:00+00:00\",\"dateModified\":\"2025-03-19T10:08:16+00:00\",\"mainEntityOfPage\":{\"@id\":\"https:\\\/\\\/gops-urszulin.pl\\\/index.php\\\/2023\\\/08\\\/29\\\/nowy-okres-zasilkowy-2023-2024\\\/\"},\"wordCount\":397,\"image\":{\"@id\":\"https:\\\/\\\/gops-urszulin.pl\\\/index.php\\\/2023\\\/08\\\/29\\\/nowy-okres-zasilkowy-2023-2024\\\/#primaryimage\"},\"thumbnailUrl\":\"https:\\\/\\\/gops-urszulin.pl\\\/wp-content\\\/uploads\\\/2025\\\/03\\\/ahtung.png\",\"keywords\":[\"fundusz alimentacyjny\",\"informacja\",\"nowy okres zasi\u0142kowy\",\"\u015bwiadczenia rodzinne\"],\"articleSection\":[\"Informacja\"],\"inLanguage\":\"pl-PL\"},{\"@type\":\"WebPage\",\"@id\":\"https:\\\/\\\/gops-urszulin.pl\\\/index.php\\\/2023\\\/08\\\/29\\\/nowy-okres-zasilkowy-2023-2024\\\/\",\"url\":\"https:\\\/\\\/gops-urszulin.pl\\\/index.php\\\/2023\\\/08\\\/29\\\/nowy-okres-zasilkowy-2023-2024\\\/\",\"name\":\"Nowy okres zasi\u0142kowy 2023\\\/2024 - Gminny O\u015brodek Pomocy Spo\u0142ecznej w Urszulinie\",\"isPartOf\":{\"@id\":\"https:\\\/\\\/gops-urszulin.pl\\\/#website\"},\"primaryImageOfPage\":{\"@id\":\"https:\\\/\\\/gops-urszulin.pl\\\/index.php\\\/2023\\\/08\\\/29\\\/nowy-okres-zasilkowy-2023-2024\\\/#primaryimage\"},\"image\":{\"@id\":\"https:\\\/\\\/gops-urszulin.pl\\\/index.php\\\/2023\\\/08\\\/29\\\/nowy-okres-zasilkowy-2023-2024\\\/#primaryimage\"},\"thumbnailUrl\":\"https:\\\/\\\/gops-urszulin.pl\\\/wp-content\\\/uploads\\\/2025\\\/03\\\/ahtung.png\",\"datePublished\":\"2023-08-29T08:21:00+00:00\",\"dateModified\":\"2025-03-19T10:08:16+00:00\",\"author\":{\"@id\":\"https:\\\/\\\/gops-urszulin.pl\\\/#\\\/schema\\\/person\\\/4321ac06fcb9fcbcb4e6e099f2b2dd6f\"},\"description\":\"Informacja o rozpocz\u0119ciu naboru wniosk\u00f3w na zasi\u0142ek rodzinny wraz z dodatkami oraz fundusz alimentacyjny na nowy okres zasi\u0142kowy 2023\\\/2024\",\"breadcrumb\":{\"@id\":\"https:\\\/\\\/gops-urszulin.pl\\\/index.php\\\/2023\\\/08\\\/29\\\/nowy-okres-zasilkowy-2023-2024\\\/#breadcrumb\"},\"inLanguage\":\"pl-PL\",\"potentialAction\":[{\"@type\":\"ReadAction\",\"target\":[\"https:\\\/\\\/gops-urszulin.pl\\\/index.php\\\/2023\\\/08\\\/29\\\/nowy-okres-zasilkowy-2023-2024\\\/\"]}]},{\"@type\":\"ImageObject\",\"inLanguage\":\"pl-PL\",\"@id\":\"https:\\\/\\\/gops-urszulin.pl\\\/index.php\\\/2023\\\/08\\\/29\\\/nowy-okres-zasilkowy-2023-2024\\\/#primaryimage\",\"url\":\"https:\\\/\\\/gops-urszulin.pl\\\/wp-content\\\/uploads\\\/2025\\\/03\\\/ahtung.png\",\"contentUrl\":\"https:\\\/\\\/gops-urszulin.pl\\\/wp-content\\\/uploads\\\/2025\\\/03\\\/ahtung.png\",\"width\":260,\"height\":140,\"caption\":\"logo komunikatu\"},{\"@type\":\"BreadcrumbList\",\"@id\":\"https:\\\/\\\/gops-urszulin.pl\\\/index.php\\\/2023\\\/08\\\/29\\\/nowy-okres-zasilkowy-2023-2024\\\/#breadcrumb\",\"itemListElement\":[{\"@type\":\"ListItem\",\"position\":1,\"name\":\"Strona g\u0142\u00f3wna\",\"item\":\"https:\\\/\\\/gops-urszulin.pl\\\/\"},{\"@type\":\"ListItem\",\"position\":2,\"name\":\"Nowy okres zasi\u0142kowy 2023\\\/2024\"}]},{\"@type\":\"WebSite\",\"@id\":\"https:\\\/\\\/gops-urszulin.pl\\\/#website\",\"url\":\"https:\\\/\\\/gops-urszulin.pl\\\/\",\"name\":\"Gminny O\u015brodek Pomocy Spo\u0142ecznej w Urszulinie\",\"description\":\"\",\"potentialAction\":[{\"@type\":\"SearchAction\",\"target\":{\"@type\":\"EntryPoint\",\"urlTemplate\":\"https:\\\/\\\/gops-urszulin.pl\\\/?s={search_term_string}\"},\"query-input\":{\"@type\":\"PropertyValueSpecification\",\"valueRequired\":true,\"valueName\":\"search_term_string\"}}],\"inLanguage\":\"pl-PL\"},{\"@type\":\"Person\",\"@id\":\"https:\\\/\\\/gops-urszulin.pl\\\/#\\\/schema\\\/person\\\/4321ac06fcb9fcbcb4e6e099f2b2dd6f\",\"name\":\"admin\",\"sameAs\":[\"http:\\\/\\\/gops-urszulin.pl\"],\"url\":\"https:\\\/\\\/gops-urszulin.pl\\\/index.php\\\/author\\\/marek\\\/\"}]}<\/script>\n<!-- \/ Yoast SEO plugin. -->","yoast_head_json":{"title":"Nowy okres zasi\u0142kowy 2023\/2024 - Gminny O\u015brodek Pomocy Spo\u0142ecznej w Urszulinie","description":"Informacja o rozpocz\u0119ciu naboru wniosk\u00f3w na zasi\u0142ek rodzinny wraz z dodatkami oraz fundusz alimentacyjny na nowy okres zasi\u0142kowy 2023\/2024","robots":{"index":"index","follow":"follow","max-snippet":"max-snippet:-1","max-image-preview":"max-image-preview:large","max-video-preview":"max-video-preview:-1"},"canonical":"https:\/\/gops-urszulin.pl\/index.php\/2023\/08\/29\/nowy-okres-zasilkowy-2023-2024\/","og_locale":"pl_PL","og_type":"article","og_title":"Nowy okres zasi\u0142kowy 2023\/2024 - Gminny O\u015brodek Pomocy Spo\u0142ecznej w Urszulinie","og_description":"Informacja o rozpocz\u0119ciu naboru wniosk\u00f3w na zasi\u0142ek rodzinny wraz z dodatkami oraz fundusz alimentacyjny na nowy okres zasi\u0142kowy 2023\/2024","og_url":"https:\/\/gops-urszulin.pl\/index.php\/2023\/08\/29\/nowy-okres-zasilkowy-2023-2024\/","og_site_name":"Gminny O\u015brodek Pomocy Spo\u0142ecznej w Urszulinie","article_published_time":"2023-08-29T08:21:00+00:00","article_modified_time":"2025-03-19T10:08:16+00:00","og_image":[{"width":260,"height":140,"url":"https:\/\/gops-urszulin.pl\/wp-content\/uploads\/2025\/03\/ahtung.png","type":"image\/png"}],"author":"admin","twitter_card":"summary_large_image","twitter_misc":{"Napisane przez":"admin","Szacowany czas czytania":"3 minuty"},"schema":{"@context":"https:\/\/schema.org","@graph":[{"@type":"Article","@id":"https:\/\/gops-urszulin.pl\/index.php\/2023\/08\/29\/nowy-okres-zasilkowy-2023-2024\/#article","isPartOf":{"@id":"https:\/\/gops-urszulin.pl\/index.php\/2023\/08\/29\/nowy-okres-zasilkowy-2023-2024\/"},"author":{"name":"admin","@id":"https:\/\/gops-urszulin.pl\/#\/schema\/person\/4321ac06fcb9fcbcb4e6e099f2b2dd6f"},"headline":"Nowy okres zasi\u0142kowy 2023\/2024","datePublished":"2023-08-29T08:21:00+00:00","dateModified":"2025-03-19T10:08:16+00:00","mainEntityOfPage":{"@id":"https:\/\/gops-urszulin.pl\/index.php\/2023\/08\/29\/nowy-okres-zasilkowy-2023-2024\/"},"wordCount":397,"image":{"@id":"https:\/\/gops-urszulin.pl\/index.php\/2023\/08\/29\/nowy-okres-zasilkowy-2023-2024\/#primaryimage"},"thumbnailUrl":"https:\/\/gops-urszulin.pl\/wp-content\/uploads\/2025\/03\/ahtung.png","keywords":["fundusz alimentacyjny","informacja","nowy okres zasi\u0142kowy","\u015bwiadczenia rodzinne"],"articleSection":["Informacja"],"inLanguage":"pl-PL"},{"@type":"WebPage","@id":"https:\/\/gops-urszulin.pl\/index.php\/2023\/08\/29\/nowy-okres-zasilkowy-2023-2024\/","url":"https:\/\/gops-urszulin.pl\/index.php\/2023\/08\/29\/nowy-okres-zasilkowy-2023-2024\/","name":"Nowy okres zasi\u0142kowy 2023\/2024 - Gminny O\u015brodek Pomocy Spo\u0142ecznej w Urszulinie","isPartOf":{"@id":"https:\/\/gops-urszulin.pl\/#website"},"primaryImageOfPage":{"@id":"https:\/\/gops-urszulin.pl\/index.php\/2023\/08\/29\/nowy-okres-zasilkowy-2023-2024\/#primaryimage"},"image":{"@id":"https:\/\/gops-urszulin.pl\/index.php\/2023\/08\/29\/nowy-okres-zasilkowy-2023-2024\/#primaryimage"},"thumbnailUrl":"https:\/\/gops-urszulin.pl\/wp-content\/uploads\/2025\/03\/ahtung.png","datePublished":"2023-08-29T08:21:00+00:00","dateModified":"2025-03-19T10:08:16+00:00","author":{"@id":"https:\/\/gops-urszulin.pl\/#\/schema\/person\/4321ac06fcb9fcbcb4e6e099f2b2dd6f"},"description":"Informacja o rozpocz\u0119ciu naboru wniosk\u00f3w na zasi\u0142ek rodzinny wraz z dodatkami oraz fundusz alimentacyjny na nowy okres zasi\u0142kowy 2023\/2024","breadcrumb":{"@id":"https:\/\/gops-urszulin.pl\/index.php\/2023\/08\/29\/nowy-okres-zasilkowy-2023-2024\/#breadcrumb"},"inLanguage":"pl-PL","potentialAction":[{"@type":"ReadAction","target":["https:\/\/gops-urszulin.pl\/index.php\/2023\/08\/29\/nowy-okres-zasilkowy-2023-2024\/"]}]},{"@type":"ImageObject","inLanguage":"pl-PL","@id":"https:\/\/gops-urszulin.pl\/index.php\/2023\/08\/29\/nowy-okres-zasilkowy-2023-2024\/#primaryimage","url":"https:\/\/gops-urszulin.pl\/wp-content\/uploads\/2025\/03\/ahtung.png","contentUrl":"https:\/\/gops-urszulin.pl\/wp-content\/uploads\/2025\/03\/ahtung.png","width":260,"height":140,"caption":"logo komunikatu"},{"@type":"BreadcrumbList","@id":"https:\/\/gops-urszulin.pl\/index.php\/2023\/08\/29\/nowy-okres-zasilkowy-2023-2024\/#breadcrumb","itemListElement":[{"@type":"ListItem","position":1,"name":"Strona g\u0142\u00f3wna","item":"https:\/\/gops-urszulin.pl\/"},{"@type":"ListItem","position":2,"name":"Nowy okres zasi\u0142kowy 2023\/2024"}]},{"@type":"WebSite","@id":"https:\/\/gops-urszulin.pl\/#website","url":"https:\/\/gops-urszulin.pl\/","name":"Gminny O\u015brodek Pomocy Spo\u0142ecznej w Urszulinie","description":"","potentialAction":[{"@type":"SearchAction","target":{"@type":"EntryPoint","urlTemplate":"https:\/\/gops-urszulin.pl\/?s={search_term_string}"},"query-input":{"@type":"PropertyValueSpecification","valueRequired":true,"valueName":"search_term_string"}}],"inLanguage":"pl-PL"},{"@type":"Person","@id":"https:\/\/gops-urszulin.pl\/#\/schema\/person\/4321ac06fcb9fcbcb4e6e099f2b2dd6f","name":"admin","sameAs":["https:\/\/gops-urszulin.pl"],"url":"https:\/\/gops-urszulin.pl\/index.php\/author\/marek\/"}]}},"_links":{"self":[{"href":"https:\/\/gops-urszulin.pl\/index.php\/wp-json\/wp\/v2\/posts\/902","targetHints":{"allow":["GET"]}}],"collection":[{"href":"https:\/\/gops-urszulin.pl\/index.php\/wp-json\/wp\/v2\/posts"}],"about":[{"href":"https:\/\/gops-urszulin.pl\/index.php\/wp-json\/wp\/v2\/types\/post"}],"author":[{"embeddable":true,"href":"https:\/\/gops-urszulin.pl\/index.php\/wp-json\/wp\/v2\/users\/1"}],"replies":[{"embeddable":true,"href":"https:\/\/gops-urszulin.pl\/index.php\/wp-json\/wp\/v2\/comments?post=902"}],"version-history":[{"count":5,"href":"https:\/\/gops-urszulin.pl\/index.php\/wp-json\/wp\/v2\/posts\/902\/revisions"}],"predecessor-version":[{"id":1360,"href":"https:\/\/gops-urszulin.pl\/index.php\/wp-json\/wp\/v2\/posts\/902\/revisions\/1360"}],"wp:featuredmedia":[{"embeddable":true,"href":"https:\/\/gops-urszulin.pl\/index.php\/wp-json\/wp\/v2\/media\/1498"}],"wp:attachment":[{"href":"https:\/\/gops-urszulin.pl\/index.php\/wp-json\/wp\/v2\/media?parent=902"}],"wp:term":[{"taxonomy":"category","embeddable":true,"href":"https:\/\/gops-urszulin.pl\/index.php\/wp-json\/wp\/v2\/categories?post=902"},{"taxonomy":"post_tag","embeddable":true,"href":"https:\/\/gops-urszulin.pl\/index.php\/wp-json\/wp\/v2\/tags?post=902"}],"curies":[{"name":"wp","href":"https:\/\/api.w.org\/{rel}","templated":true}]}}