{"id":64,"date":"2019-05-08T15:02:04","date_gmt":"2019-05-08T13:02:04","guid":{"rendered":"https:\/\/gops-urszulin.pl\/?p=64"},"modified":"2025-03-10T14:32:51","modified_gmt":"2025-03-10T13:32:51","slug":"zapraszamy-do-skladania-ofert-na-przygotowanie-pomieszczen-na-potrzeby-klubu-seniora","status":"publish","type":"post","link":"https:\/\/gops-urszulin.pl\/index.php\/2019\/05\/08\/zapraszamy-do-skladania-ofert-na-przygotowanie-pomieszczen-na-potrzeby-klubu-seniora\/","title":{"rendered":"Zapraszamy do sk\u0142adania ofert na przygotowanie pomieszcze\u0144 na potrzeby Klubu Seniora"},"content":{"rendered":"<p>W dniu 08.05.2019 r. Gmina Urszulin realizator Gminny O\u015brodek Pomocy Spo\u0142ecznej w Urszulinie zaprasza do sk\u0142adania ofert na\u00a0<strong>przygotowanie pomieszcze\u0144 na potrzeby Klubu Seniora\u00a0<\/strong>w zwi\u0105zku z realizacj\u0105 Projektu\u00a0<strong><em>,,Nie jeste\u015bmy sami \u2013 kompleksowy program wsparcia os\u00f3b niesamodzielnych i niepe\u0142nosprawnych z Gminy Urszulin\u201d<\/em><\/strong>\u00a0wsp\u00f3\u0142finansowanego ze \u015brodk\u00f3w Europejskiego Funduszu Spo\u0142ecznego w ramach Osi Priorytetowej 11 W\u0142\u0105czenie spo\u0142eczne, Dzia\u0142anie 11.2 Us\u0142ugi spo\u0142eczne i zdrowotne Regionalnego Programu Operacyjnego Wojew\u00f3dztwa Lubelskiego na lata 2014- 2020.<\/p>\n<p>Szczeg\u00f3\u0142y w za\u0142\u0105cznikach:<\/p>\n<ul>\n<li><a href=\"https:\/\/gops-urszulin.pl\/wp-content\/uploads\/2023\/10\/Zapytanie-ofertowe-1.pdf\">Zapytanie ofertowe<\/a><\/li>\n<li><a href=\"https:\/\/gops-urszulin.pl\/wp-content\/uploads\/2023\/10\/Przedmiar.pdf\">Przedmiar<\/a><\/li>\n<li><a href=\"https:\/\/gops-urszulin.pl\/wp-content\/uploads\/2019\/05\/Za%C5%82%C4%85cznik-nr-1-Formularz-ofertowy-1.docx\">za\u0142. 1 \u2013 formularz ofertowy<\/a><\/li>\n<li><a href=\"https:\/\/gops-urszulin.pl\/wp-content\/uploads\/2023\/10\/Zalacznik-nr-2-wzor-Umowy.pdf\">za\u0142. 2 \u2013 wz\u00f3r umowy<\/a><\/li>\n<li><a href=\"https:\/\/gops-urszulin.pl\/wp-content\/uploads\/2019\/05\/Za%C5%82%C4%85cznik-nr-3-Klauzula-informacyjna.docx\">za\u0142. 3 \u2013 klauzula informacyjna o przetwarzaniu danych osobowych<\/a><\/li>\n<\/ul>\n","protected":false},"excerpt":{"rendered":"<p>Zapraszamy do sk\u0142adania ofert na\u00a0przygotowanie pomieszcze\u0144 na potrzeby Klubu Seniora\u00a0w zwi\u0105zku z realizacj\u0105 projektu\u00a0,,Nie jeste\u015bmy sami&#8221;<\/p>\n","protected":false},"author":1,"featured_media":0,"comment_status":"closed","ping_status":"closed","sticky":false,"template":"","format":"standard","meta":{"footnotes":""},"categories":[7,92],"tags":[66,93,58],"class_list":["post-64","post","type-post","status-publish","format-standard","hentry","category-archiwum","category-nie-jestesmy-sami","tag-klub-seniora","tag-nie-jestesmy-sami","tag-ogloszenie"],"yoast_head":"<!-- This site is optimized with the Yoast SEO plugin v27.4 - https:\/\/yoast.com\/product\/yoast-seo-wordpress\/ -->\n<title>Zapytanie ofertowe na przygotowanie pomieszcze\u0144 Klubu Seniora\u00a0<\/title>\n<meta name=\"description\" content=\"Zapraszamy do sk\u0142adania ofert na\u00a0przygotowanie pomieszcze\u0144 na potrzeby Klubu Seniora\u00a0w zwi\u0105zku z realizacj\u0105 Projektu\u00a0,,Nie jeste\u015bmy sami&quot;\" \/>\n<meta name=\"robots\" content=\"index, follow, max-snippet:-1, max-image-preview:large, max-video-preview:-1\" \/>\n<link rel=\"canonical\" href=\"https:\/\/gops-urszulin.pl\/index.php\/2019\/05\/08\/zapraszamy-do-skladania-ofert-na-przygotowanie-pomieszczen-na-potrzeby-klubu-seniora\/\" \/>\n<meta property=\"og:locale\" content=\"pl_PL\" \/>\n<meta property=\"og:type\" content=\"article\" \/>\n<meta property=\"og:title\" content=\"Zapytanie ofertowe na przygotowanie pomieszcze\u0144 Klubu Seniora\u00a0\" \/>\n<meta property=\"og:description\" content=\"Zapraszamy do sk\u0142adania ofert na\u00a0przygotowanie pomieszcze\u0144 na potrzeby Klubu Seniora\u00a0w zwi\u0105zku z realizacj\u0105 Projektu\u00a0,,Nie jeste\u015bmy sami&quot;\" \/>\n<meta property=\"og:url\" content=\"https:\/\/gops-urszulin.pl\/index.php\/2019\/05\/08\/zapraszamy-do-skladania-ofert-na-przygotowanie-pomieszczen-na-potrzeby-klubu-seniora\/\" \/>\n<meta property=\"og:site_name\" content=\"Gminny O\u015brodek Pomocy Spo\u0142ecznej w Urszulinie\" \/>\n<meta property=\"article:published_time\" content=\"2019-05-08T13:02:04+00:00\" \/>\n<meta property=\"article:modified_time\" content=\"2025-03-10T13:32:51+00:00\" \/>\n<meta name=\"author\" content=\"admin\" \/>\n<meta name=\"twitter:card\" content=\"summary_large_image\" \/>\n<meta name=\"twitter:label1\" content=\"Napisane przez\" \/>\n\t<meta name=\"twitter:data1\" content=\"admin\" \/>\n\t<meta name=\"twitter:label2\" content=\"Szacowany czas czytania\" \/>\n\t<meta name=\"twitter:data2\" content=\"1 minuta\" \/>\n<script type=\"application\/ld+json\" class=\"yoast-schema-graph\">{\"@context\":\"https:\\\/\\\/schema.org\",\"@graph\":[{\"@type\":\"Article\",\"@id\":\"https:\\\/\\\/gops-urszulin.pl\\\/index.php\\\/2019\\\/05\\\/08\\\/zapraszamy-do-skladania-ofert-na-przygotowanie-pomieszczen-na-potrzeby-klubu-seniora\\\/#article\",\"isPartOf\":{\"@id\":\"https:\\\/\\\/gops-urszulin.pl\\\/index.php\\\/2019\\\/05\\\/08\\\/zapraszamy-do-skladania-ofert-na-przygotowanie-pomieszczen-na-potrzeby-klubu-seniora\\\/\"},\"author\":{\"name\":\"admin\",\"@id\":\"https:\\\/\\\/gops-urszulin.pl\\\/#\\\/schema\\\/person\\\/4321ac06fcb9fcbcb4e6e099f2b2dd6f\"},\"headline\":\"Zapraszamy do sk\u0142adania ofert na przygotowanie pomieszcze\u0144 na potrzeby Klubu Seniora\",\"datePublished\":\"2019-05-08T13:02:04+00:00\",\"dateModified\":\"2025-03-10T13:32:51+00:00\",\"mainEntityOfPage\":{\"@id\":\"https:\\\/\\\/gops-urszulin.pl\\\/index.php\\\/2019\\\/05\\\/08\\\/zapraszamy-do-skladania-ofert-na-przygotowanie-pomieszczen-na-potrzeby-klubu-seniora\\\/\"},\"wordCount\":116,\"keywords\":[\"Klub Seniora\",\"Nie jeste\u015bmy sami\",\"og\u0142oszenie\"],\"articleSection\":[\"Archiwum\",\"Nie jeste\u015bmy sami\"],\"inLanguage\":\"pl-PL\"},{\"@type\":\"WebPage\",\"@id\":\"https:\\\/\\\/gops-urszulin.pl\\\/index.php\\\/2019\\\/05\\\/08\\\/zapraszamy-do-skladania-ofert-na-przygotowanie-pomieszczen-na-potrzeby-klubu-seniora\\\/\",\"url\":\"https:\\\/\\\/gops-urszulin.pl\\\/index.php\\\/2019\\\/05\\\/08\\\/zapraszamy-do-skladania-ofert-na-przygotowanie-pomieszczen-na-potrzeby-klubu-seniora\\\/\",\"name\":\"Zapytanie ofertowe na przygotowanie pomieszcze\u0144 Klubu Seniora\u00a0\",\"isPartOf\":{\"@id\":\"https:\\\/\\\/gops-urszulin.pl\\\/#website\"},\"datePublished\":\"2019-05-08T13:02:04+00:00\",\"dateModified\":\"2025-03-10T13:32:51+00:00\",\"author\":{\"@id\":\"https:\\\/\\\/gops-urszulin.pl\\\/#\\\/schema\\\/person\\\/4321ac06fcb9fcbcb4e6e099f2b2dd6f\"},\"description\":\"Zapraszamy do sk\u0142adania ofert na\u00a0przygotowanie pomieszcze\u0144 na potrzeby Klubu Seniora\u00a0w zwi\u0105zku z realizacj\u0105 Projektu\u00a0,,Nie jeste\u015bmy sami\\\"\",\"breadcrumb\":{\"@id\":\"https:\\\/\\\/gops-urszulin.pl\\\/index.php\\\/2019\\\/05\\\/08\\\/zapraszamy-do-skladania-ofert-na-przygotowanie-pomieszczen-na-potrzeby-klubu-seniora\\\/#breadcrumb\"},\"inLanguage\":\"pl-PL\",\"potentialAction\":[{\"@type\":\"ReadAction\",\"target\":[\"https:\\\/\\\/gops-urszulin.pl\\\/index.php\\\/2019\\\/05\\\/08\\\/zapraszamy-do-skladania-ofert-na-przygotowanie-pomieszczen-na-potrzeby-klubu-seniora\\\/\"]}]},{\"@type\":\"BreadcrumbList\",\"@id\":\"https:\\\/\\\/gops-urszulin.pl\\\/index.php\\\/2019\\\/05\\\/08\\\/zapraszamy-do-skladania-ofert-na-przygotowanie-pomieszczen-na-potrzeby-klubu-seniora\\\/#breadcrumb\",\"itemListElement\":[{\"@type\":\"ListItem\",\"position\":1,\"name\":\"Strona g\u0142\u00f3wna\",\"item\":\"https:\\\/\\\/gops-urszulin.pl\\\/\"},{\"@type\":\"ListItem\",\"position\":2,\"name\":\"Zapraszamy do sk\u0142adania ofert na przygotowanie pomieszcze\u0144 na potrzeby Klubu Seniora\"}]},{\"@type\":\"WebSite\",\"@id\":\"https:\\\/\\\/gops-urszulin.pl\\\/#website\",\"url\":\"https:\\\/\\\/gops-urszulin.pl\\\/\",\"name\":\"Gminny O\u015brodek Pomocy Spo\u0142ecznej w Urszulinie\",\"description\":\"\",\"potentialAction\":[{\"@type\":\"SearchAction\",\"target\":{\"@type\":\"EntryPoint\",\"urlTemplate\":\"https:\\\/\\\/gops-urszulin.pl\\\/?s={search_term_string}\"},\"query-input\":{\"@type\":\"PropertyValueSpecification\",\"valueRequired\":true,\"valueName\":\"search_term_string\"}}],\"inLanguage\":\"pl-PL\"},{\"@type\":\"Person\",\"@id\":\"https:\\\/\\\/gops-urszulin.pl\\\/#\\\/schema\\\/person\\\/4321ac06fcb9fcbcb4e6e099f2b2dd6f\",\"name\":\"admin\",\"sameAs\":[\"http:\\\/\\\/gops-urszulin.pl\"],\"url\":\"https:\\\/\\\/gops-urszulin.pl\\\/index.php\\\/author\\\/marek\\\/\"}]}<\/script>\n<!-- \/ Yoast SEO plugin. -->","yoast_head_json":{"title":"Zapytanie ofertowe na przygotowanie pomieszcze\u0144 Klubu Seniora\u00a0","description":"Zapraszamy do sk\u0142adania ofert na\u00a0przygotowanie pomieszcze\u0144 na potrzeby Klubu Seniora\u00a0w zwi\u0105zku z realizacj\u0105 Projektu\u00a0,,Nie jeste\u015bmy sami\"","robots":{"index":"index","follow":"follow","max-snippet":"max-snippet:-1","max-image-preview":"max-image-preview:large","max-video-preview":"max-video-preview:-1"},"canonical":"https:\/\/gops-urszulin.pl\/index.php\/2019\/05\/08\/zapraszamy-do-skladania-ofert-na-przygotowanie-pomieszczen-na-potrzeby-klubu-seniora\/","og_locale":"pl_PL","og_type":"article","og_title":"Zapytanie ofertowe na przygotowanie pomieszcze\u0144 Klubu Seniora\u00a0","og_description":"Zapraszamy do sk\u0142adania ofert na\u00a0przygotowanie pomieszcze\u0144 na potrzeby Klubu Seniora\u00a0w zwi\u0105zku z realizacj\u0105 Projektu\u00a0,,Nie jeste\u015bmy sami\"","og_url":"https:\/\/gops-urszulin.pl\/index.php\/2019\/05\/08\/zapraszamy-do-skladania-ofert-na-przygotowanie-pomieszczen-na-potrzeby-klubu-seniora\/","og_site_name":"Gminny O\u015brodek Pomocy Spo\u0142ecznej w Urszulinie","article_published_time":"2019-05-08T13:02:04+00:00","article_modified_time":"2025-03-10T13:32:51+00:00","author":"admin","twitter_card":"summary_large_image","twitter_misc":{"Napisane przez":"admin","Szacowany czas czytania":"1 minuta"},"schema":{"@context":"https:\/\/schema.org","@graph":[{"@type":"Article","@id":"https:\/\/gops-urszulin.pl\/index.php\/2019\/05\/08\/zapraszamy-do-skladania-ofert-na-przygotowanie-pomieszczen-na-potrzeby-klubu-seniora\/#article","isPartOf":{"@id":"https:\/\/gops-urszulin.pl\/index.php\/2019\/05\/08\/zapraszamy-do-skladania-ofert-na-przygotowanie-pomieszczen-na-potrzeby-klubu-seniora\/"},"author":{"name":"admin","@id":"https:\/\/gops-urszulin.pl\/#\/schema\/person\/4321ac06fcb9fcbcb4e6e099f2b2dd6f"},"headline":"Zapraszamy do sk\u0142adania ofert na przygotowanie pomieszcze\u0144 na potrzeby Klubu Seniora","datePublished":"2019-05-08T13:02:04+00:00","dateModified":"2025-03-10T13:32:51+00:00","mainEntityOfPage":{"@id":"https:\/\/gops-urszulin.pl\/index.php\/2019\/05\/08\/zapraszamy-do-skladania-ofert-na-przygotowanie-pomieszczen-na-potrzeby-klubu-seniora\/"},"wordCount":116,"keywords":["Klub Seniora","Nie jeste\u015bmy sami","og\u0142oszenie"],"articleSection":["Archiwum","Nie jeste\u015bmy sami"],"inLanguage":"pl-PL"},{"@type":"WebPage","@id":"https:\/\/gops-urszulin.pl\/index.php\/2019\/05\/08\/zapraszamy-do-skladania-ofert-na-przygotowanie-pomieszczen-na-potrzeby-klubu-seniora\/","url":"https:\/\/gops-urszulin.pl\/index.php\/2019\/05\/08\/zapraszamy-do-skladania-ofert-na-przygotowanie-pomieszczen-na-potrzeby-klubu-seniora\/","name":"Zapytanie ofertowe na przygotowanie pomieszcze\u0144 Klubu Seniora\u00a0","isPartOf":{"@id":"https:\/\/gops-urszulin.pl\/#website"},"datePublished":"2019-05-08T13:02:04+00:00","dateModified":"2025-03-10T13:32:51+00:00","author":{"@id":"https:\/\/gops-urszulin.pl\/#\/schema\/person\/4321ac06fcb9fcbcb4e6e099f2b2dd6f"},"description":"Zapraszamy do sk\u0142adania ofert na\u00a0przygotowanie pomieszcze\u0144 na potrzeby Klubu Seniora\u00a0w zwi\u0105zku z realizacj\u0105 Projektu\u00a0,,Nie jeste\u015bmy sami\"","breadcrumb":{"@id":"https:\/\/gops-urszulin.pl\/index.php\/2019\/05\/08\/zapraszamy-do-skladania-ofert-na-przygotowanie-pomieszczen-na-potrzeby-klubu-seniora\/#breadcrumb"},"inLanguage":"pl-PL","potentialAction":[{"@type":"ReadAction","target":["https:\/\/gops-urszulin.pl\/index.php\/2019\/05\/08\/zapraszamy-do-skladania-ofert-na-przygotowanie-pomieszczen-na-potrzeby-klubu-seniora\/"]}]},{"@type":"BreadcrumbList","@id":"https:\/\/gops-urszulin.pl\/index.php\/2019\/05\/08\/zapraszamy-do-skladania-ofert-na-przygotowanie-pomieszczen-na-potrzeby-klubu-seniora\/#breadcrumb","itemListElement":[{"@type":"ListItem","position":1,"name":"Strona g\u0142\u00f3wna","item":"https:\/\/gops-urszulin.pl\/"},{"@type":"ListItem","position":2,"name":"Zapraszamy do sk\u0142adania ofert na przygotowanie pomieszcze\u0144 na potrzeby Klubu Seniora"}]},{"@type":"WebSite","@id":"https:\/\/gops-urszulin.pl\/#website","url":"https:\/\/gops-urszulin.pl\/","name":"Gminny O\u015brodek Pomocy Spo\u0142ecznej w Urszulinie","description":"","potentialAction":[{"@type":"SearchAction","target":{"@type":"EntryPoint","urlTemplate":"https:\/\/gops-urszulin.pl\/?s={search_term_string}"},"query-input":{"@type":"PropertyValueSpecification","valueRequired":true,"valueName":"search_term_string"}}],"inLanguage":"pl-PL"},{"@type":"Person","@id":"https:\/\/gops-urszulin.pl\/#\/schema\/person\/4321ac06fcb9fcbcb4e6e099f2b2dd6f","name":"admin","sameAs":["https:\/\/gops-urszulin.pl"],"url":"https:\/\/gops-urszulin.pl\/index.php\/author\/marek\/"}]}},"_links":{"self":[{"href":"https:\/\/gops-urszulin.pl\/index.php\/wp-json\/wp\/v2\/posts\/64","targetHints":{"allow":["GET"]}}],"collection":[{"href":"https:\/\/gops-urszulin.pl\/index.php\/wp-json\/wp\/v2\/posts"}],"about":[{"href":"https:\/\/gops-urszulin.pl\/index.php\/wp-json\/wp\/v2\/types\/post"}],"author":[{"embeddable":true,"href":"https:\/\/gops-urszulin.pl\/index.php\/wp-json\/wp\/v2\/users\/1"}],"replies":[{"embeddable":true,"href":"https:\/\/gops-urszulin.pl\/index.php\/wp-json\/wp\/v2\/comments?post=64"}],"version-history":[{"count":4,"href":"https:\/\/gops-urszulin.pl\/index.php\/wp-json\/wp\/v2\/posts\/64\/revisions"}],"predecessor-version":[{"id":1366,"href":"https:\/\/gops-urszulin.pl\/index.php\/wp-json\/wp\/v2\/posts\/64\/revisions\/1366"}],"wp:attachment":[{"href":"https:\/\/gops-urszulin.pl\/index.php\/wp-json\/wp\/v2\/media?parent=64"}],"wp:term":[{"taxonomy":"category","embeddable":true,"href":"https:\/\/gops-urszulin.pl\/index.php\/wp-json\/wp\/v2\/categories?post=64"},{"taxonomy":"post_tag","embeddable":true,"href":"https:\/\/gops-urszulin.pl\/index.php\/wp-json\/wp\/v2\/tags?post=64"}],"curies":[{"name":"wp","href":"https:\/\/api.w.org\/{rel}","templated":true}]}}