{"id":523,"date":"2021-06-28T11:51:01","date_gmt":"2021-06-28T09:51:01","guid":{"rendered":"https:\/\/gops-urszulin.pl\/?p=523"},"modified":"2023-10-16T11:51:45","modified_gmt":"2023-10-16T09:51:45","slug":"dodatek-mieszkaniowy-od-1-lipca-2021r","status":"publish","type":"post","link":"https:\/\/gops-urszulin.pl\/index.php\/2021\/06\/28\/dodatek-mieszkaniowy-od-1-lipca-2021r\/","title":{"rendered":"Dodatek mieszkaniowy od 1 lipca 2021r."},"content":{"rendered":"<h4><strong>Kr\u0105g os\u00f3b uprawnionych do dodatku mieszkaniowego<\/strong><\/h4>\n<p>W\u015br\u00f3d podmiot\u00f3w uprawnionych do dodatku mieszkaniowego od 1.07.2021 r. ustawodawca wymienia:<\/p>\n<ul>\n<li>najemc\u00f3w albo podnajemc\u00f3w lokali mieszkalnych, zamieszkuj\u0105cych w tych lokalach;<\/li>\n<li>osoby mieszkaj\u0105ce w lokalach mieszkalnych, do kt\u00f3rych przys\u0142uguje im sp\u00f3\u0142dzielcze prawo do lokalu mieszkalnego;<\/li>\n<li>osoby mieszkaj\u0105ce w lokalach mieszkalnych znajduj\u0105cych si\u0119 w budynkach stanowi\u0105cych ich w\u0142asno\u015b\u0107 i w\u0142a\u015bcicielom samodzielnych lokali mieszkalnych;<\/li>\n<li>inne osoby maj\u0105ce tytu\u0142 prawny do zajmowanego lokalu mieszkalnego i ponosz\u0105ce wydatki zwi\u0105zane z jego zajmowaniem;<\/li>\n<li>osoby zajmuj\u0105ce lokal mieszkalny bez tytu\u0142u prawnego, oczekuj\u0105ce na przys\u0142uguj\u0105cy im lokal zamienny albo najem socjalny lokalu.<\/li>\n<\/ul>\n<p>Najemcy oraz podnajemcy ubiegaj\u0105cy si\u0119 o dodatek mieszkaniowy musz\u0105 spe\u0142nia\u0107 warunek zamieszkiwania w wynajmowanym lub podnajmowanym lokalu.<\/p>\n<h4><strong>Kr\u0105g os\u00f3b kt\u00f3re nie mog\u0105 ubiega\u0107 si\u0119 o dodatek mieszkaniowy<\/strong><\/h4>\n<p>Dodatek mieszkaniowy nie przys\u0142uguje osobom, je\u017celi przebywaj\u0105 w:<\/p>\n<ul>\n<li>domu pomocy spo\u0142ecznej,<\/li>\n<li>m\u0142odzie\u017cowym o\u015brodku wychowawczym,<\/li>\n<li>schronisku dla nieletnich,<\/li>\n<li>zak\u0142adzie poprawczym,<\/li>\n<li>zak\u0142adzie karnym,<\/li>\n<li>szkole, w tym w szkole wojskowej,<\/li>\n<\/ul>\n<p>pod warunkiem \u017ce instytucje te zapewniaj\u0105 nieodp\u0142atnie pe\u0142ne ca\u0142odobowe utrzymanie.<\/p>\n<h4><strong style=\"color: initial;\">Definicja dochodu<\/strong><\/h4>\n<p>Nowelizuj\u0105c ustaw\u0119, ustawodawca ca\u0142kowicie zrezygnowa\u0142 z dotychczasowej definicji dochodu.<\/p>\n<p>Od 1. 07. 2021 r. przez doch\u00f3d nale\u017c rozumie\u0107 doch\u00f3d, o kt\u00f3rym mowa w art. 3 pkt 1 ustawy z 28.11.2003 r. o \u015bwiadczeniach rodzinnych. Ustawa o \u015bwiadczeniach rodzinnych przez doch\u00f3d rozumie po odliczeniu kwot aliment\u00f3w \u015bwiadczonych na rzecz innych os\u00f3b:<\/p>\n<p>a) przychody podlegaj\u0105ce opodatkowaniu na zasadach okre\u015blonych w art. 27, 30b, 30c, 30e i 30f ustawy z 26.07.1991 r. o podatku dochodowym od os\u00f3b fizycznych, pomniejszone o koszty uzyskania przychodu, nale\u017cny podatek dochodowy od os\u00f3b fizycznych, sk\u0142adki na ubezpieczenia spo\u0142eczne niezaliczone do koszt\u00f3w uzyskania przychodu oraz sk\u0142adki na ubezpieczenie zdrowotne,<\/p>\n<p>b) doch\u00f3d z dzia\u0142alno\u015bci podlegaj\u0105cej opodatkowaniu na podstawie przepis\u00f3w o zrycza\u0142towanym podatku dochodowym od niekt\u00f3rych przychod\u00f3w osi\u0105ganych przez osoby fizyczne,<\/p>\n<p>c) inne dochody niepodlegaj\u0105ce opodatkowaniu na podstawie przepis\u00f3w o podatku dochodowym od os\u00f3b fizycznych.<\/p>\n<p>Poza zmian\u0105 definicji dochodu, od 01.07.2021r wprowadzono uregulowanie odnosz\u0105ce si\u0119 do obliczania dochodu z gospodarstwa rolnego. W przypadku posiadania tytu\u0142u prawnego do gospodarstwa rolnego doch\u00f3d z tego gospodarstwa ustala si\u0119 na podstawie powierzchni grunt\u00f3w w hektarach przeliczeniowych i wysoko\u015bci przeci\u0119tnego dochodu z pracy w indywidualnych gospodarstwach rolnych z 1 ha przeliczeniowego, ostatnio og\u0142aszanego przez Prezesa GUS na podstawie art. 18 ustawy z 15.11.1984 r. o podatku rolnym, bez wzgl\u0119du na fakt, czy ziemia uprawiana jest bezpo\u015brednio przez w\u0142a\u015bciciela, czy oddana w dzier\u017caw\u0119, doch\u00f3d ustala si\u0119 tak samo, bior\u0105c pod uwag\u0119 wielko\u015b\u0107 gospodarstwa rolnego.<\/p>\n<p>Regulacje odnosz\u0105ce si\u0119 do dochodu z pozarolniczej dzia\u0142alno\u015bci gospodarczej, z uwzgl\u0119dnieniem formy jej rozliczenia stanowi\u0105, \u017ce w przypadku gdy pozarolnicza dzia\u0142alno\u015b\u0107 gospodarcza rozliczana jest na zasadach og\u00f3lnych, tj. zasadach okre\u015blonych w przepisach ustawy o podatku dochodowym od os\u00f3b fizycznych, w\u00f3wczas doch\u00f3d ustala si\u0119 na podstawie o\u015bwiadczenia wnioskodawcy lub za\u015bwiadczenia wydanego przez naczelnika w\u0142a\u015bciwego urz\u0119du skarbowego. Je\u017celi natomiast pozarolnicza dzia\u0142alno\u015b\u0107 gospodarcza podlega opodatkowaniu na podstawie przepis\u00f3w ustawy z 20.11.1998 r. o zrycza\u0142towanym podatku dochodowym od niekt\u00f3rych przychod\u00f3w osi\u0105ganych przez osoby fizyczne, przyjmuje si\u0119 doch\u00f3d miesi\u0119czny w wysoko\u015bci 1\/12 dochodu og\u0142aszanego corocznie, w drodze obwieszczenia ministra w\u0142a\u015bciwego do spraw rodziny, o kt\u00f3rym mowa w art. 5 ust. 7a u.\u015b.r.<\/p>\n<p>Obliczaj\u0105c doch\u00f3d, nie uwzgl\u0119dnia si\u0119 dochodu osoby, kt\u00f3ra przebywa w instytucji zapewniaj\u0105cej nieodp\u0142atnie pe\u0142ne ca\u0142odobowe utrzymanie takich jak: dom pomocy spo\u0142ecznej, m\u0142odzie\u017cowy o\u015brodek wychowawczy, schronisko dla nieletnich, zak\u0142ad poprawczy, zak\u0142ad karny, szko\u0142a, w tym w szko\u0142a wojskowa.<\/p>\n<h4><strong>Kryterium dochodowe przyznania dodatku mieszkaniowego<\/strong><\/h4>\n<p>Ustawodawca wskutek nowelizacji ustawy o dodatkach mieszkaniowych zrezygnowa\u0142 z odniesienia si\u0119 do najni\u017cszej emerytury na rzecz kwoty przeci\u0119tnego wynagrodzenia w gospodarce narodowej obowi\u0105zuj\u0105cego w dniu z\u0142o\u017cenia wniosku, ostatnio og\u0142oszonego przez Prezesa GUS na podstawie art. 20 pkt 1 lit. a ustawy z 17.12.1998 r. o emeryturach i rentach z Funduszu Ubezpiecze\u0144 Spo\u0142ecznych.<\/p>\n<p>Od 1.07.2021 r. dodatek mieszkaniowy przys\u0142uguje podmiotom uprawnionym do dodatku mieszkaniowego, je\u017celi w okresie 3 miesi\u0119cy poprzedzaj\u0105cych dat\u0119 z\u0142o\u017cenia wniosku o jego przyznanie \u015bredni miesi\u0119czny doch\u00f3d przypadaj\u0105cy na jednego cz\u0142onka gospodarstwa domowego wnioskodawcy nie przekroczy\u0142 w gospodarstwie:<\/p>\n<ol>\n<li>jednoosobowym \u2013 40%,<\/li>\n<li>wieloosobowym \u2013 30%<\/li>\n<\/ol>\n<ul>\n<li>przeci\u0119tnego wynagrodzenia w gospodarce narodowej, obowi\u0105zuj\u0105cego w dniu z\u0142o\u017cenia wniosku, z uwzgl\u0119dnieniem art. 6 ust. 8 i art. 7 ust. 6 u.d.m. Oznacza to, \u017ce w przypadku, gdy \u015bredni miesi\u0119czny doch\u00f3d na jednego cz\u0142onka gospodarstwa domowego jest wy\u017cszy od okre\u015blonego powy\u017cej, a kwota nadwy\u017cki nie przekracza wysoko\u015bci dodatku mieszkaniowego, nale\u017cny dodatek mieszkaniowy obni\u017ca si\u0119 o t\u0119 kwot\u0119.<\/li>\n<\/ul>\n<p>Dodatku mieszkaniowego nie przyznaje si\u0119, je\u017celi jego kwota by\u0142aby ni\u017csza ni\u017c 0,5% kwoty przeci\u0119tnego wynagrodzenia w gospodarce narodowej, obowi\u0105zuj\u0105cego w dniu wydania decyzji.<\/p>\n<h4><strong style=\"color: initial;\">Definicja gospodarstwa domowego<\/strong><\/h4>\n<p>W sk\u0142ad gospodarstwa domowego wnioskodawcy ubiegaj\u0105cego si\u0119 o dodatek mieszkaniowy wchodz\u0105 osoby zamieszkuj\u0105ce wsp\u00f3lnie z wnioskodawc\u0105 i wsp\u00f3lnie z nim gospodaruj\u0105ce. Zatem przez gospodarstwo domowe rozumie\u0107 nale\u017cy gospodarstwo prowadzone przez osob\u0119 ubiegaj\u0105c\u0105 si\u0119 o przyznanie dodatku mieszkaniowego, samodzielnie zajmuj\u0105c\u0105 lokal mieszkalny albo gospodarstwo prowadzone przez t\u0119 osob\u0119 wsp\u00f3lnie z ma\u0142\u017conkiem i innymi osobami stale z ni\u0105 zamieszkuj\u0105cymi i gospodaruj\u0105cymi, kt\u00f3re swoje prawa do zamieszkiwania w lokalu wywodz\u0105 z prawa tej osoby. Do cz\u0142onk\u00f3w gospodarstwa domowego nie wlicza si\u0119 os\u00f3b przebywaj\u0105cych w instytucjach zapewniaj\u0105cych nieodp\u0142atnie pe\u0142ne ca\u0142odobowe utrzymanie.<\/p>\n<h4><strong style=\"color: initial;\">Wniosek o dodatek mieszkaniowy<\/strong><\/h4>\n<p>art. 7 ust. 1c i 1d ustawy szczeg\u00f3\u0142owo wymienia, jakie informacje i dane, dotycz\u0105ce wnioskodawcy i cz\u0142onk\u00f3w jego gospodarstwa domowego, powinny zosta\u0107 wskazane we wniosku o przyznanie dodatku mieszkaniowego oraz w deklaracji o dochodach gospodarstwa domowego.<\/p>\n<p>W odniesieniu do wniosku o dodatek mieszkaniowy winien on zawiera\u0107 nast\u0119puj\u0105ce informacje:<\/p>\n<p>1) imi\u0119 i nazwisko wnioskodawcy oraz numer PESEL albo numer dokumentu potwierdzaj\u0105cego to\u017csamo\u015b\u0107 wnioskodawcy w przypadku braku numeru PESEL;<\/p>\n<p>2) adres zamieszkania wnioskodawcy;<\/p>\n<p>3) wskazanie nazwy i adresu zarz\u0105dcy budynku albo innej osoby uprawnionej do pobierania nale\u017cno\u015bci za lokal mieszkalny;<\/p>\n<p>4) okre\u015blenie tytu\u0142u prawnego do lokalu mieszkalnego;<\/p>\n<p>5) informacj\u0119 o powierzchni u\u017cytkowej lokalu, w tym o \u0142\u0105cznej powierzchni pokoi i kuchni oraz o powierzchni zajmowanej przez wnioskodawc\u0119, w przypadku najmu albo podnajmu cz\u0119\u015bci lokalu;<\/p>\n<p>6) informacj\u0119 o liczbie os\u00f3b niepe\u0142nosprawnych, w tym o liczbie os\u00f3b poruszaj\u0105cych si\u0119 na w\u00f3zku inwalidzkim oraz o liczbie innych os\u00f3b niepe\u0142nosprawnych, kt\u00f3rych niepe\u0142nosprawno\u015b\u0107 wymaga zamieszkiwania w oddzielnym pokoju;<\/p>\n<p>7) informacje dotycz\u0105ce technicznego wyposa\u017cenia zajmowanego lokalu mieszkalnego o:<\/p>\n<p>a) sposobie ogrzewania lokalu (wyposa\u017cenie w centralne ogrzewanie),<\/p>\n<p>b) sposobie przygotowywania ciep\u0142ej wody u\u017cytkowej (wyposa\u017cenie w centraln\u0105 instalacj\u0119 ciep\u0142ej wody),<\/p>\n<p>c) instalacji gazu przewodowego;<\/p>\n<p>8) informacj\u0119 o liczbie os\u00f3b wchodz\u0105cych w sk\u0142ad gospodarstwa domowego oraz o \u0142\u0105cznych dochodach cz\u0142onk\u00f3w gospodarstwa domowego;<\/p>\n<p>9) informacj\u0119 o \u0142\u0105cznej kwocie wydatk\u00f3w na lokal mieszkalny, o kt\u00f3rych mowa w art. 6 ust. 3\u20134a u.d.m., za ostatni miesi\u0105c;<\/p>\n<p>10) potwierdzenie informacji, o kt\u00f3rych mowa w art. 7 ust. 1c pkt 2-5 oraz 7 i 9 u.d.m., przez zarz\u0105dc\u0119 budynku albo inn\u0105 osob\u0119 uprawnion\u0105 do pobierania nale\u017cno\u015bci za lokal mieszkalny.<\/p>\n<p>Deklaracja o dochodach gospodarstwa domowego za okres trzech miesi\u0119cy poprzedzaj\u0105cych dzie\u0144 z\u0142o\u017cenia wniosku winna okre\u015bla\u0107:<\/p>\n<ol>\n<li>dane osobowe wnioskodawcy: imi\u0119 i nazwisko, adres zamieszkania, dat\u0119 urodzenia, miejsce pracy lub nauki i \u017ar\u00f3d\u0142a dochodu oraz jego wysoko\u015b\u0107;<\/li>\n<li>dane osobowe os\u00f3b wchodz\u0105cych w sk\u0142ad gospodarstwa domowego: imi\u0119 i nazwisko, dat\u0119 urodzenia, stopie\u0144 pokrewie\u0144stwa z wnioskodawc\u0105, miejsce pracy lub nauki i \u017ar\u00f3d\u0142a dochod\u00f3w oraz ich wysoko\u015b\u0107;<\/li>\n<li>informacj\u0119 o sumie dochod\u00f3w cz\u0142onk\u00f3w gospodarstwa domowego;<\/li>\n<li>informacj\u0119 o wysoko\u015bci \u015bredniego miesi\u0119cznego dochodu na jednego cz\u0142onka gospodarstwa domowego.<\/li>\n<\/ol>\n<p>Przedmiotowa deklaracja, a tak\u017ce o\u015bwiadczenie w\u0142a\u015bciciela domu jednorodzinnego o wielko\u015bci powierzchni u\u017cytkowej, w tym \u0142\u0105cznej powierzchni pokoi i kuchni, oraz o wyposa\u017ceniu technicznym domu sk\u0142ada si\u0119 pod rygorem odpowiedzialno\u015bci karnej za sk\u0142adanie fa\u0142szywych o\u015bwiadcze\u0144.<\/p>\n<p>Wnioskodawca umieszcza w tych dokumentach klauzul\u0119 w brzmieniu: \u201eJestem \u015bwiadomy odpowiedzialno\u015bci karnej za z\u0142o\u017cenie fa\u0142szywego o\u015bwiadczenia.\u201d.<\/p>\n<p>Klauzula ta zast\u0119puje pouczenie organu o odpowiedzialno\u015bci karnej za sk\u0142adanie fa\u0142szywych o\u015bwiadcze\u0144.<\/p>\n<h4><strong>Przes\u0142anka odmowy przyznania prawa do dodatku mieszkaniowego<\/strong><\/h4>\n<p>Zgodnie z ustaw\u0105 o dodatkach mieszkaniowych organ przyznaj\u0105cy dodatek mieszkaniowy uprawniony jest do przeprowadzenia wywiadu \u015brodowiskowego, kt\u00f3rego celem jest ustalenie sytuacji dochodowej wnioskodawcy i os\u00f3b z nim gospodaruj\u0105cych, a wynik przeprowadzonego wywiadu \u015brodowiskowego mo\u017ce zawa\u017cy\u0107 na ustaleniu, czy wnioskodawca b\u0119dzie uprawniony do otrzymania dodatku mieszkaniowego, czy te\u017c nie. Niewyra\u017cenie zgody na przeprowadzenie wywiadu \u015brodowiskowego stanowi podstaw\u0119 do odmowy przyznania dodatku mieszkaniowego.<\/p>\n<p><strong>Wniosek o przyznanie dodatku mieszkaniowego oraz<\/strong>\u00a0<strong>deklaracja o dochodach gospodarstwa domowego mo\u017cesz pobra\u0107 klikaj\u0105c <a href=\"https:\/\/gops-urszulin.pl\/wp-content\/uploads\/2023\/10\/wniosek2021-dm.pdf\">tutaj<\/a> lub w zak\u0142adce <a href=\"https:\/\/gops-urszulin.pl\/index.php\/2023\/10\/09\/wnioski\/\">Wnioski<\/a><\/strong><\/p>\n","protected":false},"excerpt":{"rendered":"<p>Nowe wytyczne dotycz\u0105ce dodatku mieszkaniowego w zwi\u0105zku z wchodz\u0105cymi zmianami do 1 lipca 2021 r. <\/p>\n","protected":false},"author":1,"featured_media":0,"comment_status":"closed","ping_status":"closed","sticky":false,"template":"","format":"standard","meta":{"footnotes":""},"categories":[133],"tags":[86,13,137],"class_list":["post-523","post","type-post","status-publish","format-standard","hentry","category-dodatek-mieszkaniowy","tag-dodatek-mieszkaniowy","tag-informacja","tag-zmiany"],"yoast_head":"<!-- This site is optimized with the Yoast SEO plugin v27.4 - https:\/\/yoast.com\/product\/yoast-seo-wordpress\/ -->\n<title>Dodatek mieszkaniowy od 1 lipca 2021r. - Gminny O\u015brodek Pomocy Spo\u0142ecznej w Urszulinie<\/title>\n<meta name=\"description\" content=\"Nowe wytyczne dotycz\u0105ce dodatku mieszkaniowego w zwi\u0105zku z wchodz\u0105cymi zmianami do 1 lipca 2021 r.\" \/>\n<meta name=\"robots\" content=\"index, follow, max-snippet:-1, max-image-preview:large, max-video-preview:-1\" \/>\n<link rel=\"canonical\" href=\"https:\/\/gops-urszulin.pl\/index.php\/2021\/06\/28\/dodatek-mieszkaniowy-od-1-lipca-2021r\/\" \/>\n<meta property=\"og:locale\" content=\"pl_PL\" \/>\n<meta property=\"og:type\" content=\"article\" \/>\n<meta property=\"og:title\" content=\"Dodatek mieszkaniowy od 1 lipca 2021r. - Gminny O\u015brodek Pomocy Spo\u0142ecznej w Urszulinie\" \/>\n<meta property=\"og:description\" content=\"Nowe wytyczne dotycz\u0105ce dodatku mieszkaniowego w zwi\u0105zku z wchodz\u0105cymi zmianami do 1 lipca 2021 r.\" \/>\n<meta property=\"og:url\" content=\"https:\/\/gops-urszulin.pl\/index.php\/2021\/06\/28\/dodatek-mieszkaniowy-od-1-lipca-2021r\/\" \/>\n<meta property=\"og:site_name\" content=\"Gminny O\u015brodek Pomocy Spo\u0142ecznej w Urszulinie\" \/>\n<meta property=\"article:published_time\" content=\"2021-06-28T09:51:01+00:00\" \/>\n<meta property=\"article:modified_time\" content=\"2023-10-16T09:51:45+00:00\" \/>\n<meta name=\"author\" content=\"admin\" \/>\n<meta name=\"twitter:card\" content=\"summary_large_image\" \/>\n<meta name=\"twitter:label1\" content=\"Napisane przez\" \/>\n\t<meta name=\"twitter:data1\" content=\"admin\" \/>\n\t<meta name=\"twitter:label2\" content=\"Szacowany czas czytania\" \/>\n\t<meta name=\"twitter:data2\" content=\"8 minut\" \/>\n<script type=\"application\/ld+json\" class=\"yoast-schema-graph\">{\"@context\":\"https:\\\/\\\/schema.org\",\"@graph\":[{\"@type\":\"Article\",\"@id\":\"https:\\\/\\\/gops-urszulin.pl\\\/index.php\\\/2021\\\/06\\\/28\\\/dodatek-mieszkaniowy-od-1-lipca-2021r\\\/#article\",\"isPartOf\":{\"@id\":\"https:\\\/\\\/gops-urszulin.pl\\\/index.php\\\/2021\\\/06\\\/28\\\/dodatek-mieszkaniowy-od-1-lipca-2021r\\\/\"},\"author\":{\"name\":\"admin\",\"@id\":\"https:\\\/\\\/gops-urszulin.pl\\\/#\\\/schema\\\/person\\\/4321ac06fcb9fcbcb4e6e099f2b2dd6f\"},\"headline\":\"Dodatek mieszkaniowy od 1 lipca 2021r.\",\"datePublished\":\"2021-06-28T09:51:01+00:00\",\"dateModified\":\"2023-10-16T09:51:45+00:00\",\"mainEntityOfPage\":{\"@id\":\"https:\\\/\\\/gops-urszulin.pl\\\/index.php\\\/2021\\\/06\\\/28\\\/dodatek-mieszkaniowy-od-1-lipca-2021r\\\/\"},\"wordCount\":1540,\"keywords\":[\"dodatek mieszkaniowy\",\"informacja\",\"zmiany\"],\"articleSection\":[\"Dodatek mieszkaniowy\"],\"inLanguage\":\"pl-PL\"},{\"@type\":\"WebPage\",\"@id\":\"https:\\\/\\\/gops-urszulin.pl\\\/index.php\\\/2021\\\/06\\\/28\\\/dodatek-mieszkaniowy-od-1-lipca-2021r\\\/\",\"url\":\"https:\\\/\\\/gops-urszulin.pl\\\/index.php\\\/2021\\\/06\\\/28\\\/dodatek-mieszkaniowy-od-1-lipca-2021r\\\/\",\"name\":\"Dodatek mieszkaniowy od 1 lipca 2021r. - Gminny O\u015brodek Pomocy Spo\u0142ecznej w Urszulinie\",\"isPartOf\":{\"@id\":\"https:\\\/\\\/gops-urszulin.pl\\\/#website\"},\"datePublished\":\"2021-06-28T09:51:01+00:00\",\"dateModified\":\"2023-10-16T09:51:45+00:00\",\"author\":{\"@id\":\"https:\\\/\\\/gops-urszulin.pl\\\/#\\\/schema\\\/person\\\/4321ac06fcb9fcbcb4e6e099f2b2dd6f\"},\"description\":\"Nowe wytyczne dotycz\u0105ce dodatku mieszkaniowego w zwi\u0105zku z wchodz\u0105cymi zmianami do 1 lipca 2021 r.\",\"breadcrumb\":{\"@id\":\"https:\\\/\\\/gops-urszulin.pl\\\/index.php\\\/2021\\\/06\\\/28\\\/dodatek-mieszkaniowy-od-1-lipca-2021r\\\/#breadcrumb\"},\"inLanguage\":\"pl-PL\",\"potentialAction\":[{\"@type\":\"ReadAction\",\"target\":[\"https:\\\/\\\/gops-urszulin.pl\\\/index.php\\\/2021\\\/06\\\/28\\\/dodatek-mieszkaniowy-od-1-lipca-2021r\\\/\"]}]},{\"@type\":\"BreadcrumbList\",\"@id\":\"https:\\\/\\\/gops-urszulin.pl\\\/index.php\\\/2021\\\/06\\\/28\\\/dodatek-mieszkaniowy-od-1-lipca-2021r\\\/#breadcrumb\",\"itemListElement\":[{\"@type\":\"ListItem\",\"position\":1,\"name\":\"Strona g\u0142\u00f3wna\",\"item\":\"https:\\\/\\\/gops-urszulin.pl\\\/\"},{\"@type\":\"ListItem\",\"position\":2,\"name\":\"Dodatek mieszkaniowy od 1 lipca 2021r.\"}]},{\"@type\":\"WebSite\",\"@id\":\"https:\\\/\\\/gops-urszulin.pl\\\/#website\",\"url\":\"https:\\\/\\\/gops-urszulin.pl\\\/\",\"name\":\"Gminny O\u015brodek Pomocy Spo\u0142ecznej w Urszulinie\",\"description\":\"\",\"potentialAction\":[{\"@type\":\"SearchAction\",\"target\":{\"@type\":\"EntryPoint\",\"urlTemplate\":\"https:\\\/\\\/gops-urszulin.pl\\\/?s={search_term_string}\"},\"query-input\":{\"@type\":\"PropertyValueSpecification\",\"valueRequired\":true,\"valueName\":\"search_term_string\"}}],\"inLanguage\":\"pl-PL\"},{\"@type\":\"Person\",\"@id\":\"https:\\\/\\\/gops-urszulin.pl\\\/#\\\/schema\\\/person\\\/4321ac06fcb9fcbcb4e6e099f2b2dd6f\",\"name\":\"admin\",\"sameAs\":[\"http:\\\/\\\/gops-urszulin.pl\"],\"url\":\"https:\\\/\\\/gops-urszulin.pl\\\/index.php\\\/author\\\/marek\\\/\"}]}<\/script>\n<!-- \/ Yoast SEO plugin. -->","yoast_head_json":{"title":"Dodatek mieszkaniowy od 1 lipca 2021r. - Gminny O\u015brodek Pomocy Spo\u0142ecznej w Urszulinie","description":"Nowe wytyczne dotycz\u0105ce dodatku mieszkaniowego w zwi\u0105zku z wchodz\u0105cymi zmianami do 1 lipca 2021 r.","robots":{"index":"index","follow":"follow","max-snippet":"max-snippet:-1","max-image-preview":"max-image-preview:large","max-video-preview":"max-video-preview:-1"},"canonical":"https:\/\/gops-urszulin.pl\/index.php\/2021\/06\/28\/dodatek-mieszkaniowy-od-1-lipca-2021r\/","og_locale":"pl_PL","og_type":"article","og_title":"Dodatek mieszkaniowy od 1 lipca 2021r. - Gminny O\u015brodek Pomocy Spo\u0142ecznej w Urszulinie","og_description":"Nowe wytyczne dotycz\u0105ce dodatku mieszkaniowego w zwi\u0105zku z wchodz\u0105cymi zmianami do 1 lipca 2021 r.","og_url":"https:\/\/gops-urszulin.pl\/index.php\/2021\/06\/28\/dodatek-mieszkaniowy-od-1-lipca-2021r\/","og_site_name":"Gminny O\u015brodek Pomocy Spo\u0142ecznej w Urszulinie","article_published_time":"2021-06-28T09:51:01+00:00","article_modified_time":"2023-10-16T09:51:45+00:00","author":"admin","twitter_card":"summary_large_image","twitter_misc":{"Napisane przez":"admin","Szacowany czas czytania":"8 minut"},"schema":{"@context":"https:\/\/schema.org","@graph":[{"@type":"Article","@id":"https:\/\/gops-urszulin.pl\/index.php\/2021\/06\/28\/dodatek-mieszkaniowy-od-1-lipca-2021r\/#article","isPartOf":{"@id":"https:\/\/gops-urszulin.pl\/index.php\/2021\/06\/28\/dodatek-mieszkaniowy-od-1-lipca-2021r\/"},"author":{"name":"admin","@id":"https:\/\/gops-urszulin.pl\/#\/schema\/person\/4321ac06fcb9fcbcb4e6e099f2b2dd6f"},"headline":"Dodatek mieszkaniowy od 1 lipca 2021r.","datePublished":"2021-06-28T09:51:01+00:00","dateModified":"2023-10-16T09:51:45+00:00","mainEntityOfPage":{"@id":"https:\/\/gops-urszulin.pl\/index.php\/2021\/06\/28\/dodatek-mieszkaniowy-od-1-lipca-2021r\/"},"wordCount":1540,"keywords":["dodatek mieszkaniowy","informacja","zmiany"],"articleSection":["Dodatek mieszkaniowy"],"inLanguage":"pl-PL"},{"@type":"WebPage","@id":"https:\/\/gops-urszulin.pl\/index.php\/2021\/06\/28\/dodatek-mieszkaniowy-od-1-lipca-2021r\/","url":"https:\/\/gops-urszulin.pl\/index.php\/2021\/06\/28\/dodatek-mieszkaniowy-od-1-lipca-2021r\/","name":"Dodatek mieszkaniowy od 1 lipca 2021r. - Gminny O\u015brodek Pomocy Spo\u0142ecznej w Urszulinie","isPartOf":{"@id":"https:\/\/gops-urszulin.pl\/#website"},"datePublished":"2021-06-28T09:51:01+00:00","dateModified":"2023-10-16T09:51:45+00:00","author":{"@id":"https:\/\/gops-urszulin.pl\/#\/schema\/person\/4321ac06fcb9fcbcb4e6e099f2b2dd6f"},"description":"Nowe wytyczne dotycz\u0105ce dodatku mieszkaniowego w zwi\u0105zku z wchodz\u0105cymi zmianami do 1 lipca 2021 r.","breadcrumb":{"@id":"https:\/\/gops-urszulin.pl\/index.php\/2021\/06\/28\/dodatek-mieszkaniowy-od-1-lipca-2021r\/#breadcrumb"},"inLanguage":"pl-PL","potentialAction":[{"@type":"ReadAction","target":["https:\/\/gops-urszulin.pl\/index.php\/2021\/06\/28\/dodatek-mieszkaniowy-od-1-lipca-2021r\/"]}]},{"@type":"BreadcrumbList","@id":"https:\/\/gops-urszulin.pl\/index.php\/2021\/06\/28\/dodatek-mieszkaniowy-od-1-lipca-2021r\/#breadcrumb","itemListElement":[{"@type":"ListItem","position":1,"name":"Strona g\u0142\u00f3wna","item":"https:\/\/gops-urszulin.pl\/"},{"@type":"ListItem","position":2,"name":"Dodatek mieszkaniowy od 1 lipca 2021r."}]},{"@type":"WebSite","@id":"https:\/\/gops-urszulin.pl\/#website","url":"https:\/\/gops-urszulin.pl\/","name":"Gminny O\u015brodek Pomocy Spo\u0142ecznej w Urszulinie","description":"","potentialAction":[{"@type":"SearchAction","target":{"@type":"EntryPoint","urlTemplate":"https:\/\/gops-urszulin.pl\/?s={search_term_string}"},"query-input":{"@type":"PropertyValueSpecification","valueRequired":true,"valueName":"search_term_string"}}],"inLanguage":"pl-PL"},{"@type":"Person","@id":"https:\/\/gops-urszulin.pl\/#\/schema\/person\/4321ac06fcb9fcbcb4e6e099f2b2dd6f","name":"admin","sameAs":["https:\/\/gops-urszulin.pl"],"url":"https:\/\/gops-urszulin.pl\/index.php\/author\/marek\/"}]}},"_links":{"self":[{"href":"https:\/\/gops-urszulin.pl\/index.php\/wp-json\/wp\/v2\/posts\/523","targetHints":{"allow":["GET"]}}],"collection":[{"href":"https:\/\/gops-urszulin.pl\/index.php\/wp-json\/wp\/v2\/posts"}],"about":[{"href":"https:\/\/gops-urszulin.pl\/index.php\/wp-json\/wp\/v2\/types\/post"}],"author":[{"embeddable":true,"href":"https:\/\/gops-urszulin.pl\/index.php\/wp-json\/wp\/v2\/users\/1"}],"replies":[{"embeddable":true,"href":"https:\/\/gops-urszulin.pl\/index.php\/wp-json\/wp\/v2\/comments?post=523"}],"version-history":[{"count":1,"href":"https:\/\/gops-urszulin.pl\/index.php\/wp-json\/wp\/v2\/posts\/523\/revisions"}],"predecessor-version":[{"id":525,"href":"https:\/\/gops-urszulin.pl\/index.php\/wp-json\/wp\/v2\/posts\/523\/revisions\/525"}],"wp:attachment":[{"href":"https:\/\/gops-urszulin.pl\/index.php\/wp-json\/wp\/v2\/media?parent=523"}],"wp:term":[{"taxonomy":"category","embeddable":true,"href":"https:\/\/gops-urszulin.pl\/index.php\/wp-json\/wp\/v2\/categories?post=523"},{"taxonomy":"post_tag","embeddable":true,"href":"https:\/\/gops-urszulin.pl\/index.php\/wp-json\/wp\/v2\/tags?post=523"}],"curies":[{"name":"wp","href":"https:\/\/api.w.org\/{rel}","templated":true}]}}