{"id":519,"date":"2018-05-28T11:21:06","date_gmt":"2018-05-28T09:21:06","guid":{"rendered":"https:\/\/gops-urszulin.pl\/?p=519"},"modified":"2023-10-16T11:22:07","modified_gmt":"2023-10-16T09:22:07","slug":"dodatek-mieszkaniowy-przysluguje","status":"publish","type":"post","link":"https:\/\/gops-urszulin.pl\/index.php\/2018\/05\/28\/dodatek-mieszkaniowy-przysluguje\/","title":{"rendered":"Dodatek mieszkaniowy przys\u0142uguje"},"content":{"rendered":"<p>System dodatk\u00f3w mieszkaniowych, kt\u00f3ry ma na celu pomoc gospodarstwom domowym w ponoszeniu \u015bwiadcze\u0144 okresowych zwi\u0105zanych z zajmowaniem lokalu mieszkalnego lokator\u00f3w znajduj\u0105cych si\u0119 w trudnej sytuacji materialnej funkcjonuje na podstawie ustawy z dnia 21 czerwca 2001 r. o dodatkach mieszkaniowych.<\/p>\n<h4><strong>Zgodnie z tymi przepisami uprawnienia do dodatk\u00f3w mieszkaniowych przys\u0142uguj\u0105 osobom spe\u0142niaj\u0105cym r\u00f3wnocze\u015bnie nast\u0119puj\u0105ce kryteria<\/strong>:<\/h4>\n<ol>\n<li><strong> Posiadaj\u0105 tytu\u0142 prawny do zajmowanego mieszkania lub oczekuj\u0105 na przys\u0142uguj\u0105cy im lokal zamienny lub socjalny.<br \/>\n<\/strong>Oznacza to, \u017ce o dodatek mieszkaniowy mog\u0105 stara\u0107 si\u0119:<\/li>\n<\/ol>\n<ul>\n<li>najemcy i podnajemcy lokali mieszkalnych, stanowi\u0105cych zar\u00f3wno w\u0142asno\u015b\u0107 gmin jak i innych os\u00f3b prawnych lub fizycznych,<\/li>\n<li>osoby zajmuj\u0105ce lokale na podstawie sp\u00f3\u0142dzielczego prawa do lokalu,<\/li>\n<li>w\u0142a\u015bciciele mieszka\u0144,<\/li>\n<li>w\u0142a\u015bciciele budynk\u00f3w zajmuj\u0105cy mieszkania w tych budynkach,<\/li>\n<li>osoby oczekuj\u0105ce na przys\u0142uguj\u0105ce im lokale zamienne,<\/li>\n<li>osoby oczekuj\u0105ce na lokal socjalny przyznany przez s\u0105d w wyroku nakazuj\u0105cym opr\u00f3\u017cnienie lokalu,<\/li>\n<li>osoby oczekuj\u0105ce na lokal socjalny spe\u0142niaj\u0105ce kryteria uprawniaj\u0105ce do otrzymania lokalu socjalnego na terenie danej gminy.<\/li>\n<\/ul>\n<ol start=\"2\">\n<li><strong>\u015aredni miesi\u0119czny doch\u00f3d na jednego cz\u0142onka gospodarstwa domowego w okresie trzech miesi\u0119cy poprzedzaj\u0105cych dat\u0119 z\u0142o\u017cenia wniosku o przyznanie dodatku mieszkaniowego, nie przekracza 175% najni\u017cszej emerytury w gospodarstwie jednoosobowym i 125 proc. w gospodarstwie wieloosobowym.<\/strong><\/li>\n<\/ol>\n<p>Aktualna informacja o wysoko\u015bci najni\u017cszej emerytury znajduje si\u0119 na\u00a0<u><a href=\"http:\/\/www.zus.pl\/default.asp?p=1&amp;id=52\">stronie internetowej ZUS<\/a><\/u><\/p>\n<ul>\n<li>Doch\u00f3d stanowi\u0105 wszelkie przychody po odliczeniu koszt\u00f3w ich uzyskania oraz po odliczeniu sk\u0142adek na ubezpieczenie emerytalne i rentowe oraz na ubezpieczenie chorobowe, okre\u015blonych w przepisach o systemie ubezpiecze\u0144 spo\u0142ecznych, chyba \u017ce zosta\u0142y ju\u017c zaliczone do koszt\u00f3w uzyskania przychodu, jest to doch\u00f3d brutto czyli wraz z podatkiem.<\/li>\n<li>Do dochodu nie wlicza si\u0119 \u015bwiadcze\u0144 pomocy materialnej dla uczni\u00f3w, dodatk\u00f3w dla sierot zupe\u0142nych, jednorazowych zapom\u00f3g z tytu\u0142u urodzenia si\u0119 dziecka, dodatku z tytu\u0142u urodzenia dziecka, pomocy w zakresie do\u017cywiania, zasi\u0142k\u00f3w piel\u0119gnacyjnych, zasi\u0142k\u00f3w okresowych z pomocy spo\u0142ecznej, jednorazowych \u015bwiadcze\u0144 pieni\u0119\u017cnych i \u015bwiadcze\u0144 w naturze z pomocy spo\u0142ecznej, dodatku mieszkaniowego, dodatku energetycznego oraz zapomogi pieni\u0119\u017cnej o kt\u00f3rej mowa w przepisach o zapomodze pieni\u0119\u017cnej dla niekt\u00f3rych emeryt\u00f3w, rencist\u00f3w i os\u00f3b pobieraj\u0105cych \u015bwiadczenie przedemerytalne albo zasi\u0142ek przedemerytalny w 2007 r.<\/li>\n<li>Doch\u00f3d z prowadzenia gospodarstwa rolnego ustala si\u0119 na podstawie powierzchni grunt\u00f3w w hektarach przeliczeniowych i przeci\u0119tnego dochodu z 1 hektara przeliczeniowego, ostatnio og\u0142aszanego przez Prezesa G\u0142\u00f3wnego Urz\u0119du Statystycznego, na podstawie art. 18 Ustawy z dnia 15 listopada 1984 r. o podatku rolnym.<br \/>\nAktualna informacja o wysoko\u015bci przeci\u0119tnego dochodu z 1 ha przeliczeniowego znajduje si\u0119 na\u00a0<u><a href=\"http:\/\/stat.gov.pl\/sygnalne\/komunikaty-i-obwieszczenia\/lista-komunikatow-i-obwieszczen\/obwieszczenie-w-sprawie-wysokosci-przecietnego-dochodu-z-pracy-w-indywidualnych-gospodarstwach-rolnych-z-1-ha-przeliczeniowego-w-2014-r-,278,2.html\">stronie internetowej GUS\u00a0<\/a><\/u>Je\u017celi doch\u00f3d na jednego cz\u0142onka gospodarstwa domowego jest wy\u017cszy od okre\u015blonego wy\u017cej, a kwota nadwy\u017cki nie przekracza wysoko\u015bci dodatku mieszkaniowego, nale\u017cny dodatek obni\u017ca si\u0119 o t\u0119 kwot\u0119.<\/li>\n<\/ul>\n<ol start=\"3\">\n<li><strong>Zajmowany lokal mieszkalny nie jest za du\u017cy w stosunku do liczby os\u00f3b tzn. je\u017celi powierzchnia u\u017cytkowa zajmowanego lokalu nie przekracza powierzchni normatywnej o wi\u0119cej ni\u017c 30 proc. albo 50 proc.\u00a0pod warunkiem, \u017ce udzia\u0142 powierzchni pokoi i kuchni w powierzchni u\u017cytkowej tego lokalu nie przekracza 60 proc.<\/strong><\/li>\n<\/ol>\n<h4>Limity powierzchni mieszkania<\/h4>\n<table style=\"height: 635px;\" width=\"724\">\n<tbody>\n<tr>\n<td><strong>Liczba os\u00f3b w gospodarstwie domowym<\/strong><\/td>\n<td>Powierzchnia normatywna<\/td>\n<td>Powierzchnia normatywna zwi\u0119kszona o 30 proc.\u00a0dopuszczalnego przekroczenia<\/td>\n<td>Powierzchnia normatywna zwi\u0119kszona o 50 proc.\u00a0dopuszczalnego przekroczenia<\/td>\n<\/tr>\n<tr>\n<td>1 osoba<\/td>\n<td>35 m<sup>2<\/sup><\/td>\n<td>45,5 m<sup>2<\/sup><\/td>\n<td>\u00a052,5 m<sup>2<\/sup><\/td>\n<\/tr>\n<tr>\n<td>2 osoby<\/td>\n<td>40 m<sup>2<\/sup><\/td>\n<td>52,0 m<sup>2<\/sup><\/td>\n<td>\u00a060,0 m<sup>2<\/sup><\/td>\n<\/tr>\n<tr>\n<td>3 osoby<\/td>\n<td>45 m<sup>2<\/sup><\/td>\n<td>58,5 m<sup>2<\/sup><\/td>\n<td>\u00a067,5 m<sup>2<\/sup><\/td>\n<\/tr>\n<tr>\n<td>4\u00a0osoby<\/td>\n<td>55 m<sup>2<\/sup><\/td>\n<td>71,5 m<sup>2<\/sup><\/td>\n<td>\u00a082,5 m<sup>2<\/sup><\/td>\n<\/tr>\n<tr>\n<td>5 os\u00f3b<\/td>\n<td>65 m<sup>2<\/sup><\/td>\n<td>84,5 m<sup>2<\/sup><\/td>\n<td>\u00a097,5 m<sup>2<\/sup><\/td>\n<\/tr>\n<tr>\n<td>6 os\u00f3b<\/td>\n<td>70 m<sup>2<\/sup><\/td>\n<td>91,0 m<sup>2<\/sup><\/td>\n<td>\u00a0105,0 m<sup>2<\/sup><\/td>\n<\/tr>\n<\/tbody>\n<\/table>\n","protected":false},"excerpt":{"rendered":"<p>Informacja o warunkach jakie musie spe\u0142ni\u0107 osoba ubiegaj\u0105ca aby przys\u0142ugiwa\u0142 jej dodatek mieszkaniowy<\/p>\n","protected":false},"author":1,"featured_media":0,"comment_status":"closed","ping_status":"closed","sticky":false,"template":"","format":"standard","meta":{"footnotes":""},"categories":[133],"tags":[86,135,13],"class_list":["post-519","post","type-post","status-publish","format-standard","hentry","category-dodatek-mieszkaniowy","tag-dodatek-mieszkaniowy","tag-dodatki","tag-informacja"],"yoast_head":"<!-- This site is optimized with the Yoast SEO plugin v27.4 - https:\/\/yoast.com\/product\/yoast-seo-wordpress\/ -->\n<title>Dodatek mieszkaniowy przys\u0142uguje - Gminny O\u015brodek Pomocy Spo\u0142ecznej w Urszulinie<\/title>\n<meta name=\"description\" content=\"Informacja o warunkach jakie musie spe\u0142ni\u0107 osoba ubiegaj\u0105ca aby przys\u0142ugiwa\u0142 jej dodatek mieszkaniowy\" \/>\n<meta name=\"robots\" content=\"index, follow, max-snippet:-1, max-image-preview:large, max-video-preview:-1\" \/>\n<link rel=\"canonical\" href=\"https:\/\/gops-urszulin.pl\/index.php\/2018\/05\/28\/dodatek-mieszkaniowy-przysluguje\/\" \/>\n<meta property=\"og:locale\" content=\"pl_PL\" \/>\n<meta property=\"og:type\" content=\"article\" \/>\n<meta property=\"og:title\" content=\"Dodatek mieszkaniowy przys\u0142uguje - Gminny O\u015brodek Pomocy Spo\u0142ecznej w Urszulinie\" \/>\n<meta property=\"og:description\" content=\"Informacja o warunkach jakie musie spe\u0142ni\u0107 osoba ubiegaj\u0105ca aby przys\u0142ugiwa\u0142 jej dodatek mieszkaniowy\" \/>\n<meta property=\"og:url\" content=\"https:\/\/gops-urszulin.pl\/index.php\/2018\/05\/28\/dodatek-mieszkaniowy-przysluguje\/\" \/>\n<meta property=\"og:site_name\" content=\"Gminny O\u015brodek Pomocy Spo\u0142ecznej w Urszulinie\" \/>\n<meta property=\"article:published_time\" content=\"2018-05-28T09:21:06+00:00\" \/>\n<meta property=\"article:modified_time\" content=\"2023-10-16T09:22:07+00:00\" \/>\n<meta name=\"author\" content=\"admin\" \/>\n<meta name=\"twitter:card\" content=\"summary_large_image\" \/>\n<meta name=\"twitter:label1\" content=\"Napisane przez\" \/>\n\t<meta name=\"twitter:data1\" content=\"admin\" \/>\n\t<meta name=\"twitter:label2\" content=\"Szacowany czas czytania\" \/>\n\t<meta name=\"twitter:data2\" content=\"4 minuty\" \/>\n<script type=\"application\/ld+json\" class=\"yoast-schema-graph\">{\"@context\":\"https:\\\/\\\/schema.org\",\"@graph\":[{\"@type\":\"Article\",\"@id\":\"https:\\\/\\\/gops-urszulin.pl\\\/index.php\\\/2018\\\/05\\\/28\\\/dodatek-mieszkaniowy-przysluguje\\\/#article\",\"isPartOf\":{\"@id\":\"https:\\\/\\\/gops-urszulin.pl\\\/index.php\\\/2018\\\/05\\\/28\\\/dodatek-mieszkaniowy-przysluguje\\\/\"},\"author\":{\"name\":\"admin\",\"@id\":\"https:\\\/\\\/gops-urszulin.pl\\\/#\\\/schema\\\/person\\\/4321ac06fcb9fcbcb4e6e099f2b2dd6f\"},\"headline\":\"Dodatek mieszkaniowy przys\u0142uguje\",\"datePublished\":\"2018-05-28T09:21:06+00:00\",\"dateModified\":\"2023-10-16T09:22:07+00:00\",\"mainEntityOfPage\":{\"@id\":\"https:\\\/\\\/gops-urszulin.pl\\\/index.php\\\/2018\\\/05\\\/28\\\/dodatek-mieszkaniowy-przysluguje\\\/\"},\"wordCount\":596,\"keywords\":[\"dodatek mieszkaniowy\",\"dodatki\",\"informacja\"],\"articleSection\":[\"Dodatek mieszkaniowy\"],\"inLanguage\":\"pl-PL\"},{\"@type\":\"WebPage\",\"@id\":\"https:\\\/\\\/gops-urszulin.pl\\\/index.php\\\/2018\\\/05\\\/28\\\/dodatek-mieszkaniowy-przysluguje\\\/\",\"url\":\"https:\\\/\\\/gops-urszulin.pl\\\/index.php\\\/2018\\\/05\\\/28\\\/dodatek-mieszkaniowy-przysluguje\\\/\",\"name\":\"Dodatek mieszkaniowy przys\u0142uguje - Gminny O\u015brodek Pomocy Spo\u0142ecznej w Urszulinie\",\"isPartOf\":{\"@id\":\"https:\\\/\\\/gops-urszulin.pl\\\/#website\"},\"datePublished\":\"2018-05-28T09:21:06+00:00\",\"dateModified\":\"2023-10-16T09:22:07+00:00\",\"author\":{\"@id\":\"https:\\\/\\\/gops-urszulin.pl\\\/#\\\/schema\\\/person\\\/4321ac06fcb9fcbcb4e6e099f2b2dd6f\"},\"description\":\"Informacja o warunkach jakie musie spe\u0142ni\u0107 osoba ubiegaj\u0105ca aby przys\u0142ugiwa\u0142 jej dodatek mieszkaniowy\",\"breadcrumb\":{\"@id\":\"https:\\\/\\\/gops-urszulin.pl\\\/index.php\\\/2018\\\/05\\\/28\\\/dodatek-mieszkaniowy-przysluguje\\\/#breadcrumb\"},\"inLanguage\":\"pl-PL\",\"potentialAction\":[{\"@type\":\"ReadAction\",\"target\":[\"https:\\\/\\\/gops-urszulin.pl\\\/index.php\\\/2018\\\/05\\\/28\\\/dodatek-mieszkaniowy-przysluguje\\\/\"]}]},{\"@type\":\"BreadcrumbList\",\"@id\":\"https:\\\/\\\/gops-urszulin.pl\\\/index.php\\\/2018\\\/05\\\/28\\\/dodatek-mieszkaniowy-przysluguje\\\/#breadcrumb\",\"itemListElement\":[{\"@type\":\"ListItem\",\"position\":1,\"name\":\"Strona g\u0142\u00f3wna\",\"item\":\"https:\\\/\\\/gops-urszulin.pl\\\/\"},{\"@type\":\"ListItem\",\"position\":2,\"name\":\"Dodatek mieszkaniowy przys\u0142uguje\"}]},{\"@type\":\"WebSite\",\"@id\":\"https:\\\/\\\/gops-urszulin.pl\\\/#website\",\"url\":\"https:\\\/\\\/gops-urszulin.pl\\\/\",\"name\":\"Gminny O\u015brodek Pomocy Spo\u0142ecznej w Urszulinie\",\"description\":\"\",\"potentialAction\":[{\"@type\":\"SearchAction\",\"target\":{\"@type\":\"EntryPoint\",\"urlTemplate\":\"https:\\\/\\\/gops-urszulin.pl\\\/?s={search_term_string}\"},\"query-input\":{\"@type\":\"PropertyValueSpecification\",\"valueRequired\":true,\"valueName\":\"search_term_string\"}}],\"inLanguage\":\"pl-PL\"},{\"@type\":\"Person\",\"@id\":\"https:\\\/\\\/gops-urszulin.pl\\\/#\\\/schema\\\/person\\\/4321ac06fcb9fcbcb4e6e099f2b2dd6f\",\"name\":\"admin\",\"sameAs\":[\"http:\\\/\\\/gops-urszulin.pl\"],\"url\":\"https:\\\/\\\/gops-urszulin.pl\\\/index.php\\\/author\\\/marek\\\/\"}]}<\/script>\n<!-- \/ Yoast SEO plugin. -->","yoast_head_json":{"title":"Dodatek mieszkaniowy przys\u0142uguje - Gminny O\u015brodek Pomocy Spo\u0142ecznej w Urszulinie","description":"Informacja o warunkach jakie musie spe\u0142ni\u0107 osoba ubiegaj\u0105ca aby przys\u0142ugiwa\u0142 jej dodatek mieszkaniowy","robots":{"index":"index","follow":"follow","max-snippet":"max-snippet:-1","max-image-preview":"max-image-preview:large","max-video-preview":"max-video-preview:-1"},"canonical":"https:\/\/gops-urszulin.pl\/index.php\/2018\/05\/28\/dodatek-mieszkaniowy-przysluguje\/","og_locale":"pl_PL","og_type":"article","og_title":"Dodatek mieszkaniowy przys\u0142uguje - Gminny O\u015brodek Pomocy Spo\u0142ecznej w Urszulinie","og_description":"Informacja o warunkach jakie musie spe\u0142ni\u0107 osoba ubiegaj\u0105ca aby przys\u0142ugiwa\u0142 jej dodatek mieszkaniowy","og_url":"https:\/\/gops-urszulin.pl\/index.php\/2018\/05\/28\/dodatek-mieszkaniowy-przysluguje\/","og_site_name":"Gminny O\u015brodek Pomocy Spo\u0142ecznej w Urszulinie","article_published_time":"2018-05-28T09:21:06+00:00","article_modified_time":"2023-10-16T09:22:07+00:00","author":"admin","twitter_card":"summary_large_image","twitter_misc":{"Napisane przez":"admin","Szacowany czas czytania":"4 minuty"},"schema":{"@context":"https:\/\/schema.org","@graph":[{"@type":"Article","@id":"https:\/\/gops-urszulin.pl\/index.php\/2018\/05\/28\/dodatek-mieszkaniowy-przysluguje\/#article","isPartOf":{"@id":"https:\/\/gops-urszulin.pl\/index.php\/2018\/05\/28\/dodatek-mieszkaniowy-przysluguje\/"},"author":{"name":"admin","@id":"https:\/\/gops-urszulin.pl\/#\/schema\/person\/4321ac06fcb9fcbcb4e6e099f2b2dd6f"},"headline":"Dodatek mieszkaniowy przys\u0142uguje","datePublished":"2018-05-28T09:21:06+00:00","dateModified":"2023-10-16T09:22:07+00:00","mainEntityOfPage":{"@id":"https:\/\/gops-urszulin.pl\/index.php\/2018\/05\/28\/dodatek-mieszkaniowy-przysluguje\/"},"wordCount":596,"keywords":["dodatek mieszkaniowy","dodatki","informacja"],"articleSection":["Dodatek mieszkaniowy"],"inLanguage":"pl-PL"},{"@type":"WebPage","@id":"https:\/\/gops-urszulin.pl\/index.php\/2018\/05\/28\/dodatek-mieszkaniowy-przysluguje\/","url":"https:\/\/gops-urszulin.pl\/index.php\/2018\/05\/28\/dodatek-mieszkaniowy-przysluguje\/","name":"Dodatek mieszkaniowy przys\u0142uguje - Gminny O\u015brodek Pomocy Spo\u0142ecznej w Urszulinie","isPartOf":{"@id":"https:\/\/gops-urszulin.pl\/#website"},"datePublished":"2018-05-28T09:21:06+00:00","dateModified":"2023-10-16T09:22:07+00:00","author":{"@id":"https:\/\/gops-urszulin.pl\/#\/schema\/person\/4321ac06fcb9fcbcb4e6e099f2b2dd6f"},"description":"Informacja o warunkach jakie musie spe\u0142ni\u0107 osoba ubiegaj\u0105ca aby przys\u0142ugiwa\u0142 jej dodatek mieszkaniowy","breadcrumb":{"@id":"https:\/\/gops-urszulin.pl\/index.php\/2018\/05\/28\/dodatek-mieszkaniowy-przysluguje\/#breadcrumb"},"inLanguage":"pl-PL","potentialAction":[{"@type":"ReadAction","target":["https:\/\/gops-urszulin.pl\/index.php\/2018\/05\/28\/dodatek-mieszkaniowy-przysluguje\/"]}]},{"@type":"BreadcrumbList","@id":"https:\/\/gops-urszulin.pl\/index.php\/2018\/05\/28\/dodatek-mieszkaniowy-przysluguje\/#breadcrumb","itemListElement":[{"@type":"ListItem","position":1,"name":"Strona g\u0142\u00f3wna","item":"https:\/\/gops-urszulin.pl\/"},{"@type":"ListItem","position":2,"name":"Dodatek mieszkaniowy przys\u0142uguje"}]},{"@type":"WebSite","@id":"https:\/\/gops-urszulin.pl\/#website","url":"https:\/\/gops-urszulin.pl\/","name":"Gminny O\u015brodek Pomocy Spo\u0142ecznej w Urszulinie","description":"","potentialAction":[{"@type":"SearchAction","target":{"@type":"EntryPoint","urlTemplate":"https:\/\/gops-urszulin.pl\/?s={search_term_string}"},"query-input":{"@type":"PropertyValueSpecification","valueRequired":true,"valueName":"search_term_string"}}],"inLanguage":"pl-PL"},{"@type":"Person","@id":"https:\/\/gops-urszulin.pl\/#\/schema\/person\/4321ac06fcb9fcbcb4e6e099f2b2dd6f","name":"admin","sameAs":["https:\/\/gops-urszulin.pl"],"url":"https:\/\/gops-urszulin.pl\/index.php\/author\/marek\/"}]}},"_links":{"self":[{"href":"https:\/\/gops-urszulin.pl\/index.php\/wp-json\/wp\/v2\/posts\/519","targetHints":{"allow":["GET"]}}],"collection":[{"href":"https:\/\/gops-urszulin.pl\/index.php\/wp-json\/wp\/v2\/posts"}],"about":[{"href":"https:\/\/gops-urszulin.pl\/index.php\/wp-json\/wp\/v2\/types\/post"}],"author":[{"embeddable":true,"href":"https:\/\/gops-urszulin.pl\/index.php\/wp-json\/wp\/v2\/users\/1"}],"replies":[{"embeddable":true,"href":"https:\/\/gops-urszulin.pl\/index.php\/wp-json\/wp\/v2\/comments?post=519"}],"version-history":[{"count":1,"href":"https:\/\/gops-urszulin.pl\/index.php\/wp-json\/wp\/v2\/posts\/519\/revisions"}],"predecessor-version":[{"id":520,"href":"https:\/\/gops-urszulin.pl\/index.php\/wp-json\/wp\/v2\/posts\/519\/revisions\/520"}],"wp:attachment":[{"href":"https:\/\/gops-urszulin.pl\/index.php\/wp-json\/wp\/v2\/media?parent=519"}],"wp:term":[{"taxonomy":"category","embeddable":true,"href":"https:\/\/gops-urszulin.pl\/index.php\/wp-json\/wp\/v2\/categories?post=519"},{"taxonomy":"post_tag","embeddable":true,"href":"https:\/\/gops-urszulin.pl\/index.php\/wp-json\/wp\/v2\/tags?post=519"}],"curies":[{"name":"wp","href":"https:\/\/api.w.org\/{rel}","templated":true}]}}