{"id":517,"date":"2018-05-28T11:05:32","date_gmt":"2018-05-28T09:05:32","guid":{"rendered":"https:\/\/gops-urszulin.pl\/?p=517"},"modified":"2023-10-16T11:10:42","modified_gmt":"2023-10-16T09:10:42","slug":"dodatek-mieszkaniowy","status":"publish","type":"post","link":"https:\/\/gops-urszulin.pl\/index.php\/2018\/05\/28\/dodatek-mieszkaniowy\/","title":{"rendered":"Dodatek mieszkaniowy"},"content":{"rendered":"<h4><strong>Podstawa prawna:<\/strong><\/h4>\n<div class=\"contents\">\n<ul>\n<li>ustawa z dnia 14 czerwca 1960 r. Kodeks post\u0119powania administracyjnego<\/li>\n<li>ustawa z dnia 21 czerwca 2001 r. o dodatkach mieszkaniowych<\/li>\n<li>rozporz\u0105dzenie Ministra Transportu, Budownictwa i Gospodarki Morskiej z dnia 26\u00a0kwietnia 2013 r. w sprawie sposobu przeprowadzania wywiadu \u015brodowiskowego, wzoru kwestionariusza wywiadu oraz o\u015bwiadczenie o stanie maj\u0105tkowym wnioskodawcy i innych cz\u0142onk\u00f3w gospodarstwa domowego, a tak\u017ce wzoru legitymacji pracownika upowa\u017cnionego do przeprowadzenia wywiadu<\/li>\n<\/ul>\n<\/div>\n<hr \/>\n<h4><strong>Wymagane dokumenty:<\/strong><\/h4>\n<ul>\n<li>Wniosek o przyznanie dodatku mieszkaniowego<\/li>\n<li>Deklaracja o wysoko\u015bci dochod\u00f3w cz\u0142onk\u00f3w gospodarstwa domowego za okres &#8230;&#8230;<\/li>\n<li>Informacja zarz\u0105dcy rodzaju i wysoko\u015bci op\u0142at ponoszonych za lokal mieszkalny<\/li>\n<li>Za\u015bwiadczenie o dochodach pracownika<\/li>\n<li>O\u015bwiadczenie o braku dochod\u00f3w<\/li>\n<li>O\u015bwiadczenie<\/li>\n<li>O\u015bwiadczenie o uzyskanym dochodzie z tytu\u0142u prowadzenia dzia\u0142alno\u015bci gospodarczej<\/li>\n<\/ul>\n<p>Dokumenty po\u015bwiadczaj\u0105ce wysoko\u015b\u0107 dochod\u00f3w uzyskanych w okresie ostatnich trzech miesi\u0119cy poprzedzaj\u0105cych dat\u0119 z\u0142o\u017cenia wniosku o przyznanie dodatku mieszkaniowego, np.:<\/p>\n<ul>\n<li>za\u015bwiadczenie z miejsca pracy,<\/li>\n<li>za\u015bwiadczenie z Powiatowego Urz\u0119du Pracy w przypadku zarejestrowanych os\u00f3b bezrobotnych,<\/li>\n<li>o\u015bwiadczenie o pracy dorywczej lub o braku dochod\u00f3w,<\/li>\n<li>ostatnia decyzja o przyznaniu lub rewaloryzacji emerytury, renty, \u015bwiadczenia przedemerytalnego,<\/li>\n<li>za\u015bwiadczenia z uczelni o wysoko\u015bci pobieranego stypendium lub za\u015bwiadczenie o nie korzystaniu\u00a0 ze stypendium,<\/li>\n<li>o\u015bwiadczenia o dochodach w przypadku os\u00f3b, kt\u00f3re prowadz\u0105 dzia\u0142alno\u015b\u0107 gospodarcz\u0105,<\/li>\n<li>za\u015bwiadczenie z urz\u0119du gminy potwierdzaj\u0105cego ilo\u015b\u0107 hektar\u00f3w przeliczeniowych os\u00f3b prowadz\u0105cych gospodarstwo rolne lub aktualna decyzja o podatku rolnym,<\/li>\n<li>wyrok s\u0105du orzekaj\u0105cy o alimentach w przypadku os\u00f3b otrzymuj\u0105cych alimenty.<\/li>\n<\/ul>\n\n<ul class=\"wp-block-latest-posts__list is-grid columns-3 wp-block-latest-posts\"><li><a class=\"wp-block-latest-posts__post-title\" href=\"https:\/\/gops-urszulin.pl\/index.php\/2021\/06\/28\/dodatek-mieszkaniowy-od-1-lipca-2021r\/\">Dodatek mieszkaniowy od 1 lipca 2021r.<\/a><div class=\"wp-block-latest-posts__post-excerpt\">Nowe wytyczne dotycz\u0105ce dodatku mieszkaniowego w zwi\u0105zku z wchodz\u0105cymi zmianami do 1 lipca 2021 r. <\/div><\/li>\n<li><a class=\"wp-block-latest-posts__post-title\" href=\"https:\/\/gops-urszulin.pl\/index.php\/2021\/01\/16\/doplaty-do-czynszu-finansowane-z-funduszu-przeciwdzialania-covid-19\/\">Dop\u0142aty do czynszu finansowane z Funduszu Przeciwdzia\u0142ania COVID-19<\/a><div class=\"wp-block-latest-posts__post-excerpt\">Informacja o dodatku mieszkaniowym powi\u0119kszonym o dop\u0142at\u0119 do czynszu oraz komu i na jakich warunkach przys\u0142uguje.<\/div><\/li>\n<li><a class=\"wp-block-latest-posts__post-title\" href=\"https:\/\/gops-urszulin.pl\/index.php\/2021\/01\/16\/dodatek-mieszkaniowy-z-moca-wsteczna\/\">Dodatek mieszkaniowy z moc\u0105 wsteczn\u0105<\/a><div class=\"wp-block-latest-posts__post-excerpt\">Dodatek mo\u017ce zosta\u0107 przyznany z moc\u0105 wsteczn\u0105\u00a0wy\u0142\u0105cznie\u00a0w przypadku wniosku o z\u0142o\u017conego nie p\u00f3\u017aniej ni\u017c po up\u0142ywie 30 dni od dnia zako\u0144czenia obowi\u0105zywania stanu zagro\u017cenia epidemicznego albo stanu epidemii, og\u0142oszonych z powodu COVID-19.<\/div><\/li>\n<li><a class=\"wp-block-latest-posts__post-title\" href=\"https:\/\/gops-urszulin.pl\/index.php\/2018\/05\/28\/dodatek-mieszkaniowy-przysluguje\/\">Dodatek mieszkaniowy przys\u0142uguje<\/a><div class=\"wp-block-latest-posts__post-excerpt\">Informacja o warunkach jakie musie spe\u0142ni\u0107 osoba ubiegaj\u0105ca aby przys\u0142ugiwa\u0142 jej dodatek mieszkaniowy<\/div><\/li>\n<li><a class=\"wp-block-latest-posts__post-title\" href=\"https:\/\/gops-urszulin.pl\/index.php\/2018\/05\/28\/dodatek-mieszkaniowy\/\">Dodatek mieszkaniowy<\/a><div class=\"wp-block-latest-posts__post-excerpt\">Podstawa prawna dodatk\u00f3w mieszkaniowych wraz z wymaganymi dokumentami.<\/div><\/li>\n<\/ul>","protected":false},"excerpt":{"rendered":"<p>Podstawa prawna dodatk\u00f3w mieszkaniowych wraz z wymaganymi dokumentami.<\/p>\n","protected":false},"author":1,"featured_media":0,"comment_status":"closed","ping_status":"closed","sticky":false,"template":"","format":"standard","meta":{"footnotes":""},"categories":[133],"tags":[86,135,13],"class_list":["post-517","post","type-post","status-publish","format-standard","hentry","category-dodatek-mieszkaniowy","tag-dodatek-mieszkaniowy","tag-dodatki","tag-informacja"],"yoast_head":"<!-- This site is optimized with the Yoast SEO plugin v27.4 - https:\/\/yoast.com\/product\/yoast-seo-wordpress\/ -->\n<title>Dodatek mieszkaniowy - Gminny O\u015brodek Pomocy Spo\u0142ecznej w Urszulinie<\/title>\n<meta name=\"description\" content=\"Podstawa prawna dodatk\u00f3w mieszkaniowych wraz z wymaganymi dokumentami.\" \/>\n<meta name=\"robots\" content=\"index, follow, max-snippet:-1, max-image-preview:large, max-video-preview:-1\" \/>\n<link rel=\"canonical\" href=\"https:\/\/gops-urszulin.pl\/index.php\/2018\/05\/28\/dodatek-mieszkaniowy\/\" \/>\n<meta property=\"og:locale\" content=\"pl_PL\" \/>\n<meta property=\"og:type\" content=\"article\" \/>\n<meta property=\"og:title\" content=\"Dodatek mieszkaniowy - Gminny O\u015brodek Pomocy Spo\u0142ecznej w Urszulinie\" \/>\n<meta property=\"og:description\" content=\"Podstawa prawna dodatk\u00f3w mieszkaniowych wraz z wymaganymi dokumentami.\" \/>\n<meta property=\"og:url\" content=\"https:\/\/gops-urszulin.pl\/index.php\/2018\/05\/28\/dodatek-mieszkaniowy\/\" \/>\n<meta property=\"og:site_name\" content=\"Gminny O\u015brodek Pomocy Spo\u0142ecznej w Urszulinie\" \/>\n<meta property=\"article:published_time\" content=\"2018-05-28T09:05:32+00:00\" \/>\n<meta property=\"article:modified_time\" content=\"2023-10-16T09:10:42+00:00\" \/>\n<meta name=\"author\" content=\"admin\" \/>\n<meta name=\"twitter:card\" content=\"summary_large_image\" \/>\n<meta name=\"twitter:label1\" content=\"Napisane przez\" \/>\n\t<meta name=\"twitter:data1\" content=\"admin\" \/>\n\t<meta name=\"twitter:label2\" content=\"Szacowany czas czytania\" \/>\n\t<meta name=\"twitter:data2\" content=\"2 minuty\" \/>\n<script type=\"application\/ld+json\" class=\"yoast-schema-graph\">{\"@context\":\"https:\\\/\\\/schema.org\",\"@graph\":[{\"@type\":\"Article\",\"@id\":\"https:\\\/\\\/gops-urszulin.pl\\\/index.php\\\/2018\\\/05\\\/28\\\/dodatek-mieszkaniowy\\\/#article\",\"isPartOf\":{\"@id\":\"https:\\\/\\\/gops-urszulin.pl\\\/index.php\\\/2018\\\/05\\\/28\\\/dodatek-mieszkaniowy\\\/\"},\"author\":{\"name\":\"admin\",\"@id\":\"https:\\\/\\\/gops-urszulin.pl\\\/#\\\/schema\\\/person\\\/4321ac06fcb9fcbcb4e6e099f2b2dd6f\"},\"headline\":\"Dodatek mieszkaniowy\",\"datePublished\":\"2018-05-28T09:05:32+00:00\",\"dateModified\":\"2023-10-16T09:10:42+00:00\",\"mainEntityOfPage\":{\"@id\":\"https:\\\/\\\/gops-urszulin.pl\\\/index.php\\\/2018\\\/05\\\/28\\\/dodatek-mieszkaniowy\\\/\"},\"wordCount\":260,\"keywords\":[\"dodatek mieszkaniowy\",\"dodatki\",\"informacja\"],\"articleSection\":[\"Dodatek mieszkaniowy\"],\"inLanguage\":\"pl-PL\"},{\"@type\":\"WebPage\",\"@id\":\"https:\\\/\\\/gops-urszulin.pl\\\/index.php\\\/2018\\\/05\\\/28\\\/dodatek-mieszkaniowy\\\/\",\"url\":\"https:\\\/\\\/gops-urszulin.pl\\\/index.php\\\/2018\\\/05\\\/28\\\/dodatek-mieszkaniowy\\\/\",\"name\":\"Dodatek mieszkaniowy - Gminny O\u015brodek Pomocy Spo\u0142ecznej w Urszulinie\",\"isPartOf\":{\"@id\":\"https:\\\/\\\/gops-urszulin.pl\\\/#website\"},\"datePublished\":\"2018-05-28T09:05:32+00:00\",\"dateModified\":\"2023-10-16T09:10:42+00:00\",\"author\":{\"@id\":\"https:\\\/\\\/gops-urszulin.pl\\\/#\\\/schema\\\/person\\\/4321ac06fcb9fcbcb4e6e099f2b2dd6f\"},\"description\":\"Podstawa prawna dodatk\u00f3w mieszkaniowych wraz z wymaganymi dokumentami.\",\"breadcrumb\":{\"@id\":\"https:\\\/\\\/gops-urszulin.pl\\\/index.php\\\/2018\\\/05\\\/28\\\/dodatek-mieszkaniowy\\\/#breadcrumb\"},\"inLanguage\":\"pl-PL\",\"potentialAction\":[{\"@type\":\"ReadAction\",\"target\":[\"https:\\\/\\\/gops-urszulin.pl\\\/index.php\\\/2018\\\/05\\\/28\\\/dodatek-mieszkaniowy\\\/\"]}]},{\"@type\":\"BreadcrumbList\",\"@id\":\"https:\\\/\\\/gops-urszulin.pl\\\/index.php\\\/2018\\\/05\\\/28\\\/dodatek-mieszkaniowy\\\/#breadcrumb\",\"itemListElement\":[{\"@type\":\"ListItem\",\"position\":1,\"name\":\"Strona g\u0142\u00f3wna\",\"item\":\"https:\\\/\\\/gops-urszulin.pl\\\/\"},{\"@type\":\"ListItem\",\"position\":2,\"name\":\"Dodatek mieszkaniowy\"}]},{\"@type\":\"WebSite\",\"@id\":\"https:\\\/\\\/gops-urszulin.pl\\\/#website\",\"url\":\"https:\\\/\\\/gops-urszulin.pl\\\/\",\"name\":\"Gminny O\u015brodek Pomocy Spo\u0142ecznej w Urszulinie\",\"description\":\"\",\"potentialAction\":[{\"@type\":\"SearchAction\",\"target\":{\"@type\":\"EntryPoint\",\"urlTemplate\":\"https:\\\/\\\/gops-urszulin.pl\\\/?s={search_term_string}\"},\"query-input\":{\"@type\":\"PropertyValueSpecification\",\"valueRequired\":true,\"valueName\":\"search_term_string\"}}],\"inLanguage\":\"pl-PL\"},{\"@type\":\"Person\",\"@id\":\"https:\\\/\\\/gops-urszulin.pl\\\/#\\\/schema\\\/person\\\/4321ac06fcb9fcbcb4e6e099f2b2dd6f\",\"name\":\"admin\",\"sameAs\":[\"http:\\\/\\\/gops-urszulin.pl\"],\"url\":\"https:\\\/\\\/gops-urszulin.pl\\\/index.php\\\/author\\\/marek\\\/\"}]}<\/script>\n<!-- \/ Yoast SEO plugin. -->","yoast_head_json":{"title":"Dodatek mieszkaniowy - Gminny O\u015brodek Pomocy Spo\u0142ecznej w Urszulinie","description":"Podstawa prawna dodatk\u00f3w mieszkaniowych wraz z wymaganymi dokumentami.","robots":{"index":"index","follow":"follow","max-snippet":"max-snippet:-1","max-image-preview":"max-image-preview:large","max-video-preview":"max-video-preview:-1"},"canonical":"https:\/\/gops-urszulin.pl\/index.php\/2018\/05\/28\/dodatek-mieszkaniowy\/","og_locale":"pl_PL","og_type":"article","og_title":"Dodatek mieszkaniowy - Gminny O\u015brodek Pomocy Spo\u0142ecznej w Urszulinie","og_description":"Podstawa prawna dodatk\u00f3w mieszkaniowych wraz z wymaganymi dokumentami.","og_url":"https:\/\/gops-urszulin.pl\/index.php\/2018\/05\/28\/dodatek-mieszkaniowy\/","og_site_name":"Gminny O\u015brodek Pomocy Spo\u0142ecznej w Urszulinie","article_published_time":"2018-05-28T09:05:32+00:00","article_modified_time":"2023-10-16T09:10:42+00:00","author":"admin","twitter_card":"summary_large_image","twitter_misc":{"Napisane przez":"admin","Szacowany czas czytania":"2 minuty"},"schema":{"@context":"https:\/\/schema.org","@graph":[{"@type":"Article","@id":"https:\/\/gops-urszulin.pl\/index.php\/2018\/05\/28\/dodatek-mieszkaniowy\/#article","isPartOf":{"@id":"https:\/\/gops-urszulin.pl\/index.php\/2018\/05\/28\/dodatek-mieszkaniowy\/"},"author":{"name":"admin","@id":"https:\/\/gops-urszulin.pl\/#\/schema\/person\/4321ac06fcb9fcbcb4e6e099f2b2dd6f"},"headline":"Dodatek mieszkaniowy","datePublished":"2018-05-28T09:05:32+00:00","dateModified":"2023-10-16T09:10:42+00:00","mainEntityOfPage":{"@id":"https:\/\/gops-urszulin.pl\/index.php\/2018\/05\/28\/dodatek-mieszkaniowy\/"},"wordCount":260,"keywords":["dodatek mieszkaniowy","dodatki","informacja"],"articleSection":["Dodatek mieszkaniowy"],"inLanguage":"pl-PL"},{"@type":"WebPage","@id":"https:\/\/gops-urszulin.pl\/index.php\/2018\/05\/28\/dodatek-mieszkaniowy\/","url":"https:\/\/gops-urszulin.pl\/index.php\/2018\/05\/28\/dodatek-mieszkaniowy\/","name":"Dodatek mieszkaniowy - Gminny O\u015brodek Pomocy Spo\u0142ecznej w Urszulinie","isPartOf":{"@id":"https:\/\/gops-urszulin.pl\/#website"},"datePublished":"2018-05-28T09:05:32+00:00","dateModified":"2023-10-16T09:10:42+00:00","author":{"@id":"https:\/\/gops-urszulin.pl\/#\/schema\/person\/4321ac06fcb9fcbcb4e6e099f2b2dd6f"},"description":"Podstawa prawna dodatk\u00f3w mieszkaniowych wraz z wymaganymi dokumentami.","breadcrumb":{"@id":"https:\/\/gops-urszulin.pl\/index.php\/2018\/05\/28\/dodatek-mieszkaniowy\/#breadcrumb"},"inLanguage":"pl-PL","potentialAction":[{"@type":"ReadAction","target":["https:\/\/gops-urszulin.pl\/index.php\/2018\/05\/28\/dodatek-mieszkaniowy\/"]}]},{"@type":"BreadcrumbList","@id":"https:\/\/gops-urszulin.pl\/index.php\/2018\/05\/28\/dodatek-mieszkaniowy\/#breadcrumb","itemListElement":[{"@type":"ListItem","position":1,"name":"Strona g\u0142\u00f3wna","item":"https:\/\/gops-urszulin.pl\/"},{"@type":"ListItem","position":2,"name":"Dodatek mieszkaniowy"}]},{"@type":"WebSite","@id":"https:\/\/gops-urszulin.pl\/#website","url":"https:\/\/gops-urszulin.pl\/","name":"Gminny O\u015brodek Pomocy Spo\u0142ecznej w Urszulinie","description":"","potentialAction":[{"@type":"SearchAction","target":{"@type":"EntryPoint","urlTemplate":"https:\/\/gops-urszulin.pl\/?s={search_term_string}"},"query-input":{"@type":"PropertyValueSpecification","valueRequired":true,"valueName":"search_term_string"}}],"inLanguage":"pl-PL"},{"@type":"Person","@id":"https:\/\/gops-urszulin.pl\/#\/schema\/person\/4321ac06fcb9fcbcb4e6e099f2b2dd6f","name":"admin","sameAs":["https:\/\/gops-urszulin.pl"],"url":"https:\/\/gops-urszulin.pl\/index.php\/author\/marek\/"}]}},"_links":{"self":[{"href":"https:\/\/gops-urszulin.pl\/index.php\/wp-json\/wp\/v2\/posts\/517","targetHints":{"allow":["GET"]}}],"collection":[{"href":"https:\/\/gops-urszulin.pl\/index.php\/wp-json\/wp\/v2\/posts"}],"about":[{"href":"https:\/\/gops-urszulin.pl\/index.php\/wp-json\/wp\/v2\/types\/post"}],"author":[{"embeddable":true,"href":"https:\/\/gops-urszulin.pl\/index.php\/wp-json\/wp\/v2\/users\/1"}],"replies":[{"embeddable":true,"href":"https:\/\/gops-urszulin.pl\/index.php\/wp-json\/wp\/v2\/comments?post=517"}],"version-history":[{"count":1,"href":"https:\/\/gops-urszulin.pl\/index.php\/wp-json\/wp\/v2\/posts\/517\/revisions"}],"predecessor-version":[{"id":518,"href":"https:\/\/gops-urszulin.pl\/index.php\/wp-json\/wp\/v2\/posts\/517\/revisions\/518"}],"wp:attachment":[{"href":"https:\/\/gops-urszulin.pl\/index.php\/wp-json\/wp\/v2\/media?parent=517"}],"wp:term":[{"taxonomy":"category","embeddable":true,"href":"https:\/\/gops-urszulin.pl\/index.php\/wp-json\/wp\/v2\/categories?post=517"},{"taxonomy":"post_tag","embeddable":true,"href":"https:\/\/gops-urszulin.pl\/index.php\/wp-json\/wp\/v2\/tags?post=517"}],"curies":[{"name":"wp","href":"https:\/\/api.w.org\/{rel}","templated":true}]}}