{"id":27,"date":"2020-09-17T09:28:33","date_gmt":"2020-09-17T07:28:33","guid":{"rendered":"https:\/\/gops-urszulin.pl\/?p=27"},"modified":"2023-10-27T11:11:03","modified_gmt":"2023-10-27T09:11:03","slug":"kryterium-dochodowe-fundusz-alimentacyjny","status":"publish","type":"post","link":"https:\/\/gops-urszulin.pl\/index.php\/2020\/09\/17\/kryterium-dochodowe-fundusz-alimentacyjny\/","title":{"rendered":"Kryterium dochodowe &#8211; fundusz alimentacyjny"},"content":{"rendered":"<p class=\"intro\">\u015awiadczenia z funduszu alimentacyjnego przys\u0142uguj\u0105, je\u017celi doch\u00f3d rodziny w przeliczeniu na osob\u0119 w rodzinie\u00a0<span style=\"color: #ff0000;\"><strong>nie przekracza kwoty 900 z\u0142<\/strong><\/span>\u00a0miesi\u0119cznie.<\/p>\n<div class=\"editor-content\">\n<p>Ww. kwota kryterium dochodowego uprawniaj\u0105cego do \u015bwiadcze\u0144 z funduszu alimentacyjnego obowi\u0105zuje pocz\u0105wszy <strong>od okresu \u015bwiadczeniowego rozpoczynaj\u0105cego si\u0119 1 pa\u017adziernika 2020 r.<\/strong><\/p>\n<p>Jednocze\u015bnie, od 1 pa\u017adziernika 2020 r., przy ustalaniu prawa do \u015bwiadcze\u0144 z funduszu alimentacyjnego obowi\u0105zuje\u00a0 <strong>tzw. mechanizm &#8222;z\u0142ot\u00f3wka za z\u0142ot\u00f3wk\u0119&#8221;<\/strong> . Mechanizm ten zak\u0142ada, \u017ce\u00a0przekroczenie przez osob\u0119 uprawnion\u0105 progu dochodowego uprawniaj\u0105cego do \u015bwiadcze\u0144 z funduszu alimentacyjnego, nie b\u0119dzie skutkowa\u0107 automatycznie utrat\u0105 prawa do tych \u015bwiadcze\u0144, ale osoba taka co do zasady b\u0119dzie mog\u0142a otrzyma\u0107 \u015bwiadczenie, pomniejszone o kwot\u0119 przekroczenia kryterium dochodowego.<\/p>\n<p>W przypadku gdy doch\u00f3d rodziny w przeliczeniu na osob\u0119 w rodzinie przekroczy kwot\u0119 kryterium dochodowego o kwot\u0119 nie wy\u017csz\u0105 ni\u017c kwota \u015bwiadczenia z funduszu alimentacyjnego przys\u0142uguj\u0105cego danej osobie uprawnionej w okresie \u015bwiadczeniowym, na kt\u00f3ry jest ustalane prawo do tego \u015bwiadczenia, \u015bwiadczenie z funduszu alimentacyjnego b\u0119dzie przys\u0142ugiwa\u0107 w wysoko\u015bci r\u00f3\u017cnicy mi\u0119dzy kwot\u0105 \u015bwiadczenia z funduszu alimentacyjnego przys\u0142uguj\u0105cego danej osobie uprawnionej, a kwot\u0105, o kt\u00f3r\u0105 zosta\u0142 przekroczony doch\u00f3d rodziny w przeliczeniu na osob\u0119 w rodzinie. <strong>Minimalna kwota \u015bwiadcze\u0144 z funduszu alimentacyjnego przys\u0142uguj\u0105ca z zastosowaniem powy\u017cszego mechanizmu wynosi\u0107 b\u0119dzie 100 z\u0142.<\/strong><\/p>\n<p>Przy ustalaniu uprawnie\u0144 do \u015bwiadcze\u0144 z funduszu alimentacyjnego brane s\u0105 pod uwag\u0119 dochody cz\u0142onk\u00f3w rodziny osi\u0105gni\u0119te w roku kalendarzowym poprzedzaj\u0105cym okres\u00a0\u015bwiadczeniowy oraz zmiany w sytuacji dochodowej stanowi\u0105ce utrat\u0119 lub uzyskanie dochodu w rozumieniu ustawy o pomocy osobom uprawnionym do aliment\u00f3w.<\/p>\n<p>Doch\u00f3d rodziny w przeliczeniu na osob\u0119 ustala si\u0119 bior\u0105c pod uwag\u0119 dochody odpowiednio nast\u0119puj\u0105cych cz\u0142onk\u00f3w rodziny: rodzic\u00f3w osoby uprawnionej, ma\u0142\u017conka rodzica osoby uprawnionej, osob\u0119, z kt\u00f3r\u0105 rodzic osoby uprawnionej wychowuje wsp\u00f3lne dziecko, pozostaj\u0105ce na ich utrzymaniu dzieci w wieku do uko\u0144czenia 25. roku \u017cycia oraz dziecko, kt\u00f3re uko\u0144czy\u0142o 25. rok \u017cycia otrzymuj\u0105ce \u015bwiadczenia z funduszu alimentacyjnego lub legitymuj\u0105ce si\u0119 orzeczeniem o znacznym stopniu niepe\u0142nosprawno\u015bci, je\u017celi w zwi\u0105zku z t\u0105 niepe\u0142nosprawno\u015bci\u0105 przys\u0142uguje \u015bwiadczenie piel\u0119gnacyjne lub specjalny zasi\u0142ek opieku\u0144czy albo zasi\u0142ek dla opiekuna, a tak\u017ce osob\u0119 uprawnion\u0105; <span style=\"color: #ff0000;\">do rodziny nie zalicza si\u0119:<\/span><\/p>\n<ul>\n<li>dziecka pozostaj\u0105cego pod opiek\u0105 opiekuna prawnego,<\/li>\n<li>dziecka pozostaj\u0105cego w zwi\u0105zku ma\u0142\u017ce\u0144skim,<\/li>\n<li>rodzica osoby uprawnionej zobowi\u0105zanego tytu\u0142em wykonawczym pochodz\u0105cym lub zatwierdzonym przez s\u0105d do aliment\u00f3w na jej rzecz.<\/li>\n<\/ul>\n<h4><strong>Dochody brane pod uwag\u0119 przy ustalaniu prawa do \u015bwiadcze\u0144<\/strong><strong> z funduszu alimentacyjnego oznaczaj\u0105 dochody, o kt\u00f3rych mowa w przepisach o \u015bwiadczeniach rodzinnych i s\u0105 to:<\/strong><\/h4>\n<ul>\n<li>przychody podlegaj\u0105ce opodatkowaniu na zasadach okre\u015blonych w art. 27, 30b, 30c, 30e i art. 30f \u00a0ustawy z dnia 26 lipca 1991 r. o podatku dochodowym od os\u00f3b fizycznych, pomniejszone o koszty uzyskania przychodu, nale\u017cny podatek dochodowy od os\u00f3b fizycznych, sk\u0142adki na ubezpieczenia spo\u0142eczne niezaliczone do koszt\u00f3w uzyskania przychodu oraz sk\u0142adki na ubezpieczenie zdrowotne,<\/li>\n<li>doch\u00f3d z dzia\u0142alno\u015bci podlegaj\u0105cej opodatkowaniu na podstawie przepis\u00f3w o zrycza\u0142towanym podatku dochodowym od niekt\u00f3rych przychod\u00f3w osi\u0105ganych przez osoby fizyczne,<\/li>\n<li>inne dochody niepodlegaj\u0105ce opodatkowaniu na podstawie przepis\u00f3w o podatku dochodowym od os\u00f3b fizycznych (np: alimenty na rzecz dzieci, stypendia socjalne, nale\u017cno\u015bci otrzymywane z tytu\u0142u wynajmu pokoi go\u015bcinnych).<\/li>\n<\/ul>\n<p><span style=\"color: #008000;\">Od dochod\u00f3w odlicza si\u0119 kwot\u0119 aliment\u00f3w \u015bwiadczonych na rzecz innych os\u00f3b.<\/span><\/p>\n<p>Je\u017celi prawo do \u015bwiadcze\u0144 ustala si\u0119 osobie uprawnionej pozostaj\u0105cej pod opiek\u0105 opiekuna prawnego, ustalaj\u0105c doch\u00f3d, uwzgl\u0119dnia si\u0119 tylko doch\u00f3d osoby uprawnionej.<\/p>\n<p>W przypadku gdy cz\u0142onek rodziny jest umieszczony w pieczy zast\u0119pczej lub w instytucji zapewniaj\u0105cej ca\u0142odobowe utrzymanie, ustalaj\u0105c doch\u00f3d rodziny w przeliczeniu na osob\u0119, nie uwzgl\u0119dnia si\u0119 osoby umieszczonej w pieczy zast\u0119pczej lub przebywaj\u0105cej w powy\u017cszej instytucji.<\/p>\n<p>W przypadku ustalania dochodu z gospodarstwa rolnego, przyjmuje si\u0119, \u017ce z 1 ha przeliczeniowego uzyskuje si\u0119 doch\u00f3d miesi\u0119czny w wysoko\u015bci 1\/12 dochodu og\u0142aszanego corocznie w drodze obwieszczenia przez Prezesa G\u0142\u00f3wnego Urz\u0119du Statystycznego. Zgodnie z tre\u015bci\u0105 obwieszczenia Prezesa GUS z dnia 23 wrze\u015bnia 2019 r. doch\u00f3d ten w 2018 r. wyni\u00f3s\u0142 2715 z\u0142, tj. 226,25 z\u0142 miesi\u0119cznie. Je\u017celi rodzina lub osoba ucz\u0105ca si\u0119 uzyskuje dochody z gospodarstwa rolnego oraz uzyskuje pozarolnicze dochody, dochody te sumuje si\u0119.<\/p>\n<p>Ustalaj\u0105c doch\u00f3d rodziny uzyskany z gospodarstwa rolnego, do powierzchni gospodarstwa stanowi\u0105cego podstaw\u0119 wymiaru podatku rolnego wlicza si\u0119 obszary rolne oddane w dzier\u017caw\u0119 z wyj\u0105tkiem:<\/p>\n<ol>\n<li>oddanej w dzier\u017caw\u0119, na podstawie umowy dzier\u017cawy zawartej stosownie do przepis\u00f3w o ubezpieczeniu spo\u0142ecznym rolnik\u00f3w, cz\u0119\u015bci lub ca\u0142o\u015bci znajduj\u0105cego si\u0119 w posiadaniu rodziny gospodarstwa rolnego;<\/li>\n<li>gospodarstwa rolnego wniesionego do u\u017cytkowania przez rolnicz\u0105 sp\u00f3\u0142dzielni\u0119 produkcyjn\u0105;<\/li>\n<li>\u00a0gospodarstwa rolnego oddanego w dzier\u017caw\u0119 w zwi\u0105zku z pobieraniem renty okre\u015blonej w przepisach o wspieraniu rozwoju obszar\u00f3w wiejskich ze \u015brodk\u00f3w pochodz\u0105cych z Sekcji Gwarancji Europejskiego Funduszu Orientacji i Gwarancji Rolnej oraz w przepisach o wspieraniu rozwoju obszar\u00f3w wiejskich z udzia\u0142em \u015brodk\u00f3w Europejskiego Funduszu Rolnego na rzecz Rozwoju Obszar\u00f3w Wiejskich.<\/li>\n<\/ol>\n<p>Ustalaj\u0105c doch\u00f3d rodziny uzyskany przez dzier\u017cawc\u0119 gospodarstwa rolnego oddanego w dzier\u017caw\u0119 na powy\u017cej wymienionych zasadach, doch\u00f3d uzyskany z gospodarstwa rolnego pomniejsza si\u0119 o zap\u0142acony czynsz z tytu\u0142u dzier\u017cawy. Natomiast ustalaj\u0105c doch\u00f3d rodziny uzyskany z wydzier\u017cawionego od Krajowego O\u015brodka Wsparcia Rolnictwa gospodarstwa rolnego, doch\u00f3d uzyskany z gospodarstwa rolnego pomniejsza si\u0119 o zap\u0142acony czynsz z tytu\u0142u dzier\u017cawy.<\/p>\n<p>W przypadku ustalania dochodu z gospodarstwa rolnego, przyjmuje si\u0119, \u017ce z 1 ha przeliczeniowego uzyskuje si\u0119 doch\u00f3d miesi\u0119czny w wysoko\u015bci 1\/12 dochodu og\u0142aszanego corocznie w drodze obwieszczenia przez Prezesa G\u0142\u00f3wnego Urz\u0119du Statystycznego. Zgodnie z tre\u015bci\u0105 obwieszczenia Prezesa GUS z dnia 23 wrze\u015bnia 2019 r. doch\u00f3d ten w 2018 r. wyni\u00f3s\u0142 2715 z\u0142, tj. 226,25 z\u0142 miesi\u0119cznie. Je\u017celi rodzina lub osoba ucz\u0105ca si\u0119 uzyskuje dochody z gospodarstwa rolnego oraz uzyskuje pozarolnicze dochody, dochody te sumuje si\u0119.<\/p>\n<p>Ustalaj\u0105c doch\u00f3d rodziny uzyskany z gospodarstwa rolnego, do powierzchni gospodarstwa stanowi\u0105cego podstaw\u0119 wymiaru podatku rolnego wlicza si\u0119 obszary rolne oddane w dzier\u017caw\u0119 z wyj\u0105tkiem:<\/p>\n<ul>\n<li>oddanej w dzier\u017caw\u0119, na podstawie umowy dzier\u017cawy zawartej stosownie do przepis\u00f3w o ubezpieczeniu spo\u0142ecznym rolnik\u00f3w, cz\u0119\u015bci lub ca\u0142o\u015bci znajduj\u0105cego si\u0119 w posiadaniu rodziny gospodarstwa rolnego;<\/li>\n<li>gospodarstwa rolnego wniesionego do u\u017cytkowania przez rolnicz\u0105 sp\u00f3\u0142dzielni\u0119 produkcyjn\u0105;<\/li>\n<li>gospodarstwa rolnego oddanego w dzier\u017caw\u0119 w zwi\u0105zku z pobieraniem renty okre\u015blonej w przepisach o wspieraniu rozwoju obszar\u00f3w wiejskich ze \u015brodk\u00f3w pochodz\u0105cych z Sekcji Gwarancji Europejskiego Funduszu Orientacji i Gwarancji Rolnej oraz w przepisach o wspieraniu rozwoju obszar\u00f3w wiejskich z udzia\u0142em \u015brodk\u00f3w Europejskiego Funduszu Rolnego na rzecz Rozwoju Obszar\u00f3w Wiejskich.<\/li>\n<\/ul>\n<p>Ustalaj\u0105c doch\u00f3d rodziny uzyskany przez dzier\u017cawc\u0119 gospodarstwa rolnego oddanego w dzier\u017caw\u0119 na powy\u017cej wymienionych zasadach, doch\u00f3d uzyskany z gospodarstwa rolnego pomniejsza si\u0119 o zap\u0142acony czynsz z tytu\u0142u dzier\u017cawy. Natomiast ustalaj\u0105c doch\u00f3d rodziny uzyskany z wydzier\u017cawionego od Krajowego O\u015brodka Wsparcia Rolnictwa gospodarstwa rolnego, doch\u00f3d uzyskany z gospodarstwa rolnego pomniejsza si\u0119 o zap\u0142acony czynsz z tytu\u0142u dzier\u017cawy.<\/p>\n<p>W przypadku uzyskania dochodu przez cz\u0142onka rodziny po roku kalendarzowym poprzedzaj\u0105cym okres \u015bwiadczeniowy doch\u00f3d ustala si\u0119 na podstawie dochodu cz\u0142onka rodziny powi\u0119kszonego o kwot\u0119 uzyskanego dochodu z miesi\u0105ca nast\u0119puj\u0105cego po miesi\u0105cu, w kt\u00f3rym doch\u00f3d zosta\u0142 osi\u0105gni\u0119ty. Natomiast w przypadku uzyskania dochodu w roku kalendarzowym poprzedzaj\u0105cym okres \u015bwiadczeniowy, uzyskany w tym roku doch\u00f3d dzieli si\u0119 przez liczb\u0119 miesi\u0119cy, w kt\u00f3rych doch\u00f3d ten by\u0142 osi\u0105gni\u0119ty. Przepisy o uzyskaniu dochodu maj\u0105 zastosowanie, je\u015bli doch\u00f3d uzyskany nadal jest uzyskiwany w dniu ustalania prawa do \u015bwiadcze\u0144 z funduszu alimentacyjnego.<\/p>\n<p><strong>Uzyskanie dochodu<\/strong>\u00a0w rozumieniu ustawy o pomocy osobom uprawnionym do aliment\u00f3w oznacza uzyskanie dochodu spowodowane:<\/p>\n<ul>\n<li>zako\u0144czeniem urlopu wychowawczego,<\/li>\n<li>uzyskaniem zasi\u0142ku lub stypendium dla bezrobotnych,<\/li>\n<li>uzyskaniem zatrudnienia lub innej pracy zarobkowej,<\/li>\n<li>uzyskaniem zasi\u0142ku przedemerytalnego lub \u015bwiadczenia przedemerytalnego, nauczycielskiego \u015bwiadczenia kompensacyjnego, a tak\u017ce emerytury lub renty, renty rodzinnej lub renty socjalnej lub rodzicielskiego \u015bwiadczenia uzupe\u0142niaj\u0105cego, o kt\u00f3rym mowa w ustawie z dnia 31 stycznia 2019 r. o rodzicielskim \u015bwiadczeniu uzupe\u0142niaj\u0105cym,<\/li>\n<li>rozpocz\u0119ciem pozarolniczej dzia\u0142alno\u015bci gospodarczej lub wznowieniem jej wykonywania po okresie zawieszenia w rozumieniu art. 16b ustawy z dnia 20 grudnia 1990 r. o ubezpieczeniu spo\u0142ecznym rolnik\u00f3w lub art. 36aa ust. 1 ustawy z dnia 13 pa\u017adziernika 1998 r. o systemie ubezpiecze\u0144 spo\u0142ecznych,<\/li>\n<li>uzyskaniem zasi\u0142ku chorobowego, \u015bwiadczenia rehabilitacyjnego lub zasi\u0142ku macierzy\u0144skiego, przys\u0142uguj\u0105cych po utracie zatrudnienia lub innej pracy zarobkowej,<\/li>\n<li>uzyskaniem \u015bwiadczenia rodzicielskiego,<\/li>\n<li>uzyskaniem zasi\u0142ku macierzy\u0144skiego, o kt\u00f3rym mowa w przepisach o ubezpieczeniu spo\u0142ecznym\u00a0 rolnik\u00f3w,<\/li>\n<li>uzyskaniem stypendium doktoranckiego okre\u015blonego w art. 209 ust. 1 i 7 ustawy z dnia 20 lipca 2018 r. &#8211; Prawo o szkolnictwie wy\u017cszym i nauce, a tak\u017ce &#8211; zgodnie z art. 336\u00a0 ustawy z dnia 3 lipca 2018 r. &#8211; Przepisy wprowadzaj\u0105ce ustaw\u0119 &#8211; Prawo o szkolnictwie wy\u017cszym i nauce\u00a0 uzyskaniem dotychczasowego stypendium doktoranckiego okre\u015blonego w art. 200 ust. 1 ustawy z dnia 27 lipca 2005 r. &#8211; Prawo o szkolnictwie wy\u017cszym<\/li>\n<\/ul>\n<p>oraz<\/p>\n<ul>\n<li>uzyskaniem dodatku solidarno\u015bciowego przyznanego na podstawie ustawy o dodatku solidarno\u015bciowym przyznawanym w celu przeciwdzia\u0142ania negatywnym skutkom COVID-19<\/li>\n<\/ul>\n<p>W przypadku utraty dochodu przez cz\u0142onka rodziny w roku kalendarzowym poprzedzaj\u0105cym okres \u015bwiadczeniowy lub po tym roku ustalaj\u0105c doch\u00f3d nie uwzgl\u0119dnia si\u0119 kwoty dochodu, kt\u00f3ry nast\u0119pnie zosta\u0142 utracony. Utrata dochodu nast\u0119puje na wniosek.<\/p>\n<h4><strong>Utrata dochodu\u00a0<\/strong><strong>oznacza utracenie dochodu spowodowane:<\/strong><\/h4>\n<ul>\n<li>uzyskaniem prawa do urlopu wychowawczego,<\/li>\n<li>utrat\u0105 zasi\u0142ku lub stypendium dla bezrobotnych,<\/li>\n<li>utrat\u0105 zatrudnienia lub innej pracy zarobkowej,<\/li>\n<li>utrat\u0105 zasi\u0142ku przedemerytalnego lub \u015bwiadczenia przedemerytalnego, nauczycielskiego \u015bwiadczenia kompensacyjnego, a tak\u017ce emerytury lub renty, renty rodzinnej lub renty socjalnej lub rodzicielskiego \u015bwiadczenia uzupe\u0142niaj\u0105cego, o kt\u00f3rym mowa w ustawie z dnia 31 stycznia 2019 r. o rodzicielskim \u015bwiadczeniu uzupe\u0142niaj\u0105cym,<\/li>\n<li>wykre\u015bleniem z rejestru pozarolniczej dzia\u0142alno\u015bci gospodarczej lub zawieszeniem jej wykonywania w rozumieniu art. art. 16b ustawy z dnia 20 grudnia 1990 r. o ubezpieczeniu spo\u0142ecznym rolnik\u00f3w lub art. 36aa ust. 1 ustawy z dnia 13 pa\u017adziernika 1998 r. o systemie ubezpiecze\u0144 spo\u0142ecznych,<\/li>\n<li>utrat\u0105 zas\u0105dzonych \u015bwiadcze\u0144 alimentacyjnych w zwi\u0105zku ze \u015bmierci\u0105 osoby zobowi\u0105zanej do tych \u015bwiadcze\u0144,<\/li>\n<li>utrat\u0105 zasi\u0142ku chorobowego, \u015bwiadczenia rehabilitacyjnego lub zasi\u0142ku macierzy\u0144skiego, przys\u0142uguj\u0105cych po utracie zatrudnienia lub innej pracy zarobkowej,<\/li>\n<li>utrat\u0105 \u015bwiadczenia rodzicielskiego,<\/li>\n<li>utrat\u0105 zasi\u0142ku macierzy\u0144skiego, o kt\u00f3rym mowa w przepisach o\u00a0 ubezpieczeniu spo\u0142ecznym rolnik\u00f3w,<\/li>\n<li>utrat\u0105 stypendium doktoranckiego okre\u015blonego w art. 209 ust. 1 i 7 ustawy z dnia 20 lipca 2018 r. &#8211; Prawo o szkolnictwie wy\u017cszym i nauce, a tak\u017ce &#8211; zgodnie z przepisem przej\u015bciowym: art. 336 ustawy z dnia 3 lipca 2018 r. &#8211; Przepisy wprowadzaj\u0105ce ustaw\u0119 &#8211; Prawo o szkolnictwie wy\u017cszym i nauce\u00a0 utrat\u0105 dotychczasowego stypendium doktoranckiego okre\u015blonego w art. 200 ust. 1 ustawy z dnia 27 lipca 2005 r. &#8211; Prawo o szkolnictwie wy\u017cszym<\/li>\n<\/ul>\n<p>oraz<\/p>\n<ul>\n<li>obni\u017ceniem wynagrodzenia z tytu\u0142u zatrudnienia lub innej pracy zarobkowej lub obni\u017ceniem dochodu z pozarolniczej dzia\u0142alno\u015bci gospodarczej w rozumieniu ustawy o \u015bwiadczeniach rodzinnych z powodu przeciwdzia\u0142ania COVID-19 (na podstawie art. 15oa ust. 2 ustawy z dnia 2 marca 2020 r. o szczeg\u00f3lnych rozwi\u0105zaniach zwi\u0105zanych z zapobieganiem, przeciwdzia\u0142aniem i zwalczaniem COVID-19, innych chor\u00f3b zaka\u017anych oraz wywo\u0142anych nimi sytuacji kryzysowych),<\/li>\n<li>utrat\u0105 dodatku solidarno\u015bciowego przyznanego na podstawie ustawy o dodatku solidarno\u015bciowym przyznawanym w celu przeciwdzia\u0142ania negatywnym skutkom COVID-19<\/li>\n<\/ul>\n<p>Przepis\u00f3w o utracie i uzyskaniu dochodu nie stosuje si\u0119 do dochodu z tytu\u0142u zatrudnienia lub innej pracy zarobkowej i dochodu z tytu\u0142u wyrejestrowania lub rozpocz\u0119cia pozarolniczej dzia\u0142alno\u015bci gospodarczej, je\u017celi cz\u0142onek rodziny, osoba ucz\u0105ca si\u0119 lub dziecko pozostaj\u0105ce pod opiek\u0105 opiekuna prawnego utracili doch\u00f3d z tych tytu\u0142\u00f3w i w okresie 3 miesi\u0119cy, licz\u0105c od dnia utraty dochodu, uzyskali doch\u00f3d u tego samego pracodawcy lub zleceniodawcy, lub zamawiaj\u0105cego dzie\u0142o lub ponownie rozpocz\u0119li pozarolnicz\u0105 dzia\u0142alno\u015b\u0107 gospodarcz\u0105.<\/p>\n<\/div>\n","protected":false},"excerpt":{"rendered":"<p>Informacja o kryterium dochodowym, a tak\u017ce opis mechanizmu &#8222;z\u0142ot\u00f3wka z z\u0142ot\u00f3wk\u0119&#8221; w funduszu, uzyskania dochodu oraz utraty dochodu<\/p>\n","protected":false},"author":1,"featured_media":0,"comment_status":"closed","ping_status":"closed","sticky":false,"template":"","format":"standard","meta":{"footnotes":""},"categories":[12],"tags":[73,13,102],"class_list":["post-27","post","type-post","status-publish","format-standard","hentry","category-fundusz-alimentacyjny","tag-fundusz-alimentacyjny","tag-informacja","tag-kryterium"],"yoast_head":"<!-- This site is optimized with the Yoast SEO plugin v27.4 - https:\/\/yoast.com\/product\/yoast-seo-wordpress\/ -->\n<title>Kryterium dochodowe - fundusz alimentacyjny - Gminny O\u015brodek Pomocy Spo\u0142ecznej w Urszulinie<\/title>\n<meta name=\"description\" content=\"Informacja o kryterium dochodowym, a tak\u017ce opis mechanizmu &quot;z\u0142ot\u00f3wka z z\u0142ot\u00f3wk\u0119&quot; w funduszu, uzyskania dochodu oraz utraty dochodu\" \/>\n<meta name=\"robots\" content=\"index, follow, max-snippet:-1, max-image-preview:large, max-video-preview:-1\" \/>\n<link rel=\"canonical\" href=\"https:\/\/gops-urszulin.pl\/index.php\/2020\/09\/17\/kryterium-dochodowe-fundusz-alimentacyjny\/\" \/>\n<meta property=\"og:locale\" content=\"pl_PL\" \/>\n<meta property=\"og:type\" content=\"article\" \/>\n<meta property=\"og:title\" content=\"Kryterium dochodowe - fundusz alimentacyjny - Gminny O\u015brodek Pomocy Spo\u0142ecznej w Urszulinie\" \/>\n<meta property=\"og:description\" content=\"Informacja o kryterium dochodowym, a tak\u017ce opis mechanizmu &quot;z\u0142ot\u00f3wka z z\u0142ot\u00f3wk\u0119&quot; w funduszu, uzyskania dochodu oraz utraty dochodu\" \/>\n<meta property=\"og:url\" content=\"https:\/\/gops-urszulin.pl\/index.php\/2020\/09\/17\/kryterium-dochodowe-fundusz-alimentacyjny\/\" \/>\n<meta property=\"og:site_name\" content=\"Gminny O\u015brodek Pomocy Spo\u0142ecznej w Urszulinie\" \/>\n<meta property=\"article:published_time\" content=\"2020-09-17T07:28:33+00:00\" \/>\n<meta property=\"article:modified_time\" content=\"2023-10-27T09:11:03+00:00\" \/>\n<meta name=\"author\" content=\"admin\" \/>\n<meta name=\"twitter:card\" content=\"summary_large_image\" \/>\n<meta name=\"twitter:label1\" content=\"Napisane przez\" \/>\n\t<meta name=\"twitter:data1\" content=\"admin\" \/>\n\t<meta name=\"twitter:label2\" content=\"Szacowany czas czytania\" \/>\n\t<meta name=\"twitter:data2\" content=\"11 minut\" \/>\n<script type=\"application\/ld+json\" class=\"yoast-schema-graph\">{\"@context\":\"https:\\\/\\\/schema.org\",\"@graph\":[{\"@type\":\"Article\",\"@id\":\"https:\\\/\\\/gops-urszulin.pl\\\/index.php\\\/2020\\\/09\\\/17\\\/kryterium-dochodowe-fundusz-alimentacyjny\\\/#article\",\"isPartOf\":{\"@id\":\"https:\\\/\\\/gops-urszulin.pl\\\/index.php\\\/2020\\\/09\\\/17\\\/kryterium-dochodowe-fundusz-alimentacyjny\\\/\"},\"author\":{\"name\":\"admin\",\"@id\":\"https:\\\/\\\/gops-urszulin.pl\\\/#\\\/schema\\\/person\\\/4321ac06fcb9fcbcb4e6e099f2b2dd6f\"},\"headline\":\"Kryterium dochodowe &#8211; fundusz alimentacyjny\",\"datePublished\":\"2020-09-17T07:28:33+00:00\",\"dateModified\":\"2023-10-27T09:11:03+00:00\",\"mainEntityOfPage\":{\"@id\":\"https:\\\/\\\/gops-urszulin.pl\\\/index.php\\\/2020\\\/09\\\/17\\\/kryterium-dochodowe-fundusz-alimentacyjny\\\/\"},\"wordCount\":2049,\"keywords\":[\"fundusz alimentacyjny\",\"informacja\",\"kryterium\"],\"articleSection\":[\"Fundusz alimentacyjny\"],\"inLanguage\":\"pl-PL\"},{\"@type\":\"WebPage\",\"@id\":\"https:\\\/\\\/gops-urszulin.pl\\\/index.php\\\/2020\\\/09\\\/17\\\/kryterium-dochodowe-fundusz-alimentacyjny\\\/\",\"url\":\"https:\\\/\\\/gops-urszulin.pl\\\/index.php\\\/2020\\\/09\\\/17\\\/kryterium-dochodowe-fundusz-alimentacyjny\\\/\",\"name\":\"Kryterium dochodowe - fundusz alimentacyjny - Gminny O\u015brodek Pomocy Spo\u0142ecznej w Urszulinie\",\"isPartOf\":{\"@id\":\"https:\\\/\\\/gops-urszulin.pl\\\/#website\"},\"datePublished\":\"2020-09-17T07:28:33+00:00\",\"dateModified\":\"2023-10-27T09:11:03+00:00\",\"author\":{\"@id\":\"https:\\\/\\\/gops-urszulin.pl\\\/#\\\/schema\\\/person\\\/4321ac06fcb9fcbcb4e6e099f2b2dd6f\"},\"description\":\"Informacja o kryterium dochodowym, a tak\u017ce opis mechanizmu \\\"z\u0142ot\u00f3wka z z\u0142ot\u00f3wk\u0119\\\" w funduszu, uzyskania dochodu oraz utraty dochodu\",\"breadcrumb\":{\"@id\":\"https:\\\/\\\/gops-urszulin.pl\\\/index.php\\\/2020\\\/09\\\/17\\\/kryterium-dochodowe-fundusz-alimentacyjny\\\/#breadcrumb\"},\"inLanguage\":\"pl-PL\",\"potentialAction\":[{\"@type\":\"ReadAction\",\"target\":[\"https:\\\/\\\/gops-urszulin.pl\\\/index.php\\\/2020\\\/09\\\/17\\\/kryterium-dochodowe-fundusz-alimentacyjny\\\/\"]}]},{\"@type\":\"BreadcrumbList\",\"@id\":\"https:\\\/\\\/gops-urszulin.pl\\\/index.php\\\/2020\\\/09\\\/17\\\/kryterium-dochodowe-fundusz-alimentacyjny\\\/#breadcrumb\",\"itemListElement\":[{\"@type\":\"ListItem\",\"position\":1,\"name\":\"Strona g\u0142\u00f3wna\",\"item\":\"https:\\\/\\\/gops-urszulin.pl\\\/\"},{\"@type\":\"ListItem\",\"position\":2,\"name\":\"Kryterium dochodowe &#8211; fundusz alimentacyjny\"}]},{\"@type\":\"WebSite\",\"@id\":\"https:\\\/\\\/gops-urszulin.pl\\\/#website\",\"url\":\"https:\\\/\\\/gops-urszulin.pl\\\/\",\"name\":\"Gminny O\u015brodek Pomocy Spo\u0142ecznej w Urszulinie\",\"description\":\"\",\"potentialAction\":[{\"@type\":\"SearchAction\",\"target\":{\"@type\":\"EntryPoint\",\"urlTemplate\":\"https:\\\/\\\/gops-urszulin.pl\\\/?s={search_term_string}\"},\"query-input\":{\"@type\":\"PropertyValueSpecification\",\"valueRequired\":true,\"valueName\":\"search_term_string\"}}],\"inLanguage\":\"pl-PL\"},{\"@type\":\"Person\",\"@id\":\"https:\\\/\\\/gops-urszulin.pl\\\/#\\\/schema\\\/person\\\/4321ac06fcb9fcbcb4e6e099f2b2dd6f\",\"name\":\"admin\",\"sameAs\":[\"http:\\\/\\\/gops-urszulin.pl\"],\"url\":\"https:\\\/\\\/gops-urszulin.pl\\\/index.php\\\/author\\\/marek\\\/\"}]}<\/script>\n<!-- \/ Yoast SEO plugin. -->","yoast_head_json":{"title":"Kryterium dochodowe - fundusz alimentacyjny - Gminny O\u015brodek Pomocy Spo\u0142ecznej w Urszulinie","description":"Informacja o kryterium dochodowym, a tak\u017ce opis mechanizmu \"z\u0142ot\u00f3wka z z\u0142ot\u00f3wk\u0119\" w funduszu, uzyskania dochodu oraz utraty dochodu","robots":{"index":"index","follow":"follow","max-snippet":"max-snippet:-1","max-image-preview":"max-image-preview:large","max-video-preview":"max-video-preview:-1"},"canonical":"https:\/\/gops-urszulin.pl\/index.php\/2020\/09\/17\/kryterium-dochodowe-fundusz-alimentacyjny\/","og_locale":"pl_PL","og_type":"article","og_title":"Kryterium dochodowe - fundusz alimentacyjny - Gminny O\u015brodek Pomocy Spo\u0142ecznej w Urszulinie","og_description":"Informacja o kryterium dochodowym, a tak\u017ce opis mechanizmu \"z\u0142ot\u00f3wka z z\u0142ot\u00f3wk\u0119\" w funduszu, uzyskania dochodu oraz utraty dochodu","og_url":"https:\/\/gops-urszulin.pl\/index.php\/2020\/09\/17\/kryterium-dochodowe-fundusz-alimentacyjny\/","og_site_name":"Gminny O\u015brodek Pomocy Spo\u0142ecznej w Urszulinie","article_published_time":"2020-09-17T07:28:33+00:00","article_modified_time":"2023-10-27T09:11:03+00:00","author":"admin","twitter_card":"summary_large_image","twitter_misc":{"Napisane przez":"admin","Szacowany czas czytania":"11 minut"},"schema":{"@context":"https:\/\/schema.org","@graph":[{"@type":"Article","@id":"https:\/\/gops-urszulin.pl\/index.php\/2020\/09\/17\/kryterium-dochodowe-fundusz-alimentacyjny\/#article","isPartOf":{"@id":"https:\/\/gops-urszulin.pl\/index.php\/2020\/09\/17\/kryterium-dochodowe-fundusz-alimentacyjny\/"},"author":{"name":"admin","@id":"https:\/\/gops-urszulin.pl\/#\/schema\/person\/4321ac06fcb9fcbcb4e6e099f2b2dd6f"},"headline":"Kryterium dochodowe &#8211; fundusz alimentacyjny","datePublished":"2020-09-17T07:28:33+00:00","dateModified":"2023-10-27T09:11:03+00:00","mainEntityOfPage":{"@id":"https:\/\/gops-urszulin.pl\/index.php\/2020\/09\/17\/kryterium-dochodowe-fundusz-alimentacyjny\/"},"wordCount":2049,"keywords":["fundusz alimentacyjny","informacja","kryterium"],"articleSection":["Fundusz alimentacyjny"],"inLanguage":"pl-PL"},{"@type":"WebPage","@id":"https:\/\/gops-urszulin.pl\/index.php\/2020\/09\/17\/kryterium-dochodowe-fundusz-alimentacyjny\/","url":"https:\/\/gops-urszulin.pl\/index.php\/2020\/09\/17\/kryterium-dochodowe-fundusz-alimentacyjny\/","name":"Kryterium dochodowe - fundusz alimentacyjny - Gminny O\u015brodek Pomocy Spo\u0142ecznej w Urszulinie","isPartOf":{"@id":"https:\/\/gops-urszulin.pl\/#website"},"datePublished":"2020-09-17T07:28:33+00:00","dateModified":"2023-10-27T09:11:03+00:00","author":{"@id":"https:\/\/gops-urszulin.pl\/#\/schema\/person\/4321ac06fcb9fcbcb4e6e099f2b2dd6f"},"description":"Informacja o kryterium dochodowym, a tak\u017ce opis mechanizmu \"z\u0142ot\u00f3wka z z\u0142ot\u00f3wk\u0119\" w funduszu, uzyskania dochodu oraz utraty dochodu","breadcrumb":{"@id":"https:\/\/gops-urszulin.pl\/index.php\/2020\/09\/17\/kryterium-dochodowe-fundusz-alimentacyjny\/#breadcrumb"},"inLanguage":"pl-PL","potentialAction":[{"@type":"ReadAction","target":["https:\/\/gops-urszulin.pl\/index.php\/2020\/09\/17\/kryterium-dochodowe-fundusz-alimentacyjny\/"]}]},{"@type":"BreadcrumbList","@id":"https:\/\/gops-urszulin.pl\/index.php\/2020\/09\/17\/kryterium-dochodowe-fundusz-alimentacyjny\/#breadcrumb","itemListElement":[{"@type":"ListItem","position":1,"name":"Strona g\u0142\u00f3wna","item":"https:\/\/gops-urszulin.pl\/"},{"@type":"ListItem","position":2,"name":"Kryterium dochodowe &#8211; fundusz alimentacyjny"}]},{"@type":"WebSite","@id":"https:\/\/gops-urszulin.pl\/#website","url":"https:\/\/gops-urszulin.pl\/","name":"Gminny O\u015brodek Pomocy Spo\u0142ecznej w Urszulinie","description":"","potentialAction":[{"@type":"SearchAction","target":{"@type":"EntryPoint","urlTemplate":"https:\/\/gops-urszulin.pl\/?s={search_term_string}"},"query-input":{"@type":"PropertyValueSpecification","valueRequired":true,"valueName":"search_term_string"}}],"inLanguage":"pl-PL"},{"@type":"Person","@id":"https:\/\/gops-urszulin.pl\/#\/schema\/person\/4321ac06fcb9fcbcb4e6e099f2b2dd6f","name":"admin","sameAs":["https:\/\/gops-urszulin.pl"],"url":"https:\/\/gops-urszulin.pl\/index.php\/author\/marek\/"}]}},"_links":{"self":[{"href":"https:\/\/gops-urszulin.pl\/index.php\/wp-json\/wp\/v2\/posts\/27","targetHints":{"allow":["GET"]}}],"collection":[{"href":"https:\/\/gops-urszulin.pl\/index.php\/wp-json\/wp\/v2\/posts"}],"about":[{"href":"https:\/\/gops-urszulin.pl\/index.php\/wp-json\/wp\/v2\/types\/post"}],"author":[{"embeddable":true,"href":"https:\/\/gops-urszulin.pl\/index.php\/wp-json\/wp\/v2\/users\/1"}],"replies":[{"embeddable":true,"href":"https:\/\/gops-urszulin.pl\/index.php\/wp-json\/wp\/v2\/comments?post=27"}],"version-history":[{"count":3,"href":"https:\/\/gops-urszulin.pl\/index.php\/wp-json\/wp\/v2\/posts\/27\/revisions"}],"predecessor-version":[{"id":580,"href":"https:\/\/gops-urszulin.pl\/index.php\/wp-json\/wp\/v2\/posts\/27\/revisions\/580"}],"wp:attachment":[{"href":"https:\/\/gops-urszulin.pl\/index.php\/wp-json\/wp\/v2\/media?parent=27"}],"wp:term":[{"taxonomy":"category","embeddable":true,"href":"https:\/\/gops-urszulin.pl\/index.php\/wp-json\/wp\/v2\/categories?post=27"},{"taxonomy":"post_tag","embeddable":true,"href":"https:\/\/gops-urszulin.pl\/index.php\/wp-json\/wp\/v2\/tags?post=27"}],"curies":[{"name":"wp","href":"https:\/\/api.w.org\/{rel}","templated":true}]}}