{"id":254,"date":"2018-05-26T09:29:42","date_gmt":"2018-05-26T07:29:42","guid":{"rendered":"https:\/\/gops-urszulin.pl\/?p=254"},"modified":"2025-03-19T09:59:27","modified_gmt":"2025-03-19T08:59:27","slug":"zespol-interdyscyplinarny-ds-przeciwdzialania-przemocy-w-urszulinie","status":"publish","type":"post","link":"https:\/\/gops-urszulin.pl\/index.php\/2018\/05\/26\/zespol-interdyscyplinarny-ds-przeciwdzialania-przemocy-w-urszulinie\/","title":{"rendered":"Zesp\u00f3\u0142 Interdyscyplinarny ds. Przeciwdzia\u0142ania Przemocy w Urszulinie"},"content":{"rendered":"<p><img loading=\"lazy\" decoding=\"async\" class=\"aligncenter size-full wp-image-1497\" src=\"https:\/\/gops-urszulin.pl\/wp-content\/uploads\/2025\/03\/archives_in_text.png\" alt=\"\" width=\"222\" height=\"58\" \/><\/p>\n<p><strong>Je\u017celi wobec Ciebie stosowana jest przemoc lub jeste\u015b \u015bwiadkiem stosowania przemocy w rodzinie zareaguj:<\/strong><\/p>\n<p><strong>Zesp\u00f3\u0142 Interdyscyplinarny ds. Przeciwdzia\u0142ania Przemocy w Urszulinie<\/strong><\/p>\n<p>siedziba: Gminny O\u015brodek Pomocy Spo\u0142ecznej w Urszulinie, ul. Lubelska 31, 22-234 Urszulin<\/p>\n<p>Gdzie zg\u0142osi\u0107 si\u0119 po pomoc:<\/p>\n<ul>\n<li>Zesp\u00f3\u0142 Interdyscyplinarny ds. Przeciwdzia\u0142ania Przemocy w Urszulinie, ul. Lubelska 31, 22-234 Urszulin tel.: \/82\/ 592-00-11\u00a0| \/82\/ 592-00-12<\/li>\n<li>Gminna Komisja ds. Rozwi\u0105zywania Problem\u00f3w Alkoholowych w Urszulinie, ul. Kwiatowa 35, 22-234 Urszulin tel.: \/82\/ 592-00-08<\/li>\n<li>Gminny O\u015brodek Pomocy Spo\u0142ecznej w Urszulinie, ul. Lubelska 31, 22-234 Urszulin, tel.:\u00a0\/82\/ 571-30-44<\/li>\n<li>Komisariat Policji w Urszulinie, ul. Lubelska 31, tel.: \/82\/ 572-72-84 | tel. alarmowy: 112<\/li>\n<li><strong>Filia Centrum Pomocy Interdyscyplinarnej we W\u0142odawie<\/strong>, ul. Tr\u0119backa 3, 22-200 W\u0142odawa tel.: 504-806-441 | 783-510-310<\/li>\n<\/ul>\n<p>Filia CPI w W\u0142odawie udziela bezp\u0142atnego\u00a0wsparcia dla os\u00f3b pokrzywdzonych przest\u0119pstwem i ich rodzin:<\/p>\n<ul>\n<li>poradnictwo prawne<\/li>\n<li>poradnictwo psychologiczne<\/li>\n<li>psychoterapia<\/li>\n<li>terapia dzieci skrzywdzonych przest\u0119pstwem<\/li>\n<li>doradztwo zawodowe<\/li>\n<li>pokrycie koszt\u00f3w zwi\u0105zanych z edukacj\u0105 og\u00f3lnokszta\u0142c\u0105c\u0105 i zawodow\u0105<\/li>\n<li>dostosowanie lokalu mieszkalnego do potrzeb osoby pokrzywdzonej, kt\u00f3ra utraci\u0142a sprawno\u015b\u0107 fizyczn\u0105<\/li>\n<li>udzielanie schronienia w ramach mieszkania interwencyjnego<\/li>\n<li>finansowanie dojazdu do CPI w Lublinie, Parczewie, W\u0142odawie, Zamo\u015bciu, Bia\u0142ej Podlaskiej<\/li>\n<li>konsultacje z pracownikiem socjalnym<\/li>\n<li>bony \u017cywno\u015bciowe<\/li>\n<li>zakupy odzie\u017cy obuwia i \u015brodk\u00f3w czysto\u015bci<\/li>\n<li>dofinansowanie do czynszu<\/li>\n<li>pokrycie koszt\u00f3w \u015bwiadcze\u0144 zdrowotnych oraz wyrob\u00f3w medycznych wymaganych w procesie leczenia w zwi\u0105zku z uszczerbkiem na zdrowiu w wyniku przest\u0119pstwa.<\/li>\n<\/ul>\n","protected":false},"excerpt":{"rendered":"<p>Je\u017celi wobec Ciebie jest stosowana przemoc w rodzinie zareaguj. Zobacz gdzie zg\u0142osi\u0107 si\u0119 o pomoc.<\/p>\n","protected":false},"author":1,"featured_media":1499,"comment_status":"closed","ping_status":"closed","sticky":false,"template":"","format":"standard","meta":{"footnotes":""},"categories":[7],"tags":[16,32,31,30],"class_list":["post-254","post","type-post","status-publish","format-standard","has-post-thumbnail","hentry","category-archiwum","tag-kontakt","tag-przeciwdzialanie-przemocy","tag-zespol-interdyscyplinarny","tag-zi"],"yoast_head":"<!-- This site is optimized with the Yoast SEO plugin v27.4 - https:\/\/yoast.com\/product\/yoast-seo-wordpress\/ -->\n<title>ZI ds. Przeciwdzia\u0142ania Przemocy w Rodzinie - Gminny O\u015brodek Pomocy Spo\u0142ecznej w Urszulinie<\/title>\n<meta name=\"description\" content=\"Je\u017celi wobec Ciebie jest stosowana przemoc w rodzinie zareaguj. Zobacz gdzie zg\u0142osi\u0107 si\u0119 o pomoc.\" \/>\n<meta name=\"robots\" content=\"index, follow, max-snippet:-1, max-image-preview:large, max-video-preview:-1\" \/>\n<link rel=\"canonical\" href=\"https:\/\/gops-urszulin.pl\/index.php\/2018\/05\/26\/zespol-interdyscyplinarny-ds-przeciwdzialania-przemocy-w-urszulinie\/\" \/>\n<meta property=\"og:locale\" content=\"pl_PL\" \/>\n<meta property=\"og:type\" content=\"article\" \/>\n<meta property=\"og:title\" content=\"ZI ds. Przeciwdzia\u0142ania Przemocy w Rodzinie - Gminny O\u015brodek Pomocy Spo\u0142ecznej w Urszulinie\" \/>\n<meta property=\"og:description\" content=\"Je\u017celi wobec Ciebie jest stosowana przemoc w rodzinie zareaguj. Zobacz gdzie zg\u0142osi\u0107 si\u0119 o pomoc.\" \/>\n<meta property=\"og:url\" content=\"https:\/\/gops-urszulin.pl\/index.php\/2018\/05\/26\/zespol-interdyscyplinarny-ds-przeciwdzialania-przemocy-w-urszulinie\/\" \/>\n<meta property=\"og:site_name\" content=\"Gminny O\u015brodek Pomocy Spo\u0142ecznej w Urszulinie\" \/>\n<meta property=\"article:published_time\" content=\"2018-05-26T07:29:42+00:00\" \/>\n<meta property=\"article:modified_time\" content=\"2025-03-19T08:59:27+00:00\" \/>\n<meta property=\"og:image\" content=\"https:\/\/gops-urszulin.pl\/wp-content\/uploads\/2025\/03\/post_archives.png\" \/>\n\t<meta property=\"og:image:width\" content=\"260\" \/>\n\t<meta property=\"og:image:height\" content=\"140\" \/>\n\t<meta property=\"og:image:type\" content=\"image\/png\" \/>\n<meta name=\"author\" content=\"admin\" \/>\n<meta name=\"twitter:card\" content=\"summary_large_image\" \/>\n<meta name=\"twitter:label1\" content=\"Napisane przez\" \/>\n\t<meta name=\"twitter:data1\" content=\"admin\" \/>\n\t<meta name=\"twitter:label2\" content=\"Szacowany czas czytania\" \/>\n\t<meta name=\"twitter:data2\" content=\"2 minuty\" \/>\n<script type=\"application\/ld+json\" class=\"yoast-schema-graph\">{\"@context\":\"https:\\\/\\\/schema.org\",\"@graph\":[{\"@type\":\"Article\",\"@id\":\"https:\\\/\\\/gops-urszulin.pl\\\/index.php\\\/2018\\\/05\\\/26\\\/zespol-interdyscyplinarny-ds-przeciwdzialania-przemocy-w-urszulinie\\\/#article\",\"isPartOf\":{\"@id\":\"https:\\\/\\\/gops-urszulin.pl\\\/index.php\\\/2018\\\/05\\\/26\\\/zespol-interdyscyplinarny-ds-przeciwdzialania-przemocy-w-urszulinie\\\/\"},\"author\":{\"name\":\"admin\",\"@id\":\"https:\\\/\\\/gops-urszulin.pl\\\/#\\\/schema\\\/person\\\/4321ac06fcb9fcbcb4e6e099f2b2dd6f\"},\"headline\":\"Zesp\u00f3\u0142 Interdyscyplinarny ds. Przeciwdzia\u0142ania Przemocy w Urszulinie\",\"datePublished\":\"2018-05-26T07:29:42+00:00\",\"dateModified\":\"2025-03-19T08:59:27+00:00\",\"mainEntityOfPage\":{\"@id\":\"https:\\\/\\\/gops-urszulin.pl\\\/index.php\\\/2018\\\/05\\\/26\\\/zespol-interdyscyplinarny-ds-przeciwdzialania-przemocy-w-urszulinie\\\/\"},\"wordCount\":247,\"image\":{\"@id\":\"https:\\\/\\\/gops-urszulin.pl\\\/index.php\\\/2018\\\/05\\\/26\\\/zespol-interdyscyplinarny-ds-przeciwdzialania-przemocy-w-urszulinie\\\/#primaryimage\"},\"thumbnailUrl\":\"https:\\\/\\\/gops-urszulin.pl\\\/wp-content\\\/uploads\\\/2025\\\/03\\\/post_archives.png\",\"keywords\":[\"kontakt\",\"przeciwdzia\u0142anie przemocy\",\"Zesp\u00f3\u0142 interdyscyplinarny\",\"ZI\"],\"articleSection\":[\"Archiwum\"],\"inLanguage\":\"pl-PL\"},{\"@type\":\"WebPage\",\"@id\":\"https:\\\/\\\/gops-urszulin.pl\\\/index.php\\\/2018\\\/05\\\/26\\\/zespol-interdyscyplinarny-ds-przeciwdzialania-przemocy-w-urszulinie\\\/\",\"url\":\"https:\\\/\\\/gops-urszulin.pl\\\/index.php\\\/2018\\\/05\\\/26\\\/zespol-interdyscyplinarny-ds-przeciwdzialania-przemocy-w-urszulinie\\\/\",\"name\":\"ZI ds. Przeciwdzia\u0142ania Przemocy w Rodzinie - Gminny O\u015brodek Pomocy Spo\u0142ecznej w Urszulinie\",\"isPartOf\":{\"@id\":\"https:\\\/\\\/gops-urszulin.pl\\\/#website\"},\"primaryImageOfPage\":{\"@id\":\"https:\\\/\\\/gops-urszulin.pl\\\/index.php\\\/2018\\\/05\\\/26\\\/zespol-interdyscyplinarny-ds-przeciwdzialania-przemocy-w-urszulinie\\\/#primaryimage\"},\"image\":{\"@id\":\"https:\\\/\\\/gops-urszulin.pl\\\/index.php\\\/2018\\\/05\\\/26\\\/zespol-interdyscyplinarny-ds-przeciwdzialania-przemocy-w-urszulinie\\\/#primaryimage\"},\"thumbnailUrl\":\"https:\\\/\\\/gops-urszulin.pl\\\/wp-content\\\/uploads\\\/2025\\\/03\\\/post_archives.png\",\"datePublished\":\"2018-05-26T07:29:42+00:00\",\"dateModified\":\"2025-03-19T08:59:27+00:00\",\"author\":{\"@id\":\"https:\\\/\\\/gops-urszulin.pl\\\/#\\\/schema\\\/person\\\/4321ac06fcb9fcbcb4e6e099f2b2dd6f\"},\"description\":\"Je\u017celi wobec Ciebie jest stosowana przemoc w rodzinie zareaguj. Zobacz gdzie zg\u0142osi\u0107 si\u0119 o pomoc.\",\"breadcrumb\":{\"@id\":\"https:\\\/\\\/gops-urszulin.pl\\\/index.php\\\/2018\\\/05\\\/26\\\/zespol-interdyscyplinarny-ds-przeciwdzialania-przemocy-w-urszulinie\\\/#breadcrumb\"},\"inLanguage\":\"pl-PL\",\"potentialAction\":[{\"@type\":\"ReadAction\",\"target\":[\"https:\\\/\\\/gops-urszulin.pl\\\/index.php\\\/2018\\\/05\\\/26\\\/zespol-interdyscyplinarny-ds-przeciwdzialania-przemocy-w-urszulinie\\\/\"]}]},{\"@type\":\"ImageObject\",\"inLanguage\":\"pl-PL\",\"@id\":\"https:\\\/\\\/gops-urszulin.pl\\\/index.php\\\/2018\\\/05\\\/26\\\/zespol-interdyscyplinarny-ds-przeciwdzialania-przemocy-w-urszulinie\\\/#primaryimage\",\"url\":\"https:\\\/\\\/gops-urszulin.pl\\\/wp-content\\\/uploads\\\/2025\\\/03\\\/post_archives.png\",\"contentUrl\":\"https:\\\/\\\/gops-urszulin.pl\\\/wp-content\\\/uploads\\\/2025\\\/03\\\/post_archives.png\",\"width\":260,\"height\":140,\"caption\":\"logo wpisu archiwalnego\"},{\"@type\":\"BreadcrumbList\",\"@id\":\"https:\\\/\\\/gops-urszulin.pl\\\/index.php\\\/2018\\\/05\\\/26\\\/zespol-interdyscyplinarny-ds-przeciwdzialania-przemocy-w-urszulinie\\\/#breadcrumb\",\"itemListElement\":[{\"@type\":\"ListItem\",\"position\":1,\"name\":\"Strona g\u0142\u00f3wna\",\"item\":\"https:\\\/\\\/gops-urszulin.pl\\\/\"},{\"@type\":\"ListItem\",\"position\":2,\"name\":\"Zesp\u00f3\u0142 Interdyscyplinarny ds. Przeciwdzia\u0142ania Przemocy w Urszulinie\"}]},{\"@type\":\"WebSite\",\"@id\":\"https:\\\/\\\/gops-urszulin.pl\\\/#website\",\"url\":\"https:\\\/\\\/gops-urszulin.pl\\\/\",\"name\":\"Gminny O\u015brodek Pomocy Spo\u0142ecznej w Urszulinie\",\"description\":\"\",\"potentialAction\":[{\"@type\":\"SearchAction\",\"target\":{\"@type\":\"EntryPoint\",\"urlTemplate\":\"https:\\\/\\\/gops-urszulin.pl\\\/?s={search_term_string}\"},\"query-input\":{\"@type\":\"PropertyValueSpecification\",\"valueRequired\":true,\"valueName\":\"search_term_string\"}}],\"inLanguage\":\"pl-PL\"},{\"@type\":\"Person\",\"@id\":\"https:\\\/\\\/gops-urszulin.pl\\\/#\\\/schema\\\/person\\\/4321ac06fcb9fcbcb4e6e099f2b2dd6f\",\"name\":\"admin\",\"sameAs\":[\"http:\\\/\\\/gops-urszulin.pl\"],\"url\":\"https:\\\/\\\/gops-urszulin.pl\\\/index.php\\\/author\\\/marek\\\/\"}]}<\/script>\n<!-- \/ Yoast SEO plugin. -->","yoast_head_json":{"title":"ZI ds. Przeciwdzia\u0142ania Przemocy w Rodzinie - Gminny O\u015brodek Pomocy Spo\u0142ecznej w Urszulinie","description":"Je\u017celi wobec Ciebie jest stosowana przemoc w rodzinie zareaguj. Zobacz gdzie zg\u0142osi\u0107 si\u0119 o pomoc.","robots":{"index":"index","follow":"follow","max-snippet":"max-snippet:-1","max-image-preview":"max-image-preview:large","max-video-preview":"max-video-preview:-1"},"canonical":"https:\/\/gops-urszulin.pl\/index.php\/2018\/05\/26\/zespol-interdyscyplinarny-ds-przeciwdzialania-przemocy-w-urszulinie\/","og_locale":"pl_PL","og_type":"article","og_title":"ZI ds. Przeciwdzia\u0142ania Przemocy w Rodzinie - Gminny O\u015brodek Pomocy Spo\u0142ecznej w Urszulinie","og_description":"Je\u017celi wobec Ciebie jest stosowana przemoc w rodzinie zareaguj. Zobacz gdzie zg\u0142osi\u0107 si\u0119 o pomoc.","og_url":"https:\/\/gops-urszulin.pl\/index.php\/2018\/05\/26\/zespol-interdyscyplinarny-ds-przeciwdzialania-przemocy-w-urszulinie\/","og_site_name":"Gminny O\u015brodek Pomocy Spo\u0142ecznej w Urszulinie","article_published_time":"2018-05-26T07:29:42+00:00","article_modified_time":"2025-03-19T08:59:27+00:00","og_image":[{"width":260,"height":140,"url":"https:\/\/gops-urszulin.pl\/wp-content\/uploads\/2025\/03\/post_archives.png","type":"image\/png"}],"author":"admin","twitter_card":"summary_large_image","twitter_misc":{"Napisane przez":"admin","Szacowany czas czytania":"2 minuty"},"schema":{"@context":"https:\/\/schema.org","@graph":[{"@type":"Article","@id":"https:\/\/gops-urszulin.pl\/index.php\/2018\/05\/26\/zespol-interdyscyplinarny-ds-przeciwdzialania-przemocy-w-urszulinie\/#article","isPartOf":{"@id":"https:\/\/gops-urszulin.pl\/index.php\/2018\/05\/26\/zespol-interdyscyplinarny-ds-przeciwdzialania-przemocy-w-urszulinie\/"},"author":{"name":"admin","@id":"https:\/\/gops-urszulin.pl\/#\/schema\/person\/4321ac06fcb9fcbcb4e6e099f2b2dd6f"},"headline":"Zesp\u00f3\u0142 Interdyscyplinarny ds. Przeciwdzia\u0142ania Przemocy w Urszulinie","datePublished":"2018-05-26T07:29:42+00:00","dateModified":"2025-03-19T08:59:27+00:00","mainEntityOfPage":{"@id":"https:\/\/gops-urszulin.pl\/index.php\/2018\/05\/26\/zespol-interdyscyplinarny-ds-przeciwdzialania-przemocy-w-urszulinie\/"},"wordCount":247,"image":{"@id":"https:\/\/gops-urszulin.pl\/index.php\/2018\/05\/26\/zespol-interdyscyplinarny-ds-przeciwdzialania-przemocy-w-urszulinie\/#primaryimage"},"thumbnailUrl":"https:\/\/gops-urszulin.pl\/wp-content\/uploads\/2025\/03\/post_archives.png","keywords":["kontakt","przeciwdzia\u0142anie przemocy","Zesp\u00f3\u0142 interdyscyplinarny","ZI"],"articleSection":["Archiwum"],"inLanguage":"pl-PL"},{"@type":"WebPage","@id":"https:\/\/gops-urszulin.pl\/index.php\/2018\/05\/26\/zespol-interdyscyplinarny-ds-przeciwdzialania-przemocy-w-urszulinie\/","url":"https:\/\/gops-urszulin.pl\/index.php\/2018\/05\/26\/zespol-interdyscyplinarny-ds-przeciwdzialania-przemocy-w-urszulinie\/","name":"ZI ds. Przeciwdzia\u0142ania Przemocy w Rodzinie - Gminny O\u015brodek Pomocy Spo\u0142ecznej w Urszulinie","isPartOf":{"@id":"https:\/\/gops-urszulin.pl\/#website"},"primaryImageOfPage":{"@id":"https:\/\/gops-urszulin.pl\/index.php\/2018\/05\/26\/zespol-interdyscyplinarny-ds-przeciwdzialania-przemocy-w-urszulinie\/#primaryimage"},"image":{"@id":"https:\/\/gops-urszulin.pl\/index.php\/2018\/05\/26\/zespol-interdyscyplinarny-ds-przeciwdzialania-przemocy-w-urszulinie\/#primaryimage"},"thumbnailUrl":"https:\/\/gops-urszulin.pl\/wp-content\/uploads\/2025\/03\/post_archives.png","datePublished":"2018-05-26T07:29:42+00:00","dateModified":"2025-03-19T08:59:27+00:00","author":{"@id":"https:\/\/gops-urszulin.pl\/#\/schema\/person\/4321ac06fcb9fcbcb4e6e099f2b2dd6f"},"description":"Je\u017celi wobec Ciebie jest stosowana przemoc w rodzinie zareaguj. Zobacz gdzie zg\u0142osi\u0107 si\u0119 o pomoc.","breadcrumb":{"@id":"https:\/\/gops-urszulin.pl\/index.php\/2018\/05\/26\/zespol-interdyscyplinarny-ds-przeciwdzialania-przemocy-w-urszulinie\/#breadcrumb"},"inLanguage":"pl-PL","potentialAction":[{"@type":"ReadAction","target":["https:\/\/gops-urszulin.pl\/index.php\/2018\/05\/26\/zespol-interdyscyplinarny-ds-przeciwdzialania-przemocy-w-urszulinie\/"]}]},{"@type":"ImageObject","inLanguage":"pl-PL","@id":"https:\/\/gops-urszulin.pl\/index.php\/2018\/05\/26\/zespol-interdyscyplinarny-ds-przeciwdzialania-przemocy-w-urszulinie\/#primaryimage","url":"https:\/\/gops-urszulin.pl\/wp-content\/uploads\/2025\/03\/post_archives.png","contentUrl":"https:\/\/gops-urszulin.pl\/wp-content\/uploads\/2025\/03\/post_archives.png","width":260,"height":140,"caption":"logo wpisu archiwalnego"},{"@type":"BreadcrumbList","@id":"https:\/\/gops-urszulin.pl\/index.php\/2018\/05\/26\/zespol-interdyscyplinarny-ds-przeciwdzialania-przemocy-w-urszulinie\/#breadcrumb","itemListElement":[{"@type":"ListItem","position":1,"name":"Strona g\u0142\u00f3wna","item":"https:\/\/gops-urszulin.pl\/"},{"@type":"ListItem","position":2,"name":"Zesp\u00f3\u0142 Interdyscyplinarny ds. Przeciwdzia\u0142ania Przemocy w Urszulinie"}]},{"@type":"WebSite","@id":"https:\/\/gops-urszulin.pl\/#website","url":"https:\/\/gops-urszulin.pl\/","name":"Gminny O\u015brodek Pomocy Spo\u0142ecznej w Urszulinie","description":"","potentialAction":[{"@type":"SearchAction","target":{"@type":"EntryPoint","urlTemplate":"https:\/\/gops-urszulin.pl\/?s={search_term_string}"},"query-input":{"@type":"PropertyValueSpecification","valueRequired":true,"valueName":"search_term_string"}}],"inLanguage":"pl-PL"},{"@type":"Person","@id":"https:\/\/gops-urszulin.pl\/#\/schema\/person\/4321ac06fcb9fcbcb4e6e099f2b2dd6f","name":"admin","sameAs":["https:\/\/gops-urszulin.pl"],"url":"https:\/\/gops-urszulin.pl\/index.php\/author\/marek\/"}]}},"_links":{"self":[{"href":"https:\/\/gops-urszulin.pl\/index.php\/wp-json\/wp\/v2\/posts\/254","targetHints":{"allow":["GET"]}}],"collection":[{"href":"https:\/\/gops-urszulin.pl\/index.php\/wp-json\/wp\/v2\/posts"}],"about":[{"href":"https:\/\/gops-urszulin.pl\/index.php\/wp-json\/wp\/v2\/types\/post"}],"author":[{"embeddable":true,"href":"https:\/\/gops-urszulin.pl\/index.php\/wp-json\/wp\/v2\/users\/1"}],"replies":[{"embeddable":true,"href":"https:\/\/gops-urszulin.pl\/index.php\/wp-json\/wp\/v2\/comments?post=254"}],"version-history":[{"count":6,"href":"https:\/\/gops-urszulin.pl\/index.php\/wp-json\/wp\/v2\/posts\/254\/revisions"}],"predecessor-version":[{"id":1506,"href":"https:\/\/gops-urszulin.pl\/index.php\/wp-json\/wp\/v2\/posts\/254\/revisions\/1506"}],"wp:featuredmedia":[{"embeddable":true,"href":"https:\/\/gops-urszulin.pl\/index.php\/wp-json\/wp\/v2\/media\/1499"}],"wp:attachment":[{"href":"https:\/\/gops-urszulin.pl\/index.php\/wp-json\/wp\/v2\/media?parent=254"}],"wp:term":[{"taxonomy":"category","embeddable":true,"href":"https:\/\/gops-urszulin.pl\/index.php\/wp-json\/wp\/v2\/categories?post=254"},{"taxonomy":"post_tag","embeddable":true,"href":"https:\/\/gops-urszulin.pl\/index.php\/wp-json\/wp\/v2\/tags?post=254"}],"curies":[{"name":"wp","href":"https:\/\/api.w.org\/{rel}","templated":true}]}}