{"id":1974,"date":"2026-09-01T07:50:15","date_gmt":"2026-09-01T06:50:15","guid":{"rendered":"https:\/\/gops-urszulin.pl\/?p=1974"},"modified":"2026-09-01T07:50:16","modified_gmt":"2026-09-01T06:50:16","slug":"konkursie-grantowym-fundusz-inicjatyw-mrw-dzialam-bo-lubie","status":"publish","type":"post","link":"https:\/\/gops-urszulin.pl\/index.php\/2026\/09\/01\/konkursie-grantowym-fundusz-inicjatyw-mrw-dzialam-bo-lubie\/","title":{"rendered":"Konkursie grantowym \u201eFundusz Inicjatyw MRW \u2013 Dzia\u0142am, bo lubi\u0119!&#8221;"},"content":{"rendered":"<p>Informacja o konkursie grantowym \u201eFundusz Inicjatyw MRW \u2013 Dzia\u0142am, bo lubi\u0119!&#8221; na mini granty dla organizacji pozarz\u0105dowych.<\/p>\n<p><strong>Minigranty od 3 000 do 5 000 z\u0142 na lokalne inicjatywy &#8211; trwa nab\u00f3r wniosk\u00f3w<\/strong><\/p>\n<p>Ruszy\u0142 nab\u00f3r wniosk\u00f3w w konkursie grantowym <strong>\u201eFundusz Inicjatyw MRW \u2014 Dzia\u0142am, bo lubi\u0119!&#8221;<\/strong>. Organizacje pozarz\u0105dowe i podmioty z naszego regionu mog\u0105 zdoby\u0107 minigrant w wysoko\u015bci <strong>od 3 000 do 5 000 z\u0142<\/strong> na oddolne dzia\u0142ania anga\u017cuj\u0105ce lokaln\u0105 spo\u0142eczno\u015b\u0107.<\/p>\n<p>Konkurs realizowany jest w ramach obchod\u00f3w <strong>Mi\u0119dzynarodowego Roku Wolontariatu 2026<\/strong> i finansowany przez Narodowy Instytut Wolno\u015bci &#8211; Centrum Rozwoju Spo\u0142ecze\u0144stwa Obywatelskiego. Prowadz\u0105 go wsp\u00f3lnie trzej Operatorzy: Bieszczadzki Uniwersytet Ludowy, Stowarzyszenie Sursum Corda oraz Fundacja Bieszczadzka. Program obejmuje wojew\u00f3dztwa: \u015bwi\u0119tokrzyskie, lubelskie, podkarpackie i ma\u0142opolskie, a wsparcie otrzyma co najmniej 100 inicjatyw.<\/p>\n<p><strong>Kto mo\u017ce si\u0119 ubiega\u0107 o dotacj\u0119<\/strong><\/p>\n<p>O minigrant mog\u0105 wnioskowa\u0107 organizacje pozarz\u0105dowe oraz podmioty wymienione w art. 3 ust. 3 ustawy o dzia\u0142alno\u015bci po\u017cytku publicznego i o wolontariacie &#8211; m.in. stowarzyszenia, fundacje, ko\u0142a gospody\u0144 wiejskich, sp\u00f3\u0142dzielnie socjalne i podmioty ko\u015bcielne &#8211; zarejestrowane i dzia\u0142aj\u0105ce na terenie jednego z czterech wskazanych wojew\u00f3dztw. Z dotacji nie mog\u0105 skorzysta\u0107 osoby fizyczne ani jednostki samorz\u0105du terytorialnego.<\/p>\n<p><strong>Na co mo\u017cna przeznaczy\u0107 \u015brodki<\/strong><\/p>\n<p>Dofinansowanie mo\u017cna otrzyma\u0107 na oddolne inicjatywy, kt\u00f3re wzmacniaj\u0105 aktywno\u015b\u0107 obywatelsk\u0105, anga\u017cuj\u0105 lokaln\u0105 spo\u0142eczno\u015b\u0107, promuj\u0105 wolontariat i wpisuj\u0105 si\u0119 w obchody Mi\u0119dzynarodowego Roku Wolontariatu. Mog\u0105 to by\u0107 na przyk\u0142ad lokalne akcje i wydarzenia spo\u0142eczne, warsztaty i spotkania, dzia\u0142ania na rzecz senior\u00f3w, dzieci czy s\u0105siad\u00f3w, inicjatywy ekologiczne, kulturalne lub edukacyjne. Liczy si\u0119 realny efekt dla lokalnej spo\u0142eczno\u015bci i zaanga\u017cowanie wolontariuszy. Poza wsparciem finansowym Operatorzy zapewniaj\u0105 doradztwo, konsultacje oraz pomoc animator\u00f3w spo\u0142ecznych.<\/p>\n<p><strong>Jak i do kiedy z\u0142o\u017cy\u0107 wniosek<\/strong><\/p>\n<p>Wnioski sk\u0142ada si\u0119 <strong>wy\u0142\u0105cznie elektronicznie<\/strong> przez generator: <a href=\"https:\/\/generator.bieszczadzkiul.pl\/\">generator.bieszczadzkiul.pl<\/a> w terminie <strong>do 14 wrze\u015bnia 2026 r. do godz. 12:00<\/strong>. Jedna organizacja mo\u017ce z\u0142o\u017cy\u0107 jeden wniosek. Realizacja inicjatyw przewidziana jest w okresie <strong>od 1 pa\u017adziernika do 15 listopada 2026 r.<\/strong><\/p>\n<p><strong>Bezp\u0142atne spotkania informacyjne online<\/strong><\/p>\n<p>Operatorzy zapraszaj\u0105 na spotkania, podczas kt\u00f3rych wyja\u015bniaj\u0105 zasady konkursu i pomagaj\u0105 przygotowa\u0107 wniosek. Najbli\u017csze terminy:<\/p>\n<p><strong>28.08, godz.10:00 <\/strong><a href=\"https:\/\/teams.microsoft.com\/meet\/355799208606012%E2%80%A6\"><strong>https:\/\/teams.microsoft.com\/meet\/355799208606012\u2026<\/strong><\/a><\/p>\n<p><strong>2.09, godz. 17:00<\/strong><a href=\"https:\/\/teams.microsoft.com\/meet\/313208122081628?p=QDMy3bhdX9u8kmMP8y&amp;fbclid=IwcGRvZgFleHRuA2FlbQIxMABicmlkETAxZ2h3UDVlR0l0eGRNY1Ftc3J0YwZhcHBfaWQQMjIyMDM5MTc4ODIwMDg5MgABHjCz2X3e91yeXNVOX03DyEfmOxJagN2323UkgdwRlT7xIjpgOcBSuN_Cz8pg_aem_fYdiVtfcI_ijdRMsMPxmDw\"><strong> https:\/\/teams.microsoft.com\/meet\/313208122081628&#8230;<\/strong><\/a><strong>\u00a0<\/strong><\/p>\n<p><strong>3.09, godz. 17:00 <\/strong><a href=\"https:\/\/meet.google.com\/aip-xkbx-qij?fbclid=IwcGRvZgFleHRuA2FlbQIxMABicmlkETAxZ2h3UDVlR0l0eGRNY1Ftc3J0YwZhcHBfaWQQMjIyMDM5MTc4ODIwMDg5MgABHpNuiGGjqed88QKigiMq1oe9BeSt2Cza6NBY7VEaUOJDViWGlUKUQWJzLaXq_aem_hdv2PXQ4DJHLuewttzlWJQ\"><strong>https:\/\/meet.google.com\/aip-xkbx-qij<\/strong><\/a><\/p>\n<p><strong>4.09, godz. 8:00 <\/strong><a href=\"https:\/\/meet.google.com\/dqu-pqgy-txk?fbclid=IwcGRvZgFleHRuA2FlbQIxMABicmlkETAxZ2h3UDVlR0l0eGRNY1Ftc3J0YwZhcHBfaWQQMjIyMDM5MTc4ODIwMDg5MgABHtQM5rwXGL6BJcS6gPtQLKfo5m8pUgcCdIfU0Pd2v4R1QLYYQNt2u6R-fWBE_aem_F2znFdhZBeLG0Kr6Hnw14Q\"><strong>https:\/\/meet.google.com\/dqu-pqgy-txk<\/strong><\/a><\/p>\n<p><strong>11.09, godz. 10:00 <\/strong><a href=\"https:\/\/teams.microsoft.com\/meet\/397371747794862?p=UhUuKGnzOS2Lypidhk&amp;fbclid=IwcGRvZgFleHRuA2FlbQIxMABicmlkETAxZ2h3UDVlR0l0eGRNY1Ftc3J0YwZhcHBfaWQQMjIyMDM5MTc4ODIwMDg5MgABHjCz2X3e91yeXNVOX03DyEfmOxJagN2323UkgdwRlT7xIjpgOcBSuN_Cz8pg_aem_fYdiVtfcI_ijdRMsMPxmDw\"><strong>https:\/\/teams.microsoft.com\/meet\/397371747794862&#8230;<\/strong><\/a><\/p>\n<p><strong><br \/><\/strong>Linki do spotka\u0144 oraz bie\u017c\u0105ce informacje o konkursie publikowane s\u0105 na profilu projektu na Facebooku: <a href=\"http:\/\/facebook.com\/mrw.dzialambolubie\"><strong>facebook.com\/mrw.dzialambolubie<\/strong><\/a><strong>\u00a0 <\/strong><\/p>\n<p>Szczeg\u00f3\u0142y oraz regulamin dost\u0119pne s\u0105 na stronach Operator\u00f3w konkursu.<\/p>\n<p><a href=\"https:\/\/www.facebook.com\/bieszczadzkiul?__cft__%5b0%5d=AZa9WFOqt6QVFEA0ze_iqI_kfzIzqYlfnC7Hq_31tOChGFBKC4B58CCLdxyHgJP1PJdJJoojlhPhVmfft5XcflOSF7GTPTe5SIsN2TZgIDBfRdXmHw2Hy2TSmrwLoFnBQXkhFQVz1ABYEJx8xsWNqYK_QiO21bhbzES3iKWgrZfu9GhqIt1mZb9Rar0PqYxuRn6xJBkdz7izts0VpN_u4LA2&amp;__tn__=-%5dK-R\">Bieszczadzki Uniwersytet Ludowy<\/a>:<\/p>\n<p><a href=\"http:\/\/www.bieszczadzkiul.pl\/konkurs-grantowy\/o-projekcie?fbclid=IwcGRvZgFleHRuA2FlbQIxMABicmlkETAxZ2h3UDVlR0l0eGRNY1Ftc3J0YwZhcHBfaWQQMjIyMDM5MTc4ODIwMDg5MgABHhCFix7RH13VzNUM1ykosG-ozH7Y5G97ZLUw579ExFpMxOY9pQvKhmTO5jvR_aem_WeEMsZcFYsqKWLQHCLqwLA\">www.bieszczadzkiul.pl\/konkurs-grantowy\/o-projekcie<\/a><\/p>\n<p><a href=\"https:\/\/www.facebook.com\/Stowarzyszenie.sursum.corda?__cft__%5b0%5d=AZa9WFOqt6QVFEA0ze_iqI_kfzIzqYlfnC7Hq_31tOChGFBKC4B58CCLdxyHgJP1PJdJJoojlhPhVmfft5XcflOSF7GTPTe5SIsN2TZgIDBfRdXmHw2Hy2TSmrwLoFnBQXkhFQVz1ABYEJx8xsWNqYK_QiO21bhbzES3iKWgrZfu9GhqIt1mZb9Rar0PqYxuRn6xJBkdz7izts0VpN_u4LA2&amp;__tn__=-%5dK-R\">Stowarzyszenie Sursum Corda \/w g\u00f3r\u0119 serca\/ 1,5% KRS 00000 20382<\/a>:<\/p>\n<p><a href=\"http:\/\/www.sc.org.pl\/co-robimy\/wolontariat\/fundusz-inicjatyw-mrw-26?fbclid=IwcGRvZgFleHRuA2FlbQIxMABicmlkETAxZ2h3UDVlR0l0eGRNY1Ftc3J0YwZhcHBfaWQQMjIyMDM5MTc4ODIwMDg5MgABHtKlu2yN7YM1tyAl1YGMSTSu5CFSeLfGquGs_u5CCBnri-ooCTsMXxOzDQYn_aem_bsLDcqeAFefOwEnZqIUvjg\">www.sc.org.pl\/co-robimy\/wolontariat\/fundusz-inicjatyw-mrw-26<\/a><\/p>\n<p><a href=\"https:\/\/www.facebook.com\/FundacjaBieszczadzka?__cft__%5b0%5d=AZa9WFOqt6QVFEA0ze_iqI_kfzIzqYlfnC7Hq_31tOChGFBKC4B58CCLdxyHgJP1PJdJJoojlhPhVmfft5XcflOSF7GTPTe5SIsN2TZgIDBfRdXmHw2Hy2TSmrwLoFnBQXkhFQVz1ABYEJx8xsWNqYK_QiO21bhbzES3iKWgrZfu9GhqIt1mZb9Rar0PqYxuRn6xJBkdz7izts0VpN_u4LA2&amp;__tn__=-%5dK-R\">Fundacja Bieszczadzka<\/a>:<\/p>\n<p><a href=\"http:\/\/www.fundacjabieszczadzka.org\/2026\/08\/25\/fundusz-inicjatywmiedzynarodowego-roku-wolontariatu-dzialam-bo-lubie\/?fbclid=IwcGRvZgFleHRuA2FlbQIxMABicmlkETAxZ2h3UDVlR0l0eGRNY1Ftc3J0YwZhcHBfaWQQMjIyMDM5MTc4ODIwMDg5MgABHrvB6qrboeoQMOpY5QlBj_AUzJnr6hwatnDmJWdKP_LR8G7b6pZuMhBUHt4L_aem_B4sbbPC9bzmrN1dRw3zT6w\">http:\/\/www.fundacjabieszczadzka.org\/&#8230;\/fundusz&#8230;\/<\/a><\/p>\n<p>Rok 2026 to Mi\u0119dzynarodowy Rok Wolontariatu &#8211; poka\u017cmy, \u017ce liczy si\u0119 ka\u017cdy gest!<\/p>\n<p>&nbsp;<\/p>\n\n<div class=\"wp-block-image\">\n<figure class=\"aligncenter size-large\"><img loading=\"lazy\" decoding=\"async\" width=\"724\" height=\"1024\" src=\"https:\/\/gops-urszulin.pl\/wp-content\/uploads\/2026\/09\/Plakat_konkursu_Fundusz_Inicjatyw_MRW_-_dzialam_bo_lubie-724x1024.jpg\" alt=\"\" class=\"wp-image-1975\" srcset=\"https:\/\/gops-urszulin.pl\/wp-content\/uploads\/2026\/09\/Plakat_konkursu_Fundusz_Inicjatyw_MRW_-_dzialam_bo_lubie-724x1024.jpg 724w, https:\/\/gops-urszulin.pl\/wp-content\/uploads\/2026\/09\/Plakat_konkursu_Fundusz_Inicjatyw_MRW_-_dzialam_bo_lubie-212x300.jpg 212w, https:\/\/gops-urszulin.pl\/wp-content\/uploads\/2026\/09\/Plakat_konkursu_Fundusz_Inicjatyw_MRW_-_dzialam_bo_lubie-768x1086.jpg 768w, https:\/\/gops-urszulin.pl\/wp-content\/uploads\/2026\/09\/Plakat_konkursu_Fundusz_Inicjatyw_MRW_-_dzialam_bo_lubie.jpg 842w\" sizes=\"auto, (max-width: 724px) 100vw, 724px\" \/><\/figure>\n<\/div>\n\n\n<p class=\"wp-block-paragraph\"><\/p>\n","protected":false},"excerpt":{"rendered":"<p>Informacja o konkursie grantowym \u201eFundusz Inicjatyw MRW \u2013 Dzia\u0142am, bo lubi\u0119!&#8221; na mini granty dla organizacji pozarz\u0105dowych.<\/p>\n","protected":false},"author":1,"featured_media":1500,"comment_status":"closed","ping_status":"closed","sticky":false,"template":"","format":"standard","meta":{"footnotes":""},"categories":[6,119,8],"tags":[13,231],"class_list":["post-1974","post","type-post","status-publish","format-standard","has-post-thumbnail","hentry","category-aktualnosci","category-informacja","category-ogloszenia","tag-informacja","tag-konkurs"],"yoast_head":"<!-- This site is optimized with the Yoast SEO plugin v28.3 - https:\/\/yoast.com\/product\/yoast-seo-wordpress\/ -->\n<title>Konkursie grantowym \u201eFundusz Inicjatyw MRW \u2013 Dzia\u0142am, bo lubi\u0119!&quot; - Gminny O\u015brodek Pomocy Spo\u0142ecznej w Urszulinie<\/title>\n<meta name=\"description\" content=\"Informacja o konkursie grantowym \u201eFundusz Inicjatyw MRW \u2013 Dzia\u0142am, bo lubi\u0119!&quot; na mini granty dla organizacji pozarz\u0105dowych.\" \/>\n<meta name=\"robots\" content=\"index, follow, max-snippet:-1, max-image-preview:large, max-video-preview:-1\" \/>\n<link rel=\"canonical\" href=\"https:\/\/gops-urszulin.pl\/index.php\/2026\/09\/01\/konkursie-grantowym-fundusz-inicjatyw-mrw-dzialam-bo-lubie\/\" \/>\n<meta property=\"og:locale\" content=\"pl_PL\" \/>\n<meta property=\"og:type\" content=\"article\" \/>\n<meta property=\"og:title\" content=\"Konkursie grantowym \u201eFundusz Inicjatyw MRW \u2013 Dzia\u0142am, bo lubi\u0119!&quot; - Gminny O\u015brodek Pomocy Spo\u0142ecznej w Urszulinie\" \/>\n<meta property=\"og:description\" content=\"Informacja o konkursie grantowym \u201eFundusz Inicjatyw MRW \u2013 Dzia\u0142am, bo lubi\u0119!&quot; na mini granty dla organizacji pozarz\u0105dowych.\" \/>\n<meta property=\"og:url\" content=\"https:\/\/gops-urszulin.pl\/index.php\/2026\/09\/01\/konkursie-grantowym-fundusz-inicjatyw-mrw-dzialam-bo-lubie\/\" \/>\n<meta property=\"og:site_name\" content=\"Gminny O\u015brodek Pomocy Spo\u0142ecznej w Urszulinie\" \/>\n<meta property=\"article:published_time\" content=\"2026-09-01T06:50:15+00:00\" \/>\n<meta property=\"article:modified_time\" content=\"2026-09-01T06:50:16+00:00\" \/>\n<meta property=\"og:image\" content=\"https:\/\/gops-urszulin.pl\/wp-content\/uploads\/2025\/03\/informaction.png\" \/>\n\t<meta property=\"og:image:width\" content=\"260\" \/>\n\t<meta property=\"og:image:height\" content=\"140\" \/>\n\t<meta property=\"og:image:type\" content=\"image\/png\" \/>\n<meta name=\"author\" content=\"admin\" \/>\n<meta name=\"twitter:card\" content=\"summary_large_image\" \/>\n<meta name=\"twitter:label1\" content=\"Napisane przez\" \/>\n\t<meta name=\"twitter:data1\" content=\"admin\" \/>\n\t<meta name=\"twitter:label2\" content=\"Szacowany czas czytania\" \/>\n\t<meta name=\"twitter:data2\" content=\"3 minuty\" \/>\n<script type=\"application\/ld+json\" class=\"yoast-schema-graph\">{\"@context\":\"https:\\\/\\\/schema.org\",\"@graph\":[{\"@type\":\"Article\",\"@id\":\"https:\\\/\\\/gops-urszulin.pl\\\/index.php\\\/2026\\\/09\\\/01\\\/konkursie-grantowym-fundusz-inicjatyw-mrw-dzialam-bo-lubie\\\/#article\",\"isPartOf\":{\"@id\":\"https:\\\/\\\/gops-urszulin.pl\\\/index.php\\\/2026\\\/09\\\/01\\\/konkursie-grantowym-fundusz-inicjatyw-mrw-dzialam-bo-lubie\\\/\"},\"author\":{\"name\":\"admin\",\"@id\":\"https:\\\/\\\/gops-urszulin.pl\\\/#\\\/schema\\\/person\\\/4321ac06fcb9fcbcb4e6e099f2b2dd6f\"},\"headline\":\"Konkursie grantowym \u201eFundusz Inicjatyw MRW \u2013 Dzia\u0142am, bo lubi\u0119!&#8221;\",\"datePublished\":\"2026-09-01T06:50:15+00:00\",\"dateModified\":\"2026-09-01T06:50:16+00:00\",\"mainEntityOfPage\":{\"@id\":\"https:\\\/\\\/gops-urszulin.pl\\\/index.php\\\/2026\\\/09\\\/01\\\/konkursie-grantowym-fundusz-inicjatyw-mrw-dzialam-bo-lubie\\\/\"},\"wordCount\":483,\"image\":{\"@id\":\"https:\\\/\\\/gops-urszulin.pl\\\/index.php\\\/2026\\\/09\\\/01\\\/konkursie-grantowym-fundusz-inicjatyw-mrw-dzialam-bo-lubie\\\/#primaryimage\"},\"thumbnailUrl\":\"https:\\\/\\\/gops-urszulin.pl\\\/wp-content\\\/uploads\\\/2025\\\/03\\\/informaction.png\",\"keywords\":[\"informacja\",\"konkurs\"],\"articleSection\":[\"Aktualno\u015bci\",\"Informacja\",\"Og\u0142oszenia\"],\"inLanguage\":\"pl-PL\"},{\"@type\":\"WebPage\",\"@id\":\"https:\\\/\\\/gops-urszulin.pl\\\/index.php\\\/2026\\\/09\\\/01\\\/konkursie-grantowym-fundusz-inicjatyw-mrw-dzialam-bo-lubie\\\/\",\"url\":\"https:\\\/\\\/gops-urszulin.pl\\\/index.php\\\/2026\\\/09\\\/01\\\/konkursie-grantowym-fundusz-inicjatyw-mrw-dzialam-bo-lubie\\\/\",\"name\":\"Konkursie grantowym \u201eFundusz Inicjatyw MRW \u2013 Dzia\u0142am, bo lubi\u0119!\\\" - Gminny O\u015brodek Pomocy Spo\u0142ecznej w Urszulinie\",\"isPartOf\":{\"@id\":\"https:\\\/\\\/gops-urszulin.pl\\\/#website\"},\"primaryImageOfPage\":{\"@id\":\"https:\\\/\\\/gops-urszulin.pl\\\/index.php\\\/2026\\\/09\\\/01\\\/konkursie-grantowym-fundusz-inicjatyw-mrw-dzialam-bo-lubie\\\/#primaryimage\"},\"image\":{\"@id\":\"https:\\\/\\\/gops-urszulin.pl\\\/index.php\\\/2026\\\/09\\\/01\\\/konkursie-grantowym-fundusz-inicjatyw-mrw-dzialam-bo-lubie\\\/#primaryimage\"},\"thumbnailUrl\":\"https:\\\/\\\/gops-urszulin.pl\\\/wp-content\\\/uploads\\\/2025\\\/03\\\/informaction.png\",\"datePublished\":\"2026-09-01T06:50:15+00:00\",\"dateModified\":\"2026-09-01T06:50:16+00:00\",\"author\":{\"@id\":\"https:\\\/\\\/gops-urszulin.pl\\\/#\\\/schema\\\/person\\\/4321ac06fcb9fcbcb4e6e099f2b2dd6f\"},\"description\":\"Informacja o konkursie grantowym \u201eFundusz Inicjatyw MRW \u2013 Dzia\u0142am, bo lubi\u0119!\\\" na mini granty dla organizacji pozarz\u0105dowych.\",\"breadcrumb\":{\"@id\":\"https:\\\/\\\/gops-urszulin.pl\\\/index.php\\\/2026\\\/09\\\/01\\\/konkursie-grantowym-fundusz-inicjatyw-mrw-dzialam-bo-lubie\\\/#breadcrumb\"},\"inLanguage\":\"pl-PL\",\"potentialAction\":[{\"@type\":\"ReadAction\",\"target\":[\"https:\\\/\\\/gops-urszulin.pl\\\/index.php\\\/2026\\\/09\\\/01\\\/konkursie-grantowym-fundusz-inicjatyw-mrw-dzialam-bo-lubie\\\/\"]}]},{\"@type\":\"ImageObject\",\"inLanguage\":\"pl-PL\",\"@id\":\"https:\\\/\\\/gops-urszulin.pl\\\/index.php\\\/2026\\\/09\\\/01\\\/konkursie-grantowym-fundusz-inicjatyw-mrw-dzialam-bo-lubie\\\/#primaryimage\",\"url\":\"https:\\\/\\\/gops-urszulin.pl\\\/wp-content\\\/uploads\\\/2025\\\/03\\\/informaction.png\",\"contentUrl\":\"https:\\\/\\\/gops-urszulin.pl\\\/wp-content\\\/uploads\\\/2025\\\/03\\\/informaction.png\",\"width\":260,\"height\":140,\"caption\":\"logo informacji\"},{\"@type\":\"BreadcrumbList\",\"@id\":\"https:\\\/\\\/gops-urszulin.pl\\\/index.php\\\/2026\\\/09\\\/01\\\/konkursie-grantowym-fundusz-inicjatyw-mrw-dzialam-bo-lubie\\\/#breadcrumb\",\"itemListElement\":[{\"@type\":\"ListItem\",\"position\":1,\"name\":\"Strona g\u0142\u00f3wna\",\"item\":\"https:\\\/\\\/gops-urszulin.pl\\\/\"},{\"@type\":\"ListItem\",\"position\":2,\"name\":\"Konkursie grantowym \u201eFundusz Inicjatyw MRW \u2013 Dzia\u0142am, bo lubi\u0119!&#8221;\"}]},{\"@type\":\"WebSite\",\"@id\":\"https:\\\/\\\/gops-urszulin.pl\\\/#website\",\"url\":\"https:\\\/\\\/gops-urszulin.pl\\\/\",\"name\":\"Gminny O\u015brodek Pomocy Spo\u0142ecznej w Urszulinie\",\"description\":\"\",\"potentialAction\":[{\"@type\":\"SearchAction\",\"target\":{\"@type\":\"EntryPoint\",\"urlTemplate\":\"https:\\\/\\\/gops-urszulin.pl\\\/?s={search_term_string}\"},\"query-input\":{\"@type\":\"PropertyValueSpecification\",\"valueRequired\":true,\"valueName\":\"search_term_string\"}}],\"inLanguage\":\"pl-PL\"},{\"@type\":\"Person\",\"@id\":\"https:\\\/\\\/gops-urszulin.pl\\\/#\\\/schema\\\/person\\\/4321ac06fcb9fcbcb4e6e099f2b2dd6f\",\"name\":\"admin\",\"sameAs\":[\"http:\\\/\\\/gops-urszulin.pl\"],\"url\":\"https:\\\/\\\/gops-urszulin.pl\\\/index.php\\\/author\\\/marek\\\/\"}]}<\/script>\n<!-- \/ Yoast SEO plugin. -->","yoast_head_json":{"title":"Konkursie grantowym \u201eFundusz Inicjatyw MRW \u2013 Dzia\u0142am, bo lubi\u0119!\" - Gminny O\u015brodek Pomocy Spo\u0142ecznej w Urszulinie","description":"Informacja o konkursie grantowym \u201eFundusz Inicjatyw MRW \u2013 Dzia\u0142am, bo lubi\u0119!\" na mini granty dla organizacji pozarz\u0105dowych.","robots":{"index":"index","follow":"follow","max-snippet":"max-snippet:-1","max-image-preview":"max-image-preview:large","max-video-preview":"max-video-preview:-1"},"canonical":"https:\/\/gops-urszulin.pl\/index.php\/2026\/09\/01\/konkursie-grantowym-fundusz-inicjatyw-mrw-dzialam-bo-lubie\/","og_locale":"pl_PL","og_type":"article","og_title":"Konkursie grantowym \u201eFundusz Inicjatyw MRW \u2013 Dzia\u0142am, bo lubi\u0119!\" - Gminny O\u015brodek Pomocy Spo\u0142ecznej w Urszulinie","og_description":"Informacja o konkursie grantowym \u201eFundusz Inicjatyw MRW \u2013 Dzia\u0142am, bo lubi\u0119!\" na mini granty dla organizacji pozarz\u0105dowych.","og_url":"https:\/\/gops-urszulin.pl\/index.php\/2026\/09\/01\/konkursie-grantowym-fundusz-inicjatyw-mrw-dzialam-bo-lubie\/","og_site_name":"Gminny O\u015brodek Pomocy Spo\u0142ecznej w Urszulinie","article_published_time":"2026-09-01T06:50:15+00:00","article_modified_time":"2026-09-01T06:50:16+00:00","og_image":[{"width":260,"height":140,"url":"https:\/\/gops-urszulin.pl\/wp-content\/uploads\/2025\/03\/informaction.png","type":"image\/png"}],"author":"admin","twitter_card":"summary_large_image","twitter_misc":{"Napisane przez":"admin","Szacowany czas czytania":"3 minuty"},"schema":{"@context":"https:\/\/schema.org","@graph":[{"@type":"Article","@id":"https:\/\/gops-urszulin.pl\/index.php\/2026\/09\/01\/konkursie-grantowym-fundusz-inicjatyw-mrw-dzialam-bo-lubie\/#article","isPartOf":{"@id":"https:\/\/gops-urszulin.pl\/index.php\/2026\/09\/01\/konkursie-grantowym-fundusz-inicjatyw-mrw-dzialam-bo-lubie\/"},"author":{"name":"admin","@id":"https:\/\/gops-urszulin.pl\/#\/schema\/person\/4321ac06fcb9fcbcb4e6e099f2b2dd6f"},"headline":"Konkursie grantowym \u201eFundusz Inicjatyw MRW \u2013 Dzia\u0142am, bo lubi\u0119!&#8221;","datePublished":"2026-09-01T06:50:15+00:00","dateModified":"2026-09-01T06:50:16+00:00","mainEntityOfPage":{"@id":"https:\/\/gops-urszulin.pl\/index.php\/2026\/09\/01\/konkursie-grantowym-fundusz-inicjatyw-mrw-dzialam-bo-lubie\/"},"wordCount":483,"image":{"@id":"https:\/\/gops-urszulin.pl\/index.php\/2026\/09\/01\/konkursie-grantowym-fundusz-inicjatyw-mrw-dzialam-bo-lubie\/#primaryimage"},"thumbnailUrl":"https:\/\/gops-urszulin.pl\/wp-content\/uploads\/2025\/03\/informaction.png","keywords":["informacja","konkurs"],"articleSection":["Aktualno\u015bci","Informacja","Og\u0142oszenia"],"inLanguage":"pl-PL"},{"@type":"WebPage","@id":"https:\/\/gops-urszulin.pl\/index.php\/2026\/09\/01\/konkursie-grantowym-fundusz-inicjatyw-mrw-dzialam-bo-lubie\/","url":"https:\/\/gops-urszulin.pl\/index.php\/2026\/09\/01\/konkursie-grantowym-fundusz-inicjatyw-mrw-dzialam-bo-lubie\/","name":"Konkursie grantowym \u201eFundusz Inicjatyw MRW \u2013 Dzia\u0142am, bo lubi\u0119!\" - Gminny O\u015brodek Pomocy Spo\u0142ecznej w Urszulinie","isPartOf":{"@id":"https:\/\/gops-urszulin.pl\/#website"},"primaryImageOfPage":{"@id":"https:\/\/gops-urszulin.pl\/index.php\/2026\/09\/01\/konkursie-grantowym-fundusz-inicjatyw-mrw-dzialam-bo-lubie\/#primaryimage"},"image":{"@id":"https:\/\/gops-urszulin.pl\/index.php\/2026\/09\/01\/konkursie-grantowym-fundusz-inicjatyw-mrw-dzialam-bo-lubie\/#primaryimage"},"thumbnailUrl":"https:\/\/gops-urszulin.pl\/wp-content\/uploads\/2025\/03\/informaction.png","datePublished":"2026-09-01T06:50:15+00:00","dateModified":"2026-09-01T06:50:16+00:00","author":{"@id":"https:\/\/gops-urszulin.pl\/#\/schema\/person\/4321ac06fcb9fcbcb4e6e099f2b2dd6f"},"description":"Informacja o konkursie grantowym \u201eFundusz Inicjatyw MRW \u2013 Dzia\u0142am, bo lubi\u0119!\" na mini granty dla organizacji pozarz\u0105dowych.","breadcrumb":{"@id":"https:\/\/gops-urszulin.pl\/index.php\/2026\/09\/01\/konkursie-grantowym-fundusz-inicjatyw-mrw-dzialam-bo-lubie\/#breadcrumb"},"inLanguage":"pl-PL","potentialAction":[{"@type":"ReadAction","target":["https:\/\/gops-urszulin.pl\/index.php\/2026\/09\/01\/konkursie-grantowym-fundusz-inicjatyw-mrw-dzialam-bo-lubie\/"]}]},{"@type":"ImageObject","inLanguage":"pl-PL","@id":"https:\/\/gops-urszulin.pl\/index.php\/2026\/09\/01\/konkursie-grantowym-fundusz-inicjatyw-mrw-dzialam-bo-lubie\/#primaryimage","url":"https:\/\/gops-urszulin.pl\/wp-content\/uploads\/2025\/03\/informaction.png","contentUrl":"https:\/\/gops-urszulin.pl\/wp-content\/uploads\/2025\/03\/informaction.png","width":260,"height":140,"caption":"logo informacji"},{"@type":"BreadcrumbList","@id":"https:\/\/gops-urszulin.pl\/index.php\/2026\/09\/01\/konkursie-grantowym-fundusz-inicjatyw-mrw-dzialam-bo-lubie\/#breadcrumb","itemListElement":[{"@type":"ListItem","position":1,"name":"Strona g\u0142\u00f3wna","item":"https:\/\/gops-urszulin.pl\/"},{"@type":"ListItem","position":2,"name":"Konkursie grantowym \u201eFundusz Inicjatyw MRW \u2013 Dzia\u0142am, bo lubi\u0119!&#8221;"}]},{"@type":"WebSite","@id":"https:\/\/gops-urszulin.pl\/#website","url":"https:\/\/gops-urszulin.pl\/","name":"Gminny O\u015brodek Pomocy Spo\u0142ecznej w Urszulinie","description":"","potentialAction":[{"@type":"SearchAction","target":{"@type":"EntryPoint","urlTemplate":"https:\/\/gops-urszulin.pl\/?s={search_term_string}"},"query-input":{"@type":"PropertyValueSpecification","valueRequired":true,"valueName":"search_term_string"}}],"inLanguage":"pl-PL"},{"@type":"Person","@id":"https:\/\/gops-urszulin.pl\/#\/schema\/person\/4321ac06fcb9fcbcb4e6e099f2b2dd6f","name":"admin","sameAs":["https:\/\/gops-urszulin.pl"],"url":"https:\/\/gops-urszulin.pl\/index.php\/author\/marek\/"}]}},"_links":{"self":[{"href":"https:\/\/gops-urszulin.pl\/index.php\/wp-json\/wp\/v2\/posts\/1974","targetHints":{"allow":["GET"]}}],"collection":[{"href":"https:\/\/gops-urszulin.pl\/index.php\/wp-json\/wp\/v2\/posts"}],"about":[{"href":"https:\/\/gops-urszulin.pl\/index.php\/wp-json\/wp\/v2\/types\/post"}],"author":[{"embeddable":true,"href":"https:\/\/gops-urszulin.pl\/index.php\/wp-json\/wp\/v2\/users\/1"}],"replies":[{"embeddable":true,"href":"https:\/\/gops-urszulin.pl\/index.php\/wp-json\/wp\/v2\/comments?post=1974"}],"version-history":[{"count":1,"href":"https:\/\/gops-urszulin.pl\/index.php\/wp-json\/wp\/v2\/posts\/1974\/revisions"}],"predecessor-version":[{"id":1976,"href":"https:\/\/gops-urszulin.pl\/index.php\/wp-json\/wp\/v2\/posts\/1974\/revisions\/1976"}],"wp:featuredmedia":[{"embeddable":true,"href":"https:\/\/gops-urszulin.pl\/index.php\/wp-json\/wp\/v2\/media\/1500"}],"wp:attachment":[{"href":"https:\/\/gops-urszulin.pl\/index.php\/wp-json\/wp\/v2\/media?parent=1974"}],"wp:term":[{"taxonomy":"category","embeddable":true,"href":"https:\/\/gops-urszulin.pl\/index.php\/wp-json\/wp\/v2\/categories?post=1974"},{"taxonomy":"post_tag","embeddable":true,"href":"https:\/\/gops-urszulin.pl\/index.php\/wp-json\/wp\/v2\/tags?post=1974"}],"curies":[{"name":"wp","href":"https:\/\/api.w.org\/{rel}","templated":true}]}}