{"id":1970,"date":"2026-09-01T07:34:13","date_gmt":"2026-09-01T06:34:13","guid":{"rendered":"https:\/\/gops-urszulin.pl\/?p=1970"},"modified":"2026-09-01T07:34:14","modified_gmt":"2026-09-01T06:34:14","slug":"kompleksowy-program-aktywizacji-osob-niepelnosprawnych","status":"publish","type":"post","link":"https:\/\/gops-urszulin.pl\/index.php\/2026\/09\/01\/kompleksowy-program-aktywizacji-osob-niepelnosprawnych\/","title":{"rendered":"Kompleksowy program aktywizacji os\u00f3b niepe\u0142nosprawnych"},"content":{"rendered":"<p>Na pro\u015bb\u0119 Centrum Rozwi\u0105za\u0144 Biznesowych &#8222;Zainwestuj w siebie!&#8221; umieszczamy informacj\u0119 o projekcie pt. &#8222;Kompleksowy program aktywizacji os\u00f3b niepe\u0142nosprawnych&#8221;.<\/p>\n<p class=\"v1MsoNormal\">Projekt realizowany jest w ramach Osi Priorytetowej VIII Zwi\u0119kszenie sp\u00f3jno\u015bci spo\u0142ecznej, Dzia\u0142ania 8.1 Aktywizacja spo\u0142eczna i zawodowa programu Fundusze Europejskie dla Lubelskiego 2012-2027 pn. \u201eKompleksowy program aktywizacji os\u00f3b niepe\u0142nosprawnych&#8221; nr projektu: <b>FELU.08.01-IP.02-0029\/24.<\/b><\/p>\n<p class=\"v1MsoNormal\">Projekt realizowany jest przez Fundacj\u0119 Centrum Rozwi\u0105za\u0144 Biznesowych w partnerstwie z firm\u0105 szkoleniowo-doradcz\u0105 SOLVA Sp. z o.o.<\/p>\n<p class=\"v1MsoNormal\"><b>W ramach projektu realizowane b\u0119d\u0105 nast\u0119puj\u0105ce us\u0142ugi:<\/b><\/p>\n<ul>\n<li class=\"v1MsoNormal\"><strong>Indywidualna diagnoza potrzeb spo\u0142eczno-zawodowych z I\u015aR (4 godziny zegarowe\/osob\u0119)<\/strong><\/li>\n<li class=\"v1MsoNormal\">Lifecoaching<strong> (4 godziny zegarowe\/osob\u0119)<\/strong><\/li>\n<li class=\"v1MsoNormal\"><strong>Trening umiej\u0119tno\u015bci i kompetencji spo\u0142ecznych (16 godzin dydaktycznych\/grup\u0119\/osob\u0119)<\/strong><\/li>\n<li class=\"v1MsoNormal\"><strong>Szkolenia zawodowe \u2013 zgodnie ze zdiagnozowanymi potrzebami (96 godzin dydaktycznych\/grup\u0119\/osob\u0119)<\/strong><\/li>\n<li class=\"v1MsoNormal\">Szkolenie ICT\u00a0<strong>(48 godzin dydaktycznych\/grup\u0119\/osob\u0119)<\/strong><\/li>\n<li class=\"v1MsoNormal\">Po\u015brednictwo pracy\/mentoring (4h\/osoba)<\/li>\n<li class=\"v1MsoNormal\">Sta\u017c \u2013 zadaniem obj\u0119tych zostanie 44 UP zgodnie ze zdiagnozowanymi potrzebami (3 miesi\u0105ce\/osob\u0119)<\/li>\n<\/ul>\n<p class=\"v1MsoNormal\"><b>Dla wszystkich os\u00f3b bior\u0105cych udzia\u0142 w projekcie przewidziane jest:<\/b><\/p>\n<ul>\n<li class=\"v1MsoNormal\">stypendium szkoleniowe <b>(13,30 z\u0142 netto\/godzina)<\/b><\/li>\n<li class=\"v1MsoNormal\">stypendium sta\u017cowe <b>(1994,40 z\u0142 netto\/miesi\u0105c)<\/b><\/li>\n<li class=\"v1MsoNormal\">zwrot koszt\u00f3w dojazdu na zaj\u0119cia<\/li>\n<li class=\"v1MsoNormal\">wy\u017cywienie, pocz\u0119stunek podczas zaj\u0119\u0107<\/li>\n<li class=\"v1MsoNormal\">bezp\u0142atne formy wsparcia (indywidualne poradnictwo, szkolenia zawodowe, po\u015brednictwo pracy)<\/li>\n<li class=\"v1MsoNormal\">profesjonaln\u0105 i do\u015bwiadczon\u0105 kadr\u0119 specjalist\u00f3w prowadz\u0105cych zaj\u0119cia<\/li>\n<li class=\"v1MsoNormal\">materia\u0142y pi\u015bmiennicze ( teczka, notes, d\u0142ugopis)<\/li>\n<li class=\"v1MsoNormal\">materia\u0142y dydaktyczne (podr\u0119cznik i\/lub skrypt)<\/li>\n<li class=\"v1MsoNormal\">za\u015bwiadczenie o uko\u0144czeniu szkolenia<\/li>\n<li class=\"v1MsoNormal\">za\u015bwiadczenie o uko\u0144czeniu sta\u017cy<\/li>\n<li class=\"v1MsoNormal\">pokrycie koszt\u00f3w egzamin\u00f3w<\/li>\n<li class=\"v1MsoNormal\">pokrycie koszt\u00f3w bada\u0144 lekarskich<\/li>\n<\/ul>\n<p>Dowiedz si\u0119 wi\u0119cej na: <a href=\"http:\/\/www.kpaon.crb.lublin.pl\">www.kpaon.crb.lublin.pl<\/a> lub pod numerem telefonu 733-300-438<\/p>\n<p class=\"v1MsoNormal\" align=\"center\"><b>Projekt wsp\u00f3\u0142finansowany ze \u015brodk\u00f3w Europejskiego Funduszu Spo\u0142ecznego Plus w ramach programu Fundusze Europejskie dla Lubelskiego 2021-2027<\/b><\/p>\n\n<div class=\"wp-block-image\">\n<figure class=\"aligncenter size-large\"><img loading=\"lazy\" decoding=\"async\" width=\"724\" height=\"1024\" src=\"https:\/\/gops-urszulin.pl\/wp-content\/uploads\/2026\/09\/Plakat-promo_KPAON-724x1024.jpg\" alt=\"\" class=\"wp-image-1971\" srcset=\"https:\/\/gops-urszulin.pl\/wp-content\/uploads\/2026\/09\/Plakat-promo_KPAON-724x1024.jpg 724w, https:\/\/gops-urszulin.pl\/wp-content\/uploads\/2026\/09\/Plakat-promo_KPAON-212x300.jpg 212w, https:\/\/gops-urszulin.pl\/wp-content\/uploads\/2026\/09\/Plakat-promo_KPAON-767x1085.jpg 767w, https:\/\/gops-urszulin.pl\/wp-content\/uploads\/2026\/09\/Plakat-promo_KPAON-1086x1536.jpg 1086w, https:\/\/gops-urszulin.pl\/wp-content\/uploads\/2026\/09\/Plakat-promo_KPAON-1448x2048.jpg 1448w, https:\/\/gops-urszulin.pl\/wp-content\/uploads\/2026\/09\/Plakat-promo_KPAON.jpg 1754w\" sizes=\"auto, (max-width: 724px) 100vw, 724px\" \/><\/figure>\n<\/div>\n\n<div class=\"wp-block-image\">\n<figure class=\"aligncenter size-full\"><img loading=\"lazy\" decoding=\"async\" width=\"997\" height=\"720\" src=\"https:\/\/gops-urszulin.pl\/wp-content\/uploads\/2026\/09\/Plakat-UE_KPAON.jpg\" alt=\"\" class=\"wp-image-1972\" srcset=\"https:\/\/gops-urszulin.pl\/wp-content\/uploads\/2026\/09\/Plakat-UE_KPAON.jpg 997w, https:\/\/gops-urszulin.pl\/wp-content\/uploads\/2026\/09\/Plakat-UE_KPAON-300x217.jpg 300w, https:\/\/gops-urszulin.pl\/wp-content\/uploads\/2026\/09\/Plakat-UE_KPAON-767x554.jpg 767w\" sizes=\"auto, (max-width: 997px) 100vw, 997px\" \/><\/figure>\n<\/div>","protected":false},"excerpt":{"rendered":"<p>Informacja o projekcie realizowanym przez Centrum Rozwi\u0105za\u0144 Biznesowych &#8222;Zainwestuj w siebie!&#8221; skierowanym do os\u00f3b niepe\u0142nosprawnych<\/p>\n","protected":false},"author":1,"featured_media":1500,"comment_status":"closed","ping_status":"closed","sticky":false,"template":"","format":"standard","meta":{"footnotes":""},"categories":[6,8],"tags":[13],"class_list":["post-1970","post","type-post","status-publish","format-standard","has-post-thumbnail","hentry","category-aktualnosci","category-ogloszenia","tag-informacja"],"yoast_head":"<!-- This site is optimized with the Yoast SEO plugin v28.3 - https:\/\/yoast.com\/product\/yoast-seo-wordpress\/ -->\n<title>Kompleksowy program aktywizacji os\u00f3b niepe\u0142nosprawnych - Gminny O\u015brodek Pomocy Spo\u0142ecznej w Urszulinie<\/title>\n<meta name=\"description\" content=\"Informacja o projekcie realizowanym przez Centrum Rozwi\u0105za\u0144 Biznesowych &quot;Zainwestuj w siebie!&quot; skierowanym do os\u00f3b niepe\u0142nosprawnych\" \/>\n<meta name=\"robots\" content=\"index, follow, max-snippet:-1, max-image-preview:large, max-video-preview:-1\" \/>\n<link rel=\"canonical\" href=\"https:\/\/gops-urszulin.pl\/index.php\/2026\/09\/01\/kompleksowy-program-aktywizacji-osob-niepelnosprawnych\/\" \/>\n<meta property=\"og:locale\" content=\"pl_PL\" \/>\n<meta property=\"og:type\" content=\"article\" \/>\n<meta property=\"og:title\" content=\"Kompleksowy program aktywizacji os\u00f3b niepe\u0142nosprawnych - Gminny O\u015brodek Pomocy Spo\u0142ecznej w Urszulinie\" \/>\n<meta property=\"og:description\" content=\"Informacja o projekcie realizowanym przez Centrum Rozwi\u0105za\u0144 Biznesowych &quot;Zainwestuj w siebie!&quot; skierowanym do os\u00f3b niepe\u0142nosprawnych\" \/>\n<meta property=\"og:url\" content=\"https:\/\/gops-urszulin.pl\/index.php\/2026\/09\/01\/kompleksowy-program-aktywizacji-osob-niepelnosprawnych\/\" \/>\n<meta property=\"og:site_name\" content=\"Gminny O\u015brodek Pomocy Spo\u0142ecznej w Urszulinie\" \/>\n<meta property=\"article:published_time\" content=\"2026-09-01T06:34:13+00:00\" \/>\n<meta property=\"article:modified_time\" content=\"2026-09-01T06:34:14+00:00\" \/>\n<meta property=\"og:image\" content=\"https:\/\/gops-urszulin.pl\/wp-content\/uploads\/2025\/03\/informaction.png\" \/>\n\t<meta property=\"og:image:width\" content=\"260\" \/>\n\t<meta property=\"og:image:height\" content=\"140\" \/>\n\t<meta property=\"og:image:type\" content=\"image\/png\" \/>\n<meta name=\"author\" content=\"admin\" \/>\n<meta name=\"twitter:card\" content=\"summary_large_image\" \/>\n<meta name=\"twitter:label1\" content=\"Napisane przez\" \/>\n\t<meta name=\"twitter:data1\" content=\"admin\" \/>\n\t<meta name=\"twitter:label2\" content=\"Szacowany czas czytania\" \/>\n\t<meta name=\"twitter:data2\" content=\"2 minuty\" \/>\n<script type=\"application\/ld+json\" class=\"yoast-schema-graph\">{\"@context\":\"https:\\\/\\\/schema.org\",\"@graph\":[{\"@type\":\"Article\",\"@id\":\"https:\\\/\\\/gops-urszulin.pl\\\/index.php\\\/2026\\\/09\\\/01\\\/kompleksowy-program-aktywizacji-osob-niepelnosprawnych\\\/#article\",\"isPartOf\":{\"@id\":\"https:\\\/\\\/gops-urszulin.pl\\\/index.php\\\/2026\\\/09\\\/01\\\/kompleksowy-program-aktywizacji-osob-niepelnosprawnych\\\/\"},\"author\":{\"name\":\"admin\",\"@id\":\"https:\\\/\\\/gops-urszulin.pl\\\/#\\\/schema\\\/person\\\/4321ac06fcb9fcbcb4e6e099f2b2dd6f\"},\"headline\":\"Kompleksowy program aktywizacji os\u00f3b niepe\u0142nosprawnych\",\"datePublished\":\"2026-09-01T06:34:13+00:00\",\"dateModified\":\"2026-09-01T06:34:14+00:00\",\"mainEntityOfPage\":{\"@id\":\"https:\\\/\\\/gops-urszulin.pl\\\/index.php\\\/2026\\\/09\\\/01\\\/kompleksowy-program-aktywizacji-osob-niepelnosprawnych\\\/\"},\"wordCount\":294,\"image\":{\"@id\":\"https:\\\/\\\/gops-urszulin.pl\\\/index.php\\\/2026\\\/09\\\/01\\\/kompleksowy-program-aktywizacji-osob-niepelnosprawnych\\\/#primaryimage\"},\"thumbnailUrl\":\"https:\\\/\\\/gops-urszulin.pl\\\/wp-content\\\/uploads\\\/2025\\\/03\\\/informaction.png\",\"keywords\":[\"informacja\"],\"articleSection\":[\"Aktualno\u015bci\",\"Og\u0142oszenia\"],\"inLanguage\":\"pl-PL\"},{\"@type\":\"WebPage\",\"@id\":\"https:\\\/\\\/gops-urszulin.pl\\\/index.php\\\/2026\\\/09\\\/01\\\/kompleksowy-program-aktywizacji-osob-niepelnosprawnych\\\/\",\"url\":\"https:\\\/\\\/gops-urszulin.pl\\\/index.php\\\/2026\\\/09\\\/01\\\/kompleksowy-program-aktywizacji-osob-niepelnosprawnych\\\/\",\"name\":\"Kompleksowy program aktywizacji os\u00f3b niepe\u0142nosprawnych - Gminny O\u015brodek Pomocy Spo\u0142ecznej w Urszulinie\",\"isPartOf\":{\"@id\":\"https:\\\/\\\/gops-urszulin.pl\\\/#website\"},\"primaryImageOfPage\":{\"@id\":\"https:\\\/\\\/gops-urszulin.pl\\\/index.php\\\/2026\\\/09\\\/01\\\/kompleksowy-program-aktywizacji-osob-niepelnosprawnych\\\/#primaryimage\"},\"image\":{\"@id\":\"https:\\\/\\\/gops-urszulin.pl\\\/index.php\\\/2026\\\/09\\\/01\\\/kompleksowy-program-aktywizacji-osob-niepelnosprawnych\\\/#primaryimage\"},\"thumbnailUrl\":\"https:\\\/\\\/gops-urszulin.pl\\\/wp-content\\\/uploads\\\/2025\\\/03\\\/informaction.png\",\"datePublished\":\"2026-09-01T06:34:13+00:00\",\"dateModified\":\"2026-09-01T06:34:14+00:00\",\"author\":{\"@id\":\"https:\\\/\\\/gops-urszulin.pl\\\/#\\\/schema\\\/person\\\/4321ac06fcb9fcbcb4e6e099f2b2dd6f\"},\"description\":\"Informacja o projekcie realizowanym przez Centrum Rozwi\u0105za\u0144 Biznesowych \\\"Zainwestuj w siebie!\\\" skierowanym do os\u00f3b niepe\u0142nosprawnych\",\"breadcrumb\":{\"@id\":\"https:\\\/\\\/gops-urszulin.pl\\\/index.php\\\/2026\\\/09\\\/01\\\/kompleksowy-program-aktywizacji-osob-niepelnosprawnych\\\/#breadcrumb\"},\"inLanguage\":\"pl-PL\",\"potentialAction\":[{\"@type\":\"ReadAction\",\"target\":[\"https:\\\/\\\/gops-urszulin.pl\\\/index.php\\\/2026\\\/09\\\/01\\\/kompleksowy-program-aktywizacji-osob-niepelnosprawnych\\\/\"]}]},{\"@type\":\"ImageObject\",\"inLanguage\":\"pl-PL\",\"@id\":\"https:\\\/\\\/gops-urszulin.pl\\\/index.php\\\/2026\\\/09\\\/01\\\/kompleksowy-program-aktywizacji-osob-niepelnosprawnych\\\/#primaryimage\",\"url\":\"https:\\\/\\\/gops-urszulin.pl\\\/wp-content\\\/uploads\\\/2025\\\/03\\\/informaction.png\",\"contentUrl\":\"https:\\\/\\\/gops-urszulin.pl\\\/wp-content\\\/uploads\\\/2025\\\/03\\\/informaction.png\",\"width\":260,\"height\":140,\"caption\":\"logo informacji\"},{\"@type\":\"BreadcrumbList\",\"@id\":\"https:\\\/\\\/gops-urszulin.pl\\\/index.php\\\/2026\\\/09\\\/01\\\/kompleksowy-program-aktywizacji-osob-niepelnosprawnych\\\/#breadcrumb\",\"itemListElement\":[{\"@type\":\"ListItem\",\"position\":1,\"name\":\"Strona g\u0142\u00f3wna\",\"item\":\"https:\\\/\\\/gops-urszulin.pl\\\/\"},{\"@type\":\"ListItem\",\"position\":2,\"name\":\"Kompleksowy program aktywizacji os\u00f3b niepe\u0142nosprawnych\"}]},{\"@type\":\"WebSite\",\"@id\":\"https:\\\/\\\/gops-urszulin.pl\\\/#website\",\"url\":\"https:\\\/\\\/gops-urszulin.pl\\\/\",\"name\":\"Gminny O\u015brodek Pomocy Spo\u0142ecznej w Urszulinie\",\"description\":\"\",\"potentialAction\":[{\"@type\":\"SearchAction\",\"target\":{\"@type\":\"EntryPoint\",\"urlTemplate\":\"https:\\\/\\\/gops-urszulin.pl\\\/?s={search_term_string}\"},\"query-input\":{\"@type\":\"PropertyValueSpecification\",\"valueRequired\":true,\"valueName\":\"search_term_string\"}}],\"inLanguage\":\"pl-PL\"},{\"@type\":\"Person\",\"@id\":\"https:\\\/\\\/gops-urszulin.pl\\\/#\\\/schema\\\/person\\\/4321ac06fcb9fcbcb4e6e099f2b2dd6f\",\"name\":\"admin\",\"sameAs\":[\"http:\\\/\\\/gops-urszulin.pl\"],\"url\":\"https:\\\/\\\/gops-urszulin.pl\\\/index.php\\\/author\\\/marek\\\/\"}]}<\/script>\n<!-- \/ Yoast SEO plugin. -->","yoast_head_json":{"title":"Kompleksowy program aktywizacji os\u00f3b niepe\u0142nosprawnych - Gminny O\u015brodek Pomocy Spo\u0142ecznej w Urszulinie","description":"Informacja o projekcie realizowanym przez Centrum Rozwi\u0105za\u0144 Biznesowych \"Zainwestuj w siebie!\" skierowanym do os\u00f3b niepe\u0142nosprawnych","robots":{"index":"index","follow":"follow","max-snippet":"max-snippet:-1","max-image-preview":"max-image-preview:large","max-video-preview":"max-video-preview:-1"},"canonical":"https:\/\/gops-urszulin.pl\/index.php\/2026\/09\/01\/kompleksowy-program-aktywizacji-osob-niepelnosprawnych\/","og_locale":"pl_PL","og_type":"article","og_title":"Kompleksowy program aktywizacji os\u00f3b niepe\u0142nosprawnych - Gminny O\u015brodek Pomocy Spo\u0142ecznej w Urszulinie","og_description":"Informacja o projekcie realizowanym przez Centrum Rozwi\u0105za\u0144 Biznesowych \"Zainwestuj w siebie!\" skierowanym do os\u00f3b niepe\u0142nosprawnych","og_url":"https:\/\/gops-urszulin.pl\/index.php\/2026\/09\/01\/kompleksowy-program-aktywizacji-osob-niepelnosprawnych\/","og_site_name":"Gminny O\u015brodek Pomocy Spo\u0142ecznej w Urszulinie","article_published_time":"2026-09-01T06:34:13+00:00","article_modified_time":"2026-09-01T06:34:14+00:00","og_image":[{"width":260,"height":140,"url":"https:\/\/gops-urszulin.pl\/wp-content\/uploads\/2025\/03\/informaction.png","type":"image\/png"}],"author":"admin","twitter_card":"summary_large_image","twitter_misc":{"Napisane przez":"admin","Szacowany czas czytania":"2 minuty"},"schema":{"@context":"https:\/\/schema.org","@graph":[{"@type":"Article","@id":"https:\/\/gops-urszulin.pl\/index.php\/2026\/09\/01\/kompleksowy-program-aktywizacji-osob-niepelnosprawnych\/#article","isPartOf":{"@id":"https:\/\/gops-urszulin.pl\/index.php\/2026\/09\/01\/kompleksowy-program-aktywizacji-osob-niepelnosprawnych\/"},"author":{"name":"admin","@id":"https:\/\/gops-urszulin.pl\/#\/schema\/person\/4321ac06fcb9fcbcb4e6e099f2b2dd6f"},"headline":"Kompleksowy program aktywizacji os\u00f3b niepe\u0142nosprawnych","datePublished":"2026-09-01T06:34:13+00:00","dateModified":"2026-09-01T06:34:14+00:00","mainEntityOfPage":{"@id":"https:\/\/gops-urszulin.pl\/index.php\/2026\/09\/01\/kompleksowy-program-aktywizacji-osob-niepelnosprawnych\/"},"wordCount":294,"image":{"@id":"https:\/\/gops-urszulin.pl\/index.php\/2026\/09\/01\/kompleksowy-program-aktywizacji-osob-niepelnosprawnych\/#primaryimage"},"thumbnailUrl":"https:\/\/gops-urszulin.pl\/wp-content\/uploads\/2025\/03\/informaction.png","keywords":["informacja"],"articleSection":["Aktualno\u015bci","Og\u0142oszenia"],"inLanguage":"pl-PL"},{"@type":"WebPage","@id":"https:\/\/gops-urszulin.pl\/index.php\/2026\/09\/01\/kompleksowy-program-aktywizacji-osob-niepelnosprawnych\/","url":"https:\/\/gops-urszulin.pl\/index.php\/2026\/09\/01\/kompleksowy-program-aktywizacji-osob-niepelnosprawnych\/","name":"Kompleksowy program aktywizacji os\u00f3b niepe\u0142nosprawnych - Gminny O\u015brodek Pomocy Spo\u0142ecznej w Urszulinie","isPartOf":{"@id":"https:\/\/gops-urszulin.pl\/#website"},"primaryImageOfPage":{"@id":"https:\/\/gops-urszulin.pl\/index.php\/2026\/09\/01\/kompleksowy-program-aktywizacji-osob-niepelnosprawnych\/#primaryimage"},"image":{"@id":"https:\/\/gops-urszulin.pl\/index.php\/2026\/09\/01\/kompleksowy-program-aktywizacji-osob-niepelnosprawnych\/#primaryimage"},"thumbnailUrl":"https:\/\/gops-urszulin.pl\/wp-content\/uploads\/2025\/03\/informaction.png","datePublished":"2026-09-01T06:34:13+00:00","dateModified":"2026-09-01T06:34:14+00:00","author":{"@id":"https:\/\/gops-urszulin.pl\/#\/schema\/person\/4321ac06fcb9fcbcb4e6e099f2b2dd6f"},"description":"Informacja o projekcie realizowanym przez Centrum Rozwi\u0105za\u0144 Biznesowych \"Zainwestuj w siebie!\" skierowanym do os\u00f3b niepe\u0142nosprawnych","breadcrumb":{"@id":"https:\/\/gops-urszulin.pl\/index.php\/2026\/09\/01\/kompleksowy-program-aktywizacji-osob-niepelnosprawnych\/#breadcrumb"},"inLanguage":"pl-PL","potentialAction":[{"@type":"ReadAction","target":["https:\/\/gops-urszulin.pl\/index.php\/2026\/09\/01\/kompleksowy-program-aktywizacji-osob-niepelnosprawnych\/"]}]},{"@type":"ImageObject","inLanguage":"pl-PL","@id":"https:\/\/gops-urszulin.pl\/index.php\/2026\/09\/01\/kompleksowy-program-aktywizacji-osob-niepelnosprawnych\/#primaryimage","url":"https:\/\/gops-urszulin.pl\/wp-content\/uploads\/2025\/03\/informaction.png","contentUrl":"https:\/\/gops-urszulin.pl\/wp-content\/uploads\/2025\/03\/informaction.png","width":260,"height":140,"caption":"logo informacji"},{"@type":"BreadcrumbList","@id":"https:\/\/gops-urszulin.pl\/index.php\/2026\/09\/01\/kompleksowy-program-aktywizacji-osob-niepelnosprawnych\/#breadcrumb","itemListElement":[{"@type":"ListItem","position":1,"name":"Strona g\u0142\u00f3wna","item":"https:\/\/gops-urszulin.pl\/"},{"@type":"ListItem","position":2,"name":"Kompleksowy program aktywizacji os\u00f3b niepe\u0142nosprawnych"}]},{"@type":"WebSite","@id":"https:\/\/gops-urszulin.pl\/#website","url":"https:\/\/gops-urszulin.pl\/","name":"Gminny O\u015brodek Pomocy Spo\u0142ecznej w Urszulinie","description":"","potentialAction":[{"@type":"SearchAction","target":{"@type":"EntryPoint","urlTemplate":"https:\/\/gops-urszulin.pl\/?s={search_term_string}"},"query-input":{"@type":"PropertyValueSpecification","valueRequired":true,"valueName":"search_term_string"}}],"inLanguage":"pl-PL"},{"@type":"Person","@id":"https:\/\/gops-urszulin.pl\/#\/schema\/person\/4321ac06fcb9fcbcb4e6e099f2b2dd6f","name":"admin","sameAs":["https:\/\/gops-urszulin.pl"],"url":"https:\/\/gops-urszulin.pl\/index.php\/author\/marek\/"}]}},"_links":{"self":[{"href":"https:\/\/gops-urszulin.pl\/index.php\/wp-json\/wp\/v2\/posts\/1970","targetHints":{"allow":["GET"]}}],"collection":[{"href":"https:\/\/gops-urszulin.pl\/index.php\/wp-json\/wp\/v2\/posts"}],"about":[{"href":"https:\/\/gops-urszulin.pl\/index.php\/wp-json\/wp\/v2\/types\/post"}],"author":[{"embeddable":true,"href":"https:\/\/gops-urszulin.pl\/index.php\/wp-json\/wp\/v2\/users\/1"}],"replies":[{"embeddable":true,"href":"https:\/\/gops-urszulin.pl\/index.php\/wp-json\/wp\/v2\/comments?post=1970"}],"version-history":[{"count":1,"href":"https:\/\/gops-urszulin.pl\/index.php\/wp-json\/wp\/v2\/posts\/1970\/revisions"}],"predecessor-version":[{"id":1973,"href":"https:\/\/gops-urszulin.pl\/index.php\/wp-json\/wp\/v2\/posts\/1970\/revisions\/1973"}],"wp:featuredmedia":[{"embeddable":true,"href":"https:\/\/gops-urszulin.pl\/index.php\/wp-json\/wp\/v2\/media\/1500"}],"wp:attachment":[{"href":"https:\/\/gops-urszulin.pl\/index.php\/wp-json\/wp\/v2\/media?parent=1970"}],"wp:term":[{"taxonomy":"category","embeddable":true,"href":"https:\/\/gops-urszulin.pl\/index.php\/wp-json\/wp\/v2\/categories?post=1970"},{"taxonomy":"post_tag","embeddable":true,"href":"https:\/\/gops-urszulin.pl\/index.php\/wp-json\/wp\/v2\/tags?post=1970"}],"curies":[{"name":"wp","href":"https:\/\/api.w.org\/{rel}","templated":true}]}}