{"id":1845,"date":"2026-03-18T09:43:35","date_gmt":"2026-03-18T08:43:35","guid":{"rendered":"https:\/\/gops-urszulin.pl\/?p=1845"},"modified":"2026-03-18T09:43:35","modified_gmt":"2026-03-18T08:43:35","slug":"ankieta-dla-mieszkancow","status":"publish","type":"post","link":"https:\/\/gops-urszulin.pl\/index.php\/2026\/03\/18\/ankieta-dla-mieszkancow\/","title":{"rendered":"Ankieta dla mieszka\u0144c\u00f3w"},"content":{"rendered":"<p>Dzia\u0142aj\u0105c na podstawie art. 6 ust. 2 pkt 1 ustawy z dnia 29 lipca 2005 r. o przeciwdzia\u0142aniu przemocy domowej (t.j. Dz. U. z 2004 r. poz. 1673, z p\u00f3\u017an. zm.), w zwi\u0105zku z przyst\u0105pieniem do opracowania Gminnego Programu Przeciwdzia\u0142ania Przemocy Domowej oraz Ochrony Os\u00f3b Doznaj\u0105cych Przemocy Domowej w Gminie Urszulin na lata 2026 &#8211; 2030, udost\u0119pniamy link do ankiety s\u0142u\u017c\u0105cej przeprowadzeniu badania zjawiska przemocy na terenie gminy z perspektywy mieszka\u0144c\u00f3w.<\/p>\n<p>Ankieta: <a title=\"kliknij aby wype\u0142ni\u0107\" href=\"https:\/\/www.webankieta.pl\/ankieta\/1670744\/gops-urszulin-2026-diagnoza-zjawiska-przemocy-mieszkancy.html\">https:\/\/www.webankieta.pl\/ankieta\/1670744\/gops-urszulin-2026-diagnoza-zjawiska-przemocy-mieszkancy.html<\/a><\/p>\n<p><strong>Ankieta jest ca\u0142kowicie anonimowa i b\u0119dzie aktywna do 24.04.2026 r.<\/strong><\/p>\n<p>Dzi\u0119kujemy za udzia\u0142 w badaniu.<\/p>\n<p>Gminny O\u015brodek Pomocy Spo\u0142ecznej w Urszulinie<\/p>\n","protected":false},"excerpt":{"rendered":"<p>Zapraszamy mieszka\u0144c\u00f3w Gminy Urszulin do zapoznania si\u0119 i wype\u0142nieniem ankiety s\u0142u\u017c\u0105cej badaniu zjawiska przemocy na terenie gminy.<\/p>\n","protected":false},"author":1,"featured_media":1501,"comment_status":"closed","ping_status":"closed","sticky":false,"template":"","format":"standard","meta":{"footnotes":""},"categories":[6,8],"tags":[179,30],"class_list":["post-1845","post","type-post","status-publish","format-standard","has-post-thumbnail","hentry","category-aktualnosci","category-ogloszenia","tag-ankieta","tag-zi"],"yoast_head":"<!-- This site is optimized with the Yoast SEO plugin v27.4 - https:\/\/yoast.com\/product\/yoast-seo-wordpress\/ -->\n<title>Ankieta dla mieszka\u0144c\u00f3w - Gminny O\u015brodek Pomocy Spo\u0142ecznej w Urszulinie<\/title>\n<meta name=\"description\" content=\"Zapraszamy mieszka\u0144c\u00f3w Gminy Urszulin do zapoznania si\u0119 i wype\u0142nieniem ankiety s\u0142u\u017c\u0105cej badaniu zjawiska przemocy na terenie gminy.\" \/>\n<meta name=\"robots\" content=\"index, follow, max-snippet:-1, max-image-preview:large, max-video-preview:-1\" \/>\n<link rel=\"canonical\" href=\"https:\/\/gops-urszulin.pl\/index.php\/2026\/03\/18\/ankieta-dla-mieszkancow\/\" \/>\n<meta property=\"og:locale\" content=\"pl_PL\" \/>\n<meta property=\"og:type\" content=\"article\" \/>\n<meta property=\"og:title\" content=\"Ankieta dla mieszka\u0144c\u00f3w - Gminny O\u015brodek Pomocy Spo\u0142ecznej w Urszulinie\" \/>\n<meta property=\"og:description\" content=\"Zapraszamy mieszka\u0144c\u00f3w Gminy Urszulin do zapoznania si\u0119 i wype\u0142nieniem ankiety s\u0142u\u017c\u0105cej badaniu zjawiska przemocy na terenie gminy.\" \/>\n<meta property=\"og:url\" content=\"https:\/\/gops-urszulin.pl\/index.php\/2026\/03\/18\/ankieta-dla-mieszkancow\/\" \/>\n<meta property=\"og:site_name\" content=\"Gminny O\u015brodek Pomocy Spo\u0142ecznej w Urszulinie\" \/>\n<meta property=\"article:published_time\" content=\"2026-03-18T08:43:35+00:00\" \/>\n<meta property=\"og:image\" content=\"https:\/\/gops-urszulin.pl\/wp-content\/uploads\/2025\/03\/atencion.png\" \/>\n\t<meta property=\"og:image:width\" content=\"260\" \/>\n\t<meta property=\"og:image:height\" content=\"140\" \/>\n\t<meta property=\"og:image:type\" content=\"image\/png\" \/>\n<meta name=\"author\" content=\"admin\" \/>\n<meta name=\"twitter:card\" content=\"summary_large_image\" \/>\n<meta name=\"twitter:label1\" content=\"Napisane przez\" \/>\n\t<meta name=\"twitter:data1\" content=\"admin\" \/>\n\t<meta name=\"twitter:label2\" content=\"Szacowany czas czytania\" \/>\n\t<meta name=\"twitter:data2\" content=\"1 minuta\" \/>\n<script type=\"application\/ld+json\" class=\"yoast-schema-graph\">{\"@context\":\"https:\\\/\\\/schema.org\",\"@graph\":[{\"@type\":\"Article\",\"@id\":\"https:\\\/\\\/gops-urszulin.pl\\\/index.php\\\/2026\\\/03\\\/18\\\/ankieta-dla-mieszkancow\\\/#article\",\"isPartOf\":{\"@id\":\"https:\\\/\\\/gops-urszulin.pl\\\/index.php\\\/2026\\\/03\\\/18\\\/ankieta-dla-mieszkancow\\\/\"},\"author\":{\"name\":\"admin\",\"@id\":\"https:\\\/\\\/gops-urszulin.pl\\\/#\\\/schema\\\/person\\\/4321ac06fcb9fcbcb4e6e099f2b2dd6f\"},\"headline\":\"Ankieta dla mieszka\u0144c\u00f3w\",\"datePublished\":\"2026-03-18T08:43:35+00:00\",\"mainEntityOfPage\":{\"@id\":\"https:\\\/\\\/gops-urszulin.pl\\\/index.php\\\/2026\\\/03\\\/18\\\/ankieta-dla-mieszkancow\\\/\"},\"wordCount\":116,\"image\":{\"@id\":\"https:\\\/\\\/gops-urszulin.pl\\\/index.php\\\/2026\\\/03\\\/18\\\/ankieta-dla-mieszkancow\\\/#primaryimage\"},\"thumbnailUrl\":\"https:\\\/\\\/gops-urszulin.pl\\\/wp-content\\\/uploads\\\/2025\\\/03\\\/atencion.png\",\"keywords\":[\"ankieta\",\"ZI\"],\"articleSection\":[\"Aktualno\u015bci\",\"Og\u0142oszenia\"],\"inLanguage\":\"pl-PL\"},{\"@type\":\"WebPage\",\"@id\":\"https:\\\/\\\/gops-urszulin.pl\\\/index.php\\\/2026\\\/03\\\/18\\\/ankieta-dla-mieszkancow\\\/\",\"url\":\"https:\\\/\\\/gops-urszulin.pl\\\/index.php\\\/2026\\\/03\\\/18\\\/ankieta-dla-mieszkancow\\\/\",\"name\":\"Ankieta dla mieszka\u0144c\u00f3w - Gminny O\u015brodek Pomocy Spo\u0142ecznej w Urszulinie\",\"isPartOf\":{\"@id\":\"https:\\\/\\\/gops-urszulin.pl\\\/#website\"},\"primaryImageOfPage\":{\"@id\":\"https:\\\/\\\/gops-urszulin.pl\\\/index.php\\\/2026\\\/03\\\/18\\\/ankieta-dla-mieszkancow\\\/#primaryimage\"},\"image\":{\"@id\":\"https:\\\/\\\/gops-urszulin.pl\\\/index.php\\\/2026\\\/03\\\/18\\\/ankieta-dla-mieszkancow\\\/#primaryimage\"},\"thumbnailUrl\":\"https:\\\/\\\/gops-urszulin.pl\\\/wp-content\\\/uploads\\\/2025\\\/03\\\/atencion.png\",\"datePublished\":\"2026-03-18T08:43:35+00:00\",\"author\":{\"@id\":\"https:\\\/\\\/gops-urszulin.pl\\\/#\\\/schema\\\/person\\\/4321ac06fcb9fcbcb4e6e099f2b2dd6f\"},\"description\":\"Zapraszamy mieszka\u0144c\u00f3w Gminy Urszulin do zapoznania si\u0119 i wype\u0142nieniem ankiety s\u0142u\u017c\u0105cej badaniu zjawiska przemocy na terenie gminy.\",\"breadcrumb\":{\"@id\":\"https:\\\/\\\/gops-urszulin.pl\\\/index.php\\\/2026\\\/03\\\/18\\\/ankieta-dla-mieszkancow\\\/#breadcrumb\"},\"inLanguage\":\"pl-PL\",\"potentialAction\":[{\"@type\":\"ReadAction\",\"target\":[\"https:\\\/\\\/gops-urszulin.pl\\\/index.php\\\/2026\\\/03\\\/18\\\/ankieta-dla-mieszkancow\\\/\"]}]},{\"@type\":\"ImageObject\",\"inLanguage\":\"pl-PL\",\"@id\":\"https:\\\/\\\/gops-urszulin.pl\\\/index.php\\\/2026\\\/03\\\/18\\\/ankieta-dla-mieszkancow\\\/#primaryimage\",\"url\":\"https:\\\/\\\/gops-urszulin.pl\\\/wp-content\\\/uploads\\\/2025\\\/03\\\/atencion.png\",\"contentUrl\":\"https:\\\/\\\/gops-urszulin.pl\\\/wp-content\\\/uploads\\\/2025\\\/03\\\/atencion.png\",\"width\":260,\"height\":140,\"caption\":\"logo og\u0142oszenia\"},{\"@type\":\"BreadcrumbList\",\"@id\":\"https:\\\/\\\/gops-urszulin.pl\\\/index.php\\\/2026\\\/03\\\/18\\\/ankieta-dla-mieszkancow\\\/#breadcrumb\",\"itemListElement\":[{\"@type\":\"ListItem\",\"position\":1,\"name\":\"Strona g\u0142\u00f3wna\",\"item\":\"https:\\\/\\\/gops-urszulin.pl\\\/\"},{\"@type\":\"ListItem\",\"position\":2,\"name\":\"Ankieta dla mieszka\u0144c\u00f3w\"}]},{\"@type\":\"WebSite\",\"@id\":\"https:\\\/\\\/gops-urszulin.pl\\\/#website\",\"url\":\"https:\\\/\\\/gops-urszulin.pl\\\/\",\"name\":\"Gminny O\u015brodek Pomocy Spo\u0142ecznej w Urszulinie\",\"description\":\"\",\"potentialAction\":[{\"@type\":\"SearchAction\",\"target\":{\"@type\":\"EntryPoint\",\"urlTemplate\":\"https:\\\/\\\/gops-urszulin.pl\\\/?s={search_term_string}\"},\"query-input\":{\"@type\":\"PropertyValueSpecification\",\"valueRequired\":true,\"valueName\":\"search_term_string\"}}],\"inLanguage\":\"pl-PL\"},{\"@type\":\"Person\",\"@id\":\"https:\\\/\\\/gops-urszulin.pl\\\/#\\\/schema\\\/person\\\/4321ac06fcb9fcbcb4e6e099f2b2dd6f\",\"name\":\"admin\",\"sameAs\":[\"http:\\\/\\\/gops-urszulin.pl\"],\"url\":\"https:\\\/\\\/gops-urszulin.pl\\\/index.php\\\/author\\\/marek\\\/\"}]}<\/script>\n<!-- \/ Yoast SEO plugin. -->","yoast_head_json":{"title":"Ankieta dla mieszka\u0144c\u00f3w - Gminny O\u015brodek Pomocy Spo\u0142ecznej w Urszulinie","description":"Zapraszamy mieszka\u0144c\u00f3w Gminy Urszulin do zapoznania si\u0119 i wype\u0142nieniem ankiety s\u0142u\u017c\u0105cej badaniu zjawiska przemocy na terenie gminy.","robots":{"index":"index","follow":"follow","max-snippet":"max-snippet:-1","max-image-preview":"max-image-preview:large","max-video-preview":"max-video-preview:-1"},"canonical":"https:\/\/gops-urszulin.pl\/index.php\/2026\/03\/18\/ankieta-dla-mieszkancow\/","og_locale":"pl_PL","og_type":"article","og_title":"Ankieta dla mieszka\u0144c\u00f3w - Gminny O\u015brodek Pomocy Spo\u0142ecznej w Urszulinie","og_description":"Zapraszamy mieszka\u0144c\u00f3w Gminy Urszulin do zapoznania si\u0119 i wype\u0142nieniem ankiety s\u0142u\u017c\u0105cej badaniu zjawiska przemocy na terenie gminy.","og_url":"https:\/\/gops-urszulin.pl\/index.php\/2026\/03\/18\/ankieta-dla-mieszkancow\/","og_site_name":"Gminny O\u015brodek Pomocy Spo\u0142ecznej w Urszulinie","article_published_time":"2026-03-18T08:43:35+00:00","og_image":[{"width":260,"height":140,"url":"https:\/\/gops-urszulin.pl\/wp-content\/uploads\/2025\/03\/atencion.png","type":"image\/png"}],"author":"admin","twitter_card":"summary_large_image","twitter_misc":{"Napisane przez":"admin","Szacowany czas czytania":"1 minuta"},"schema":{"@context":"https:\/\/schema.org","@graph":[{"@type":"Article","@id":"https:\/\/gops-urszulin.pl\/index.php\/2026\/03\/18\/ankieta-dla-mieszkancow\/#article","isPartOf":{"@id":"https:\/\/gops-urszulin.pl\/index.php\/2026\/03\/18\/ankieta-dla-mieszkancow\/"},"author":{"name":"admin","@id":"https:\/\/gops-urszulin.pl\/#\/schema\/person\/4321ac06fcb9fcbcb4e6e099f2b2dd6f"},"headline":"Ankieta dla mieszka\u0144c\u00f3w","datePublished":"2026-03-18T08:43:35+00:00","mainEntityOfPage":{"@id":"https:\/\/gops-urszulin.pl\/index.php\/2026\/03\/18\/ankieta-dla-mieszkancow\/"},"wordCount":116,"image":{"@id":"https:\/\/gops-urszulin.pl\/index.php\/2026\/03\/18\/ankieta-dla-mieszkancow\/#primaryimage"},"thumbnailUrl":"https:\/\/gops-urszulin.pl\/wp-content\/uploads\/2025\/03\/atencion.png","keywords":["ankieta","ZI"],"articleSection":["Aktualno\u015bci","Og\u0142oszenia"],"inLanguage":"pl-PL"},{"@type":"WebPage","@id":"https:\/\/gops-urszulin.pl\/index.php\/2026\/03\/18\/ankieta-dla-mieszkancow\/","url":"https:\/\/gops-urszulin.pl\/index.php\/2026\/03\/18\/ankieta-dla-mieszkancow\/","name":"Ankieta dla mieszka\u0144c\u00f3w - Gminny O\u015brodek Pomocy Spo\u0142ecznej w Urszulinie","isPartOf":{"@id":"https:\/\/gops-urszulin.pl\/#website"},"primaryImageOfPage":{"@id":"https:\/\/gops-urszulin.pl\/index.php\/2026\/03\/18\/ankieta-dla-mieszkancow\/#primaryimage"},"image":{"@id":"https:\/\/gops-urszulin.pl\/index.php\/2026\/03\/18\/ankieta-dla-mieszkancow\/#primaryimage"},"thumbnailUrl":"https:\/\/gops-urszulin.pl\/wp-content\/uploads\/2025\/03\/atencion.png","datePublished":"2026-03-18T08:43:35+00:00","author":{"@id":"https:\/\/gops-urszulin.pl\/#\/schema\/person\/4321ac06fcb9fcbcb4e6e099f2b2dd6f"},"description":"Zapraszamy mieszka\u0144c\u00f3w Gminy Urszulin do zapoznania si\u0119 i wype\u0142nieniem ankiety s\u0142u\u017c\u0105cej badaniu zjawiska przemocy na terenie gminy.","breadcrumb":{"@id":"https:\/\/gops-urszulin.pl\/index.php\/2026\/03\/18\/ankieta-dla-mieszkancow\/#breadcrumb"},"inLanguage":"pl-PL","potentialAction":[{"@type":"ReadAction","target":["https:\/\/gops-urszulin.pl\/index.php\/2026\/03\/18\/ankieta-dla-mieszkancow\/"]}]},{"@type":"ImageObject","inLanguage":"pl-PL","@id":"https:\/\/gops-urszulin.pl\/index.php\/2026\/03\/18\/ankieta-dla-mieszkancow\/#primaryimage","url":"https:\/\/gops-urszulin.pl\/wp-content\/uploads\/2025\/03\/atencion.png","contentUrl":"https:\/\/gops-urszulin.pl\/wp-content\/uploads\/2025\/03\/atencion.png","width":260,"height":140,"caption":"logo og\u0142oszenia"},{"@type":"BreadcrumbList","@id":"https:\/\/gops-urszulin.pl\/index.php\/2026\/03\/18\/ankieta-dla-mieszkancow\/#breadcrumb","itemListElement":[{"@type":"ListItem","position":1,"name":"Strona g\u0142\u00f3wna","item":"https:\/\/gops-urszulin.pl\/"},{"@type":"ListItem","position":2,"name":"Ankieta dla mieszka\u0144c\u00f3w"}]},{"@type":"WebSite","@id":"https:\/\/gops-urszulin.pl\/#website","url":"https:\/\/gops-urszulin.pl\/","name":"Gminny O\u015brodek Pomocy Spo\u0142ecznej w Urszulinie","description":"","potentialAction":[{"@type":"SearchAction","target":{"@type":"EntryPoint","urlTemplate":"https:\/\/gops-urszulin.pl\/?s={search_term_string}"},"query-input":{"@type":"PropertyValueSpecification","valueRequired":true,"valueName":"search_term_string"}}],"inLanguage":"pl-PL"},{"@type":"Person","@id":"https:\/\/gops-urszulin.pl\/#\/schema\/person\/4321ac06fcb9fcbcb4e6e099f2b2dd6f","name":"admin","sameAs":["https:\/\/gops-urszulin.pl"],"url":"https:\/\/gops-urszulin.pl\/index.php\/author\/marek\/"}]}},"_links":{"self":[{"href":"https:\/\/gops-urszulin.pl\/index.php\/wp-json\/wp\/v2\/posts\/1845","targetHints":{"allow":["GET"]}}],"collection":[{"href":"https:\/\/gops-urszulin.pl\/index.php\/wp-json\/wp\/v2\/posts"}],"about":[{"href":"https:\/\/gops-urszulin.pl\/index.php\/wp-json\/wp\/v2\/types\/post"}],"author":[{"embeddable":true,"href":"https:\/\/gops-urszulin.pl\/index.php\/wp-json\/wp\/v2\/users\/1"}],"replies":[{"embeddable":true,"href":"https:\/\/gops-urszulin.pl\/index.php\/wp-json\/wp\/v2\/comments?post=1845"}],"version-history":[{"count":2,"href":"https:\/\/gops-urszulin.pl\/index.php\/wp-json\/wp\/v2\/posts\/1845\/revisions"}],"predecessor-version":[{"id":1847,"href":"https:\/\/gops-urszulin.pl\/index.php\/wp-json\/wp\/v2\/posts\/1845\/revisions\/1847"}],"wp:featuredmedia":[{"embeddable":true,"href":"https:\/\/gops-urszulin.pl\/index.php\/wp-json\/wp\/v2\/media\/1501"}],"wp:attachment":[{"href":"https:\/\/gops-urszulin.pl\/index.php\/wp-json\/wp\/v2\/media?parent=1845"}],"wp:term":[{"taxonomy":"category","embeddable":true,"href":"https:\/\/gops-urszulin.pl\/index.php\/wp-json\/wp\/v2\/categories?post=1845"},{"taxonomy":"post_tag","embeddable":true,"href":"https:\/\/gops-urszulin.pl\/index.php\/wp-json\/wp\/v2\/tags?post=1845"}],"curies":[{"name":"wp","href":"https:\/\/api.w.org\/{rel}","templated":true}]}}