{"id":1764,"date":"2026-01-21T13:40:05","date_gmt":"2026-01-21T12:40:05","guid":{"rendered":"https:\/\/gops-urszulin.pl\/?p=1764"},"modified":"2026-01-23T10:38:03","modified_gmt":"2026-01-23T09:38:03","slug":"program-dzialamy-razem","status":"publish","type":"post","link":"https:\/\/gops-urszulin.pl\/index.php\/2026\/01\/21\/program-dzialamy-razem\/","title":{"rendered":"Program &#8222;Dzia\u0142aMy razem &#8211; lokalne wsparcie, realne zmiany&#8221;"},"content":{"rendered":"<div class=\"wp-block-image\">\n<figure class=\"aligncenter size-full is-resized\"><img loading=\"lazy\" decoding=\"async\" width=\"431\" height=\"607\" src=\"https:\/\/gops-urszulin.pl\/wp-content\/uploads\/2026\/01\/ulotka_p1.jpg\" alt=\"\" class=\"wp-image-1769\" style=\"aspect-ratio:0.7100591715976331;width:451px;height:auto\" srcset=\"https:\/\/gops-urszulin.pl\/wp-content\/uploads\/2026\/01\/ulotka_p1.jpg 431w, https:\/\/gops-urszulin.pl\/wp-content\/uploads\/2026\/01\/ulotka_p1-213x300.jpg 213w\" sizes=\"auto, (max-width: 431px) 100vw, 431px\" \/><\/figure>\n<\/div>\n\n<div class=\"wp-block-image\">\n<figure class=\"aligncenter size-full is-resized\"><img loading=\"lazy\" decoding=\"async\" width=\"431\" height=\"607\" src=\"https:\/\/gops-urszulin.pl\/wp-content\/uploads\/2026\/01\/ulotka_p2.jpg\" alt=\"\" class=\"wp-image-1770\" style=\"aspect-ratio:0.7100568322213986;width:451px;height:auto\" srcset=\"https:\/\/gops-urszulin.pl\/wp-content\/uploads\/2026\/01\/ulotka_p2.jpg 431w, https:\/\/gops-urszulin.pl\/wp-content\/uploads\/2026\/01\/ulotka_p2-213x300.jpg 213w\" sizes=\"auto, (max-width: 431px) 100vw, 431px\" \/><\/figure>\n<\/div>\n\n\n<p>Nab\u00f3r wniosk\u00f3w: od <strong>12 stycznia 2026 r.<\/strong> do <strong>15 lutego 2026 r. (godz. 23:59)<\/strong>.<\/p>\n\n\n\n<p><a class=\"fa fa-file-pdf-o\" href=\"https:\/\/gops-urszulin.pl\/wp-content\/uploads\/2026\/01\/ulotka.pdf\"> Ulotka o programie do pobrania<\/a><\/p>\n","protected":false},"excerpt":{"rendered":"<p>Program &#8222;Dzia\u0142aMy razem &#8211; lokalne wsparcie, realne zmiany&#8221; dofinansowany ze \u015brodk\u00f3w PFRON w ramach konkursu &#8222;Moc lokalnych inicjatyw&#8221;.<\/p>\n","protected":false},"author":3,"featured_media":1500,"comment_status":"closed","ping_status":"closed","sticky":false,"template":"","format":"standard","meta":{"footnotes":""},"categories":[119],"tags":[13],"class_list":["post-1764","post","type-post","status-publish","format-standard","has-post-thumbnail","hentry","category-informacja","tag-informacja"],"yoast_head":"<!-- This site is optimized with the Yoast SEO plugin v27.4 - https:\/\/yoast.com\/product\/yoast-seo-wordpress\/ -->\n<title>Program &quot;Dzia\u0142aMy razem - lokalne wsparcie, realne zmiany&quot; - Gminny O\u015brodek Pomocy Spo\u0142ecznej w Urszulinie<\/title>\n<meta name=\"description\" content=\"Program &quot;Dzia\u0142aMy razem - lokalne wsparcie, realne zmiany&quot; dofinansowany ze \u015brodk\u00f3w PFRON w ramach konkursu &quot;Moc lokalnych inicjatyw&quot;.\" \/>\n<meta name=\"robots\" content=\"index, follow, max-snippet:-1, max-image-preview:large, max-video-preview:-1\" \/>\n<link rel=\"canonical\" href=\"https:\/\/gops-urszulin.pl\/index.php\/2026\/01\/21\/program-dzialamy-razem\/\" \/>\n<meta property=\"og:locale\" content=\"pl_PL\" \/>\n<meta property=\"og:type\" content=\"article\" \/>\n<meta property=\"og:title\" content=\"Program &quot;Dzia\u0142aMy razem - lokalne wsparcie, realne zmiany&quot; - Gminny O\u015brodek Pomocy Spo\u0142ecznej w Urszulinie\" \/>\n<meta property=\"og:description\" content=\"Program &quot;Dzia\u0142aMy razem - lokalne wsparcie, realne zmiany&quot; dofinansowany ze \u015brodk\u00f3w PFRON w ramach konkursu &quot;Moc lokalnych inicjatyw&quot;.\" \/>\n<meta property=\"og:url\" content=\"https:\/\/gops-urszulin.pl\/index.php\/2026\/01\/21\/program-dzialamy-razem\/\" \/>\n<meta property=\"og:site_name\" content=\"Gminny O\u015brodek Pomocy Spo\u0142ecznej w Urszulinie\" \/>\n<meta property=\"article:published_time\" content=\"2026-01-21T12:40:05+00:00\" \/>\n<meta property=\"article:modified_time\" content=\"2026-01-23T09:38:03+00:00\" \/>\n<meta property=\"og:image\" content=\"https:\/\/gops-urszulin.pl\/wp-content\/uploads\/2025\/03\/informaction.png\" \/>\n\t<meta property=\"og:image:width\" content=\"260\" \/>\n\t<meta property=\"og:image:height\" content=\"140\" \/>\n\t<meta property=\"og:image:type\" content=\"image\/png\" \/>\n<meta name=\"author\" content=\"Mateusz G\u0142\u0105b\" \/>\n<meta name=\"twitter:card\" content=\"summary_large_image\" \/>\n<meta name=\"twitter:label1\" content=\"Napisane przez\" \/>\n\t<meta name=\"twitter:data1\" content=\"Mateusz G\u0142\u0105b\" \/>\n\t<meta name=\"twitter:label2\" content=\"Szacowany czas czytania\" \/>\n\t<meta name=\"twitter:data2\" content=\"1 minuta\" \/>\n<script type=\"application\/ld+json\" class=\"yoast-schema-graph\">{\"@context\":\"https:\\\/\\\/schema.org\",\"@graph\":[{\"@type\":\"Article\",\"@id\":\"https:\\\/\\\/gops-urszulin.pl\\\/index.php\\\/2026\\\/01\\\/21\\\/program-dzialamy-razem\\\/#article\",\"isPartOf\":{\"@id\":\"https:\\\/\\\/gops-urszulin.pl\\\/index.php\\\/2026\\\/01\\\/21\\\/program-dzialamy-razem\\\/\"},\"author\":{\"name\":\"Mateusz G\u0142\u0105b\",\"@id\":\"https:\\\/\\\/gops-urszulin.pl\\\/#\\\/schema\\\/person\\\/e81c972c3698d427ac2be8059f379fbf\"},\"headline\":\"Program &#8222;Dzia\u0142aMy razem &#8211; lokalne wsparcie, realne zmiany&#8221;\",\"datePublished\":\"2026-01-21T12:40:05+00:00\",\"dateModified\":\"2026-01-23T09:38:03+00:00\",\"mainEntityOfPage\":{\"@id\":\"https:\\\/\\\/gops-urszulin.pl\\\/index.php\\\/2026\\\/01\\\/21\\\/program-dzialamy-razem\\\/\"},\"wordCount\":25,\"image\":{\"@id\":\"https:\\\/\\\/gops-urszulin.pl\\\/index.php\\\/2026\\\/01\\\/21\\\/program-dzialamy-razem\\\/#primaryimage\"},\"thumbnailUrl\":\"https:\\\/\\\/gops-urszulin.pl\\\/wp-content\\\/uploads\\\/2025\\\/03\\\/informaction.png\",\"keywords\":[\"informacja\"],\"articleSection\":[\"Informacja\"],\"inLanguage\":\"pl-PL\"},{\"@type\":\"WebPage\",\"@id\":\"https:\\\/\\\/gops-urszulin.pl\\\/index.php\\\/2026\\\/01\\\/21\\\/program-dzialamy-razem\\\/\",\"url\":\"https:\\\/\\\/gops-urszulin.pl\\\/index.php\\\/2026\\\/01\\\/21\\\/program-dzialamy-razem\\\/\",\"name\":\"Program \\\"Dzia\u0142aMy razem - lokalne wsparcie, realne zmiany\\\" - Gminny O\u015brodek Pomocy Spo\u0142ecznej w Urszulinie\",\"isPartOf\":{\"@id\":\"https:\\\/\\\/gops-urszulin.pl\\\/#website\"},\"primaryImageOfPage\":{\"@id\":\"https:\\\/\\\/gops-urszulin.pl\\\/index.php\\\/2026\\\/01\\\/21\\\/program-dzialamy-razem\\\/#primaryimage\"},\"image\":{\"@id\":\"https:\\\/\\\/gops-urszulin.pl\\\/index.php\\\/2026\\\/01\\\/21\\\/program-dzialamy-razem\\\/#primaryimage\"},\"thumbnailUrl\":\"https:\\\/\\\/gops-urszulin.pl\\\/wp-content\\\/uploads\\\/2025\\\/03\\\/informaction.png\",\"datePublished\":\"2026-01-21T12:40:05+00:00\",\"dateModified\":\"2026-01-23T09:38:03+00:00\",\"author\":{\"@id\":\"https:\\\/\\\/gops-urszulin.pl\\\/#\\\/schema\\\/person\\\/e81c972c3698d427ac2be8059f379fbf\"},\"description\":\"Program \\\"Dzia\u0142aMy razem - lokalne wsparcie, realne zmiany\\\" dofinansowany ze \u015brodk\u00f3w PFRON w ramach konkursu \\\"Moc lokalnych inicjatyw\\\".\",\"breadcrumb\":{\"@id\":\"https:\\\/\\\/gops-urszulin.pl\\\/index.php\\\/2026\\\/01\\\/21\\\/program-dzialamy-razem\\\/#breadcrumb\"},\"inLanguage\":\"pl-PL\",\"potentialAction\":[{\"@type\":\"ReadAction\",\"target\":[\"https:\\\/\\\/gops-urszulin.pl\\\/index.php\\\/2026\\\/01\\\/21\\\/program-dzialamy-razem\\\/\"]}]},{\"@type\":\"ImageObject\",\"inLanguage\":\"pl-PL\",\"@id\":\"https:\\\/\\\/gops-urszulin.pl\\\/index.php\\\/2026\\\/01\\\/21\\\/program-dzialamy-razem\\\/#primaryimage\",\"url\":\"https:\\\/\\\/gops-urszulin.pl\\\/wp-content\\\/uploads\\\/2025\\\/03\\\/informaction.png\",\"contentUrl\":\"https:\\\/\\\/gops-urszulin.pl\\\/wp-content\\\/uploads\\\/2025\\\/03\\\/informaction.png\",\"width\":260,\"height\":140,\"caption\":\"logo informacji\"},{\"@type\":\"BreadcrumbList\",\"@id\":\"https:\\\/\\\/gops-urszulin.pl\\\/index.php\\\/2026\\\/01\\\/21\\\/program-dzialamy-razem\\\/#breadcrumb\",\"itemListElement\":[{\"@type\":\"ListItem\",\"position\":1,\"name\":\"Strona g\u0142\u00f3wna\",\"item\":\"https:\\\/\\\/gops-urszulin.pl\\\/\"},{\"@type\":\"ListItem\",\"position\":2,\"name\":\"Program &#8222;Dzia\u0142aMy razem &#8211; lokalne wsparcie, realne zmiany&#8221;\"}]},{\"@type\":\"WebSite\",\"@id\":\"https:\\\/\\\/gops-urszulin.pl\\\/#website\",\"url\":\"https:\\\/\\\/gops-urszulin.pl\\\/\",\"name\":\"Gminny O\u015brodek Pomocy Spo\u0142ecznej w Urszulinie\",\"description\":\"\",\"potentialAction\":[{\"@type\":\"SearchAction\",\"target\":{\"@type\":\"EntryPoint\",\"urlTemplate\":\"https:\\\/\\\/gops-urszulin.pl\\\/?s={search_term_string}\"},\"query-input\":{\"@type\":\"PropertyValueSpecification\",\"valueRequired\":true,\"valueName\":\"search_term_string\"}}],\"inLanguage\":\"pl-PL\"},{\"@type\":\"Person\",\"@id\":\"https:\\\/\\\/gops-urszulin.pl\\\/#\\\/schema\\\/person\\\/e81c972c3698d427ac2be8059f379fbf\",\"name\":\"Mateusz G\u0142\u0105b\",\"url\":\"https:\\\/\\\/gops-urszulin.pl\\\/index.php\\\/author\\\/mateusz\\\/\"}]}<\/script>\n<!-- \/ Yoast SEO plugin. -->","yoast_head_json":{"title":"Program \"Dzia\u0142aMy razem - lokalne wsparcie, realne zmiany\" - Gminny O\u015brodek Pomocy Spo\u0142ecznej w Urszulinie","description":"Program \"Dzia\u0142aMy razem - lokalne wsparcie, realne zmiany\" dofinansowany ze \u015brodk\u00f3w PFRON w ramach konkursu \"Moc lokalnych inicjatyw\".","robots":{"index":"index","follow":"follow","max-snippet":"max-snippet:-1","max-image-preview":"max-image-preview:large","max-video-preview":"max-video-preview:-1"},"canonical":"https:\/\/gops-urszulin.pl\/index.php\/2026\/01\/21\/program-dzialamy-razem\/","og_locale":"pl_PL","og_type":"article","og_title":"Program \"Dzia\u0142aMy razem - lokalne wsparcie, realne zmiany\" - Gminny O\u015brodek Pomocy Spo\u0142ecznej w Urszulinie","og_description":"Program \"Dzia\u0142aMy razem - lokalne wsparcie, realne zmiany\" dofinansowany ze \u015brodk\u00f3w PFRON w ramach konkursu \"Moc lokalnych inicjatyw\".","og_url":"https:\/\/gops-urszulin.pl\/index.php\/2026\/01\/21\/program-dzialamy-razem\/","og_site_name":"Gminny O\u015brodek Pomocy Spo\u0142ecznej w Urszulinie","article_published_time":"2026-01-21T12:40:05+00:00","article_modified_time":"2026-01-23T09:38:03+00:00","og_image":[{"width":260,"height":140,"url":"https:\/\/gops-urszulin.pl\/wp-content\/uploads\/2025\/03\/informaction.png","type":"image\/png"}],"author":"Mateusz G\u0142\u0105b","twitter_card":"summary_large_image","twitter_misc":{"Napisane przez":"Mateusz G\u0142\u0105b","Szacowany czas czytania":"1 minuta"},"schema":{"@context":"https:\/\/schema.org","@graph":[{"@type":"Article","@id":"https:\/\/gops-urszulin.pl\/index.php\/2026\/01\/21\/program-dzialamy-razem\/#article","isPartOf":{"@id":"https:\/\/gops-urszulin.pl\/index.php\/2026\/01\/21\/program-dzialamy-razem\/"},"author":{"name":"Mateusz G\u0142\u0105b","@id":"https:\/\/gops-urszulin.pl\/#\/schema\/person\/e81c972c3698d427ac2be8059f379fbf"},"headline":"Program &#8222;Dzia\u0142aMy razem &#8211; lokalne wsparcie, realne zmiany&#8221;","datePublished":"2026-01-21T12:40:05+00:00","dateModified":"2026-01-23T09:38:03+00:00","mainEntityOfPage":{"@id":"https:\/\/gops-urszulin.pl\/index.php\/2026\/01\/21\/program-dzialamy-razem\/"},"wordCount":25,"image":{"@id":"https:\/\/gops-urszulin.pl\/index.php\/2026\/01\/21\/program-dzialamy-razem\/#primaryimage"},"thumbnailUrl":"https:\/\/gops-urszulin.pl\/wp-content\/uploads\/2025\/03\/informaction.png","keywords":["informacja"],"articleSection":["Informacja"],"inLanguage":"pl-PL"},{"@type":"WebPage","@id":"https:\/\/gops-urszulin.pl\/index.php\/2026\/01\/21\/program-dzialamy-razem\/","url":"https:\/\/gops-urszulin.pl\/index.php\/2026\/01\/21\/program-dzialamy-razem\/","name":"Program \"Dzia\u0142aMy razem - lokalne wsparcie, realne zmiany\" - Gminny O\u015brodek Pomocy Spo\u0142ecznej w Urszulinie","isPartOf":{"@id":"https:\/\/gops-urszulin.pl\/#website"},"primaryImageOfPage":{"@id":"https:\/\/gops-urszulin.pl\/index.php\/2026\/01\/21\/program-dzialamy-razem\/#primaryimage"},"image":{"@id":"https:\/\/gops-urszulin.pl\/index.php\/2026\/01\/21\/program-dzialamy-razem\/#primaryimage"},"thumbnailUrl":"https:\/\/gops-urszulin.pl\/wp-content\/uploads\/2025\/03\/informaction.png","datePublished":"2026-01-21T12:40:05+00:00","dateModified":"2026-01-23T09:38:03+00:00","author":{"@id":"https:\/\/gops-urszulin.pl\/#\/schema\/person\/e81c972c3698d427ac2be8059f379fbf"},"description":"Program \"Dzia\u0142aMy razem - lokalne wsparcie, realne zmiany\" dofinansowany ze \u015brodk\u00f3w PFRON w ramach konkursu \"Moc lokalnych inicjatyw\".","breadcrumb":{"@id":"https:\/\/gops-urszulin.pl\/index.php\/2026\/01\/21\/program-dzialamy-razem\/#breadcrumb"},"inLanguage":"pl-PL","potentialAction":[{"@type":"ReadAction","target":["https:\/\/gops-urszulin.pl\/index.php\/2026\/01\/21\/program-dzialamy-razem\/"]}]},{"@type":"ImageObject","inLanguage":"pl-PL","@id":"https:\/\/gops-urszulin.pl\/index.php\/2026\/01\/21\/program-dzialamy-razem\/#primaryimage","url":"https:\/\/gops-urszulin.pl\/wp-content\/uploads\/2025\/03\/informaction.png","contentUrl":"https:\/\/gops-urszulin.pl\/wp-content\/uploads\/2025\/03\/informaction.png","width":260,"height":140,"caption":"logo informacji"},{"@type":"BreadcrumbList","@id":"https:\/\/gops-urszulin.pl\/index.php\/2026\/01\/21\/program-dzialamy-razem\/#breadcrumb","itemListElement":[{"@type":"ListItem","position":1,"name":"Strona g\u0142\u00f3wna","item":"https:\/\/gops-urszulin.pl\/"},{"@type":"ListItem","position":2,"name":"Program &#8222;Dzia\u0142aMy razem &#8211; lokalne wsparcie, realne zmiany&#8221;"}]},{"@type":"WebSite","@id":"https:\/\/gops-urszulin.pl\/#website","url":"https:\/\/gops-urszulin.pl\/","name":"Gminny O\u015brodek Pomocy Spo\u0142ecznej w Urszulinie","description":"","potentialAction":[{"@type":"SearchAction","target":{"@type":"EntryPoint","urlTemplate":"https:\/\/gops-urszulin.pl\/?s={search_term_string}"},"query-input":{"@type":"PropertyValueSpecification","valueRequired":true,"valueName":"search_term_string"}}],"inLanguage":"pl-PL"},{"@type":"Person","@id":"https:\/\/gops-urszulin.pl\/#\/schema\/person\/e81c972c3698d427ac2be8059f379fbf","name":"Mateusz G\u0142\u0105b","url":"https:\/\/gops-urszulin.pl\/index.php\/author\/mateusz\/"}]}},"_links":{"self":[{"href":"https:\/\/gops-urszulin.pl\/index.php\/wp-json\/wp\/v2\/posts\/1764","targetHints":{"allow":["GET"]}}],"collection":[{"href":"https:\/\/gops-urszulin.pl\/index.php\/wp-json\/wp\/v2\/posts"}],"about":[{"href":"https:\/\/gops-urszulin.pl\/index.php\/wp-json\/wp\/v2\/types\/post"}],"author":[{"embeddable":true,"href":"https:\/\/gops-urszulin.pl\/index.php\/wp-json\/wp\/v2\/users\/3"}],"replies":[{"embeddable":true,"href":"https:\/\/gops-urszulin.pl\/index.php\/wp-json\/wp\/v2\/comments?post=1764"}],"version-history":[{"count":5,"href":"https:\/\/gops-urszulin.pl\/index.php\/wp-json\/wp\/v2\/posts\/1764\/revisions"}],"predecessor-version":[{"id":1783,"href":"https:\/\/gops-urszulin.pl\/index.php\/wp-json\/wp\/v2\/posts\/1764\/revisions\/1783"}],"wp:featuredmedia":[{"embeddable":true,"href":"https:\/\/gops-urszulin.pl\/index.php\/wp-json\/wp\/v2\/media\/1500"}],"wp:attachment":[{"href":"https:\/\/gops-urszulin.pl\/index.php\/wp-json\/wp\/v2\/media?parent=1764"}],"wp:term":[{"taxonomy":"category","embeddable":true,"href":"https:\/\/gops-urszulin.pl\/index.php\/wp-json\/wp\/v2\/categories?post=1764"},{"taxonomy":"post_tag","embeddable":true,"href":"https:\/\/gops-urszulin.pl\/index.php\/wp-json\/wp\/v2\/tags?post=1764"}],"curies":[{"name":"wp","href":"https:\/\/api.w.org\/{rel}","templated":true}]}}