{"id":173,"date":"2022-10-01T14:22:44","date_gmt":"2022-10-01T12:22:44","guid":{"rendered":"https:\/\/gops-urszulin.pl\/?p=173"},"modified":"2025-03-19T12:14:24","modified_gmt":"2025-03-19T11:14:24","slug":"pracownicy-gops-u-urszulin","status":"publish","type":"post","link":"https:\/\/gops-urszulin.pl\/index.php\/2022\/10\/01\/pracownicy-gops-u-urszulin\/","title":{"rendered":"Kontakt"},"content":{"rendered":"<p><img loading=\"lazy\" decoding=\"async\" class=\"aligncenter size-full wp-image-1497\" src=\"https:\/\/gops-urszulin.pl\/wp-content\/uploads\/2025\/03\/archives_in_text.png\" alt=\"obrazek informuj\u0105cy o tre\u015bci archiwalnej\" width=\"222\" height=\"58\" \/><\/p>\n<p><strong>Gminny O\u015brodek Pomocy Spo\u0142ecznej w Urszulinie<\/strong><\/p>\n<ol>\n<li>Lubelska 31<br \/>\n22-234 Urszulin<br \/>\ne-mail:\u00a0<a href=\"mailto:gops@gops-urszulin.pl\">gops@gops-urszulin.pl<\/a><br \/>\ntel.: \/82\/ 571-30-44<br \/>\nfax: \/82\/ 592-00-14<\/li>\n<\/ol>\n<p>O\u015brodek czynny jest:<br \/>\nPONIEDZIA\u0141EK \u2013 PI\u0104TEK 7.30 \u2013 15.30<\/p>\n<p><strong><em>Kierownik\u00a0<\/em><\/strong><\/p>\n<p><strong>Marzena Trzaskowska<\/strong><\/p>\n<p>tel.:\/82\/ 592-00-13<\/p>\n<p><strong><em>G\u0142\u00f3wny Ksi\u0119gowy<\/em><\/strong><\/p>\n<p><strong>Maria Tro\u015bcia\u0144czyk<\/strong><\/p>\n<p>tel.:\/82\/ 592-00-13<\/p>\n<p><strong><em>Pracownik socjalny:<\/em><\/strong><\/p>\n<p>Pomoc materialna dla uczni\u00f3w<\/p>\n<p>tel.:\/82\/ 592-00-11<\/p>\n<p><strong>Sylwia Hodun<\/strong><br \/>\nRejon pracy socjalnej: Andrzej\u00f3w, Andrzej\u00f3w Osada, Kozubata, Micha\u0142\u00f3w, Nowe Za\u0142ucze, S\u0119k\u00f3w, Sumin, Wi\u0105zowiec, Wola Wereszczy\u0144ska, Wytyczno, Zastawie, Zawad\u00f3wka, Urszulin ulice: Kr\u00f3tka, Lubelska, Modrzewiowa, Nowa, Pogodna, Poleska, Sosnowa<\/p>\n<p><strong><em>Starszy pracownik socjalny:<\/em><\/strong><\/p>\n<p>Pomoc materialna dla uczni\u00f3w<\/p>\n<p>tel.:\/82\/ 592-00-12<\/p>\n<p><strong>Ewelina Szurek<\/strong><br \/>\nRejon pracy socjalnej: Babsk, Borysik, D\u0119bowiec, Grabniak, Jamniki, \u0141omnica, Przymiarki, Stare Za\u0142ucze, Wereszczyn, Wielkopole, Wincencin, W\u00f3lka Wytycka, Zabrodzie, Urszulin ulice: Che\u0142mska, Kwiatowa, Le\u015bna, Pocztowa, S\u0142oneczna, Szkolna<\/p>\n<p><strong><em>\u00a0<\/em><\/strong><\/p>\n<p><strong><em>Inspektor:<\/em><\/strong><\/p>\n<p>tel.:\/82\/ 592-00-06<\/p>\n<p>\u015awiadczenia rodzinne: zasi\u0142ek rodzinny z dodatkami, zasi\u0142ek piel\u0119gnacyjny, \u015bwiadczenia piel\u0119gnacyjne, specjalny zasi\u0142ek opieku\u0144czy, \u201cBecikowe\u201d<\/p>\n<p>Fundusz alimentacyjny; Dzia\u0142ania podejmowane wobec d\u0142u\u017cnik\u00f3w alimentacyjnych;<\/p>\n<p>Dodatki mieszkaniowe; Dodatki energetyczne;<\/p>\n<p>Karta Du\u017cej Rodziny;<\/p>\n<p>Program \u201eCzyste Powietrze\u201d \u2013 wydawanie za\u015bwiadcze\u0144 o dochodach;<\/p>\n<p>Dodatek os\u0142onowa.<\/p>\n<p><strong><em>Zesp\u00f3\u0142 Interdyscyplinarny w Urszulinie<\/em><\/strong><\/p>\n<p>siedziba w Gminnym O\u015brodku Pomocy Spo\u0142ecznej<\/p>\n<ol>\n<li>Lubelska 31<\/li>\n<\/ol>\n<p>22-234 Urszulin<\/p>\n<p>tel.: \/82\/ 592-00-11<\/p>\n<p>tel.:\/82\/ 592-00-12<\/p>\n<p>Telefony alarmowe<a href=\"https:\/\/gops-urszulin.pl\/wp-content\/uploads\/2015\/08\/PARPA-tel-zaufania_22_04_2015.xls\">\u00a0pobierz<\/a>.<\/p>\n<p>Telefon alarmowy Policji: 112<\/p>\n","protected":false},"excerpt":{"rendered":"<p>Gminny O\u015brodek Pomocy Spo\u0142ecznej w Urszulinie Lubelska 31 22-234 Urszulin e-mail:\u00a0gops@gops-urszulin.pl tel.: \/82\/ 571-30-44 fax: \/82\/ 592-00-14 O\u015brodek czynny jest: PONIEDZIA\u0141EK \u2013 [&hellip;]<\/p>\n","protected":false},"author":1,"featured_media":1499,"comment_status":"closed","ping_status":"closed","sticky":false,"template":"","format":"standard","meta":{"footnotes":""},"categories":[7],"tags":[16],"class_list":["post-173","post","type-post","status-publish","format-standard","has-post-thumbnail","hentry","category-archiwum","tag-kontakt"],"yoast_head":"<!-- This site is optimized with the Yoast SEO plugin v27.4 - https:\/\/yoast.com\/product\/yoast-seo-wordpress\/ -->\n<title>Kontakt - Gminny O\u015brodek Pomocy Spo\u0142ecznej w Urszulinie<\/title>\n<meta name=\"description\" content=\"Dane kontaktowe do wszystkich pracownik\u00f3w Gminnego O\u015brodka Pomocy Spo\u0142ecznej w Urszulinie\" \/>\n<meta name=\"robots\" content=\"index, follow, max-snippet:-1, max-image-preview:large, max-video-preview:-1\" \/>\n<link rel=\"canonical\" href=\"https:\/\/gops-urszulin.pl\/index.php\/2022\/10\/01\/pracownicy-gops-u-urszulin\/\" \/>\n<meta property=\"og:locale\" content=\"pl_PL\" \/>\n<meta property=\"og:type\" content=\"article\" \/>\n<meta property=\"og:title\" content=\"Kontakt - Gminny O\u015brodek Pomocy Spo\u0142ecznej w Urszulinie\" \/>\n<meta property=\"og:description\" content=\"Dane kontaktowe do wszystkich pracownik\u00f3w Gminnego O\u015brodka Pomocy Spo\u0142ecznej w Urszulinie\" \/>\n<meta property=\"og:url\" content=\"https:\/\/gops-urszulin.pl\/index.php\/2022\/10\/01\/pracownicy-gops-u-urszulin\/\" \/>\n<meta property=\"og:site_name\" content=\"Gminny O\u015brodek Pomocy Spo\u0142ecznej w Urszulinie\" \/>\n<meta property=\"article:published_time\" content=\"2022-10-01T12:22:44+00:00\" \/>\n<meta property=\"article:modified_time\" content=\"2025-03-19T11:14:24+00:00\" \/>\n<meta property=\"og:image\" content=\"https:\/\/gops-urszulin.pl\/wp-content\/uploads\/2025\/03\/post_archives.png\" \/>\n\t<meta property=\"og:image:width\" content=\"260\" \/>\n\t<meta property=\"og:image:height\" content=\"140\" \/>\n\t<meta property=\"og:image:type\" content=\"image\/png\" \/>\n<meta name=\"author\" content=\"admin\" \/>\n<meta name=\"twitter:card\" content=\"summary_large_image\" \/>\n<meta name=\"twitter:label1\" content=\"Napisane przez\" \/>\n\t<meta name=\"twitter:data1\" content=\"admin\" \/>\n\t<meta name=\"twitter:label2\" content=\"Szacowany czas czytania\" \/>\n\t<meta name=\"twitter:data2\" content=\"2 minuty\" \/>\n<script type=\"application\/ld+json\" class=\"yoast-schema-graph\">{\"@context\":\"https:\\\/\\\/schema.org\",\"@graph\":[{\"@type\":\"Article\",\"@id\":\"https:\\\/\\\/gops-urszulin.pl\\\/index.php\\\/2022\\\/10\\\/01\\\/pracownicy-gops-u-urszulin\\\/#article\",\"isPartOf\":{\"@id\":\"https:\\\/\\\/gops-urszulin.pl\\\/index.php\\\/2022\\\/10\\\/01\\\/pracownicy-gops-u-urszulin\\\/\"},\"author\":{\"name\":\"admin\",\"@id\":\"https:\\\/\\\/gops-urszulin.pl\\\/#\\\/schema\\\/person\\\/4321ac06fcb9fcbcb4e6e099f2b2dd6f\"},\"headline\":\"Kontakt\",\"datePublished\":\"2022-10-01T12:22:44+00:00\",\"dateModified\":\"2025-03-19T11:14:24+00:00\",\"mainEntityOfPage\":{\"@id\":\"https:\\\/\\\/gops-urszulin.pl\\\/index.php\\\/2022\\\/10\\\/01\\\/pracownicy-gops-u-urszulin\\\/\"},\"wordCount\":222,\"image\":{\"@id\":\"https:\\\/\\\/gops-urszulin.pl\\\/index.php\\\/2022\\\/10\\\/01\\\/pracownicy-gops-u-urszulin\\\/#primaryimage\"},\"thumbnailUrl\":\"https:\\\/\\\/gops-urszulin.pl\\\/wp-content\\\/uploads\\\/2025\\\/03\\\/post_archives.png\",\"keywords\":[\"kontakt\"],\"articleSection\":[\"Archiwum\"],\"inLanguage\":\"pl-PL\"},{\"@type\":\"WebPage\",\"@id\":\"https:\\\/\\\/gops-urszulin.pl\\\/index.php\\\/2022\\\/10\\\/01\\\/pracownicy-gops-u-urszulin\\\/\",\"url\":\"https:\\\/\\\/gops-urszulin.pl\\\/index.php\\\/2022\\\/10\\\/01\\\/pracownicy-gops-u-urszulin\\\/\",\"name\":\"Kontakt - Gminny O\u015brodek Pomocy Spo\u0142ecznej w Urszulinie\",\"isPartOf\":{\"@id\":\"https:\\\/\\\/gops-urszulin.pl\\\/#website\"},\"primaryImageOfPage\":{\"@id\":\"https:\\\/\\\/gops-urszulin.pl\\\/index.php\\\/2022\\\/10\\\/01\\\/pracownicy-gops-u-urszulin\\\/#primaryimage\"},\"image\":{\"@id\":\"https:\\\/\\\/gops-urszulin.pl\\\/index.php\\\/2022\\\/10\\\/01\\\/pracownicy-gops-u-urszulin\\\/#primaryimage\"},\"thumbnailUrl\":\"https:\\\/\\\/gops-urszulin.pl\\\/wp-content\\\/uploads\\\/2025\\\/03\\\/post_archives.png\",\"datePublished\":\"2022-10-01T12:22:44+00:00\",\"dateModified\":\"2025-03-19T11:14:24+00:00\",\"author\":{\"@id\":\"https:\\\/\\\/gops-urszulin.pl\\\/#\\\/schema\\\/person\\\/4321ac06fcb9fcbcb4e6e099f2b2dd6f\"},\"description\":\"Dane kontaktowe do wszystkich pracownik\u00f3w Gminnego O\u015brodka Pomocy Spo\u0142ecznej w Urszulinie\",\"breadcrumb\":{\"@id\":\"https:\\\/\\\/gops-urszulin.pl\\\/index.php\\\/2022\\\/10\\\/01\\\/pracownicy-gops-u-urszulin\\\/#breadcrumb\"},\"inLanguage\":\"pl-PL\",\"potentialAction\":[{\"@type\":\"ReadAction\",\"target\":[\"https:\\\/\\\/gops-urszulin.pl\\\/index.php\\\/2022\\\/10\\\/01\\\/pracownicy-gops-u-urszulin\\\/\"]}]},{\"@type\":\"ImageObject\",\"inLanguage\":\"pl-PL\",\"@id\":\"https:\\\/\\\/gops-urszulin.pl\\\/index.php\\\/2022\\\/10\\\/01\\\/pracownicy-gops-u-urszulin\\\/#primaryimage\",\"url\":\"https:\\\/\\\/gops-urszulin.pl\\\/wp-content\\\/uploads\\\/2025\\\/03\\\/post_archives.png\",\"contentUrl\":\"https:\\\/\\\/gops-urszulin.pl\\\/wp-content\\\/uploads\\\/2025\\\/03\\\/post_archives.png\",\"width\":260,\"height\":140,\"caption\":\"logo wpisu archiwalnego\"},{\"@type\":\"BreadcrumbList\",\"@id\":\"https:\\\/\\\/gops-urszulin.pl\\\/index.php\\\/2022\\\/10\\\/01\\\/pracownicy-gops-u-urszulin\\\/#breadcrumb\",\"itemListElement\":[{\"@type\":\"ListItem\",\"position\":1,\"name\":\"Strona g\u0142\u00f3wna\",\"item\":\"https:\\\/\\\/gops-urszulin.pl\\\/\"},{\"@type\":\"ListItem\",\"position\":2,\"name\":\"Kontakt\"}]},{\"@type\":\"WebSite\",\"@id\":\"https:\\\/\\\/gops-urszulin.pl\\\/#website\",\"url\":\"https:\\\/\\\/gops-urszulin.pl\\\/\",\"name\":\"Gminny O\u015brodek Pomocy Spo\u0142ecznej w Urszulinie\",\"description\":\"\",\"potentialAction\":[{\"@type\":\"SearchAction\",\"target\":{\"@type\":\"EntryPoint\",\"urlTemplate\":\"https:\\\/\\\/gops-urszulin.pl\\\/?s={search_term_string}\"},\"query-input\":{\"@type\":\"PropertyValueSpecification\",\"valueRequired\":true,\"valueName\":\"search_term_string\"}}],\"inLanguage\":\"pl-PL\"},{\"@type\":\"Person\",\"@id\":\"https:\\\/\\\/gops-urszulin.pl\\\/#\\\/schema\\\/person\\\/4321ac06fcb9fcbcb4e6e099f2b2dd6f\",\"name\":\"admin\",\"sameAs\":[\"http:\\\/\\\/gops-urszulin.pl\"],\"url\":\"https:\\\/\\\/gops-urszulin.pl\\\/index.php\\\/author\\\/marek\\\/\"}]}<\/script>\n<!-- \/ Yoast SEO plugin. -->","yoast_head_json":{"title":"Kontakt - Gminny O\u015brodek Pomocy Spo\u0142ecznej w Urszulinie","description":"Dane kontaktowe do wszystkich pracownik\u00f3w Gminnego O\u015brodka Pomocy Spo\u0142ecznej w Urszulinie","robots":{"index":"index","follow":"follow","max-snippet":"max-snippet:-1","max-image-preview":"max-image-preview:large","max-video-preview":"max-video-preview:-1"},"canonical":"https:\/\/gops-urszulin.pl\/index.php\/2022\/10\/01\/pracownicy-gops-u-urszulin\/","og_locale":"pl_PL","og_type":"article","og_title":"Kontakt - Gminny O\u015brodek Pomocy Spo\u0142ecznej w Urszulinie","og_description":"Dane kontaktowe do wszystkich pracownik\u00f3w Gminnego O\u015brodka Pomocy Spo\u0142ecznej w Urszulinie","og_url":"https:\/\/gops-urszulin.pl\/index.php\/2022\/10\/01\/pracownicy-gops-u-urszulin\/","og_site_name":"Gminny O\u015brodek Pomocy Spo\u0142ecznej w Urszulinie","article_published_time":"2022-10-01T12:22:44+00:00","article_modified_time":"2025-03-19T11:14:24+00:00","og_image":[{"width":260,"height":140,"url":"https:\/\/gops-urszulin.pl\/wp-content\/uploads\/2025\/03\/post_archives.png","type":"image\/png"}],"author":"admin","twitter_card":"summary_large_image","twitter_misc":{"Napisane przez":"admin","Szacowany czas czytania":"2 minuty"},"schema":{"@context":"https:\/\/schema.org","@graph":[{"@type":"Article","@id":"https:\/\/gops-urszulin.pl\/index.php\/2022\/10\/01\/pracownicy-gops-u-urszulin\/#article","isPartOf":{"@id":"https:\/\/gops-urszulin.pl\/index.php\/2022\/10\/01\/pracownicy-gops-u-urszulin\/"},"author":{"name":"admin","@id":"https:\/\/gops-urszulin.pl\/#\/schema\/person\/4321ac06fcb9fcbcb4e6e099f2b2dd6f"},"headline":"Kontakt","datePublished":"2022-10-01T12:22:44+00:00","dateModified":"2025-03-19T11:14:24+00:00","mainEntityOfPage":{"@id":"https:\/\/gops-urszulin.pl\/index.php\/2022\/10\/01\/pracownicy-gops-u-urszulin\/"},"wordCount":222,"image":{"@id":"https:\/\/gops-urszulin.pl\/index.php\/2022\/10\/01\/pracownicy-gops-u-urszulin\/#primaryimage"},"thumbnailUrl":"https:\/\/gops-urszulin.pl\/wp-content\/uploads\/2025\/03\/post_archives.png","keywords":["kontakt"],"articleSection":["Archiwum"],"inLanguage":"pl-PL"},{"@type":"WebPage","@id":"https:\/\/gops-urszulin.pl\/index.php\/2022\/10\/01\/pracownicy-gops-u-urszulin\/","url":"https:\/\/gops-urszulin.pl\/index.php\/2022\/10\/01\/pracownicy-gops-u-urszulin\/","name":"Kontakt - Gminny O\u015brodek Pomocy Spo\u0142ecznej w Urszulinie","isPartOf":{"@id":"https:\/\/gops-urszulin.pl\/#website"},"primaryImageOfPage":{"@id":"https:\/\/gops-urszulin.pl\/index.php\/2022\/10\/01\/pracownicy-gops-u-urszulin\/#primaryimage"},"image":{"@id":"https:\/\/gops-urszulin.pl\/index.php\/2022\/10\/01\/pracownicy-gops-u-urszulin\/#primaryimage"},"thumbnailUrl":"https:\/\/gops-urszulin.pl\/wp-content\/uploads\/2025\/03\/post_archives.png","datePublished":"2022-10-01T12:22:44+00:00","dateModified":"2025-03-19T11:14:24+00:00","author":{"@id":"https:\/\/gops-urszulin.pl\/#\/schema\/person\/4321ac06fcb9fcbcb4e6e099f2b2dd6f"},"description":"Dane kontaktowe do wszystkich pracownik\u00f3w Gminnego O\u015brodka Pomocy Spo\u0142ecznej w Urszulinie","breadcrumb":{"@id":"https:\/\/gops-urszulin.pl\/index.php\/2022\/10\/01\/pracownicy-gops-u-urszulin\/#breadcrumb"},"inLanguage":"pl-PL","potentialAction":[{"@type":"ReadAction","target":["https:\/\/gops-urszulin.pl\/index.php\/2022\/10\/01\/pracownicy-gops-u-urszulin\/"]}]},{"@type":"ImageObject","inLanguage":"pl-PL","@id":"https:\/\/gops-urszulin.pl\/index.php\/2022\/10\/01\/pracownicy-gops-u-urszulin\/#primaryimage","url":"https:\/\/gops-urszulin.pl\/wp-content\/uploads\/2025\/03\/post_archives.png","contentUrl":"https:\/\/gops-urszulin.pl\/wp-content\/uploads\/2025\/03\/post_archives.png","width":260,"height":140,"caption":"logo wpisu archiwalnego"},{"@type":"BreadcrumbList","@id":"https:\/\/gops-urszulin.pl\/index.php\/2022\/10\/01\/pracownicy-gops-u-urszulin\/#breadcrumb","itemListElement":[{"@type":"ListItem","position":1,"name":"Strona g\u0142\u00f3wna","item":"https:\/\/gops-urszulin.pl\/"},{"@type":"ListItem","position":2,"name":"Kontakt"}]},{"@type":"WebSite","@id":"https:\/\/gops-urszulin.pl\/#website","url":"https:\/\/gops-urszulin.pl\/","name":"Gminny O\u015brodek Pomocy Spo\u0142ecznej w Urszulinie","description":"","potentialAction":[{"@type":"SearchAction","target":{"@type":"EntryPoint","urlTemplate":"https:\/\/gops-urszulin.pl\/?s={search_term_string}"},"query-input":{"@type":"PropertyValueSpecification","valueRequired":true,"valueName":"search_term_string"}}],"inLanguage":"pl-PL"},{"@type":"Person","@id":"https:\/\/gops-urszulin.pl\/#\/schema\/person\/4321ac06fcb9fcbcb4e6e099f2b2dd6f","name":"admin","sameAs":["https:\/\/gops-urszulin.pl"],"url":"https:\/\/gops-urszulin.pl\/index.php\/author\/marek\/"}]}},"_links":{"self":[{"href":"https:\/\/gops-urszulin.pl\/index.php\/wp-json\/wp\/v2\/posts\/173","targetHints":{"allow":["GET"]}}],"collection":[{"href":"https:\/\/gops-urszulin.pl\/index.php\/wp-json\/wp\/v2\/posts"}],"about":[{"href":"https:\/\/gops-urszulin.pl\/index.php\/wp-json\/wp\/v2\/types\/post"}],"author":[{"embeddable":true,"href":"https:\/\/gops-urszulin.pl\/index.php\/wp-json\/wp\/v2\/users\/1"}],"replies":[{"embeddable":true,"href":"https:\/\/gops-urszulin.pl\/index.php\/wp-json\/wp\/v2\/comments?post=173"}],"version-history":[{"count":10,"href":"https:\/\/gops-urszulin.pl\/index.php\/wp-json\/wp\/v2\/posts\/173\/revisions"}],"predecessor-version":[{"id":1536,"href":"https:\/\/gops-urszulin.pl\/index.php\/wp-json\/wp\/v2\/posts\/173\/revisions\/1536"}],"wp:featuredmedia":[{"embeddable":true,"href":"https:\/\/gops-urszulin.pl\/index.php\/wp-json\/wp\/v2\/media\/1499"}],"wp:attachment":[{"href":"https:\/\/gops-urszulin.pl\/index.php\/wp-json\/wp\/v2\/media?parent=173"}],"wp:term":[{"taxonomy":"category","embeddable":true,"href":"https:\/\/gops-urszulin.pl\/index.php\/wp-json\/wp\/v2\/categories?post=173"},{"taxonomy":"post_tag","embeddable":true,"href":"https:\/\/gops-urszulin.pl\/index.php\/wp-json\/wp\/v2\/tags?post=173"}],"curies":[{"name":"wp","href":"https:\/\/api.w.org\/{rel}","templated":true}]}}