{"id":1572,"date":"2025-01-22T15:10:42","date_gmt":"2025-01-22T14:10:42","guid":{"rendered":"https:\/\/gops-urszulin.pl\/?p=1572"},"modified":"2025-03-19T15:13:41","modified_gmt":"2025-03-19T14:13:41","slug":"waloryzacja-swiadczenia-pielegnacyjnego-na-rok-2025","status":"publish","type":"post","link":"https:\/\/gops-urszulin.pl\/index.php\/2025\/01\/22\/waloryzacja-swiadczenia-pielegnacyjnego-na-rok-2025\/","title":{"rendered":"Waloryzacja \u015bwiadczenia piel\u0119gnacyjnego na rok 2025"},"content":{"rendered":"<div class=\"v1article-item__body\">\n<p>Na podstawie\u00a0art. 17 ust. 3d\u00a0ustawy z dnia 28 listopada 2003 r. o \u015bwiadczeniach rodzinnych (Dz. U. z 2024 r. poz. 323 z p\u00f3\u017an. zm.) informujemy, \u017ce w zwi\u0105zku z obwieszczeniem Ministra Rodziny, Pracy i Polityki Spo\u0142ecznej z dnia 6 listopada 2024 r. w sprawie wysoko\u015bci \u015bwiadczenia piel\u0119gnacyjnego w roku 2025, wysoko\u015b\u0107 \u015bwiadczenia piel\u0119gnacyjnego w roku 2025 wynosi\u00a0<strong>3 287,00 z\u0142.<\/strong><\/p>\n<\/div>\n<p>Zmiana wysoko\u015bci \u015bwiadczenia piel\u0119gnacyjnego do kwoty 3 287,00 z\u0142 nast\u0119puje z urz\u0119du.<\/p>\n","protected":false},"excerpt":{"rendered":"<p>Informacja o wysoko\u015bci waloryzacji \u015bwiadczenia piel\u0119gnacyjnego w roku 2025<\/p>\n","protected":false},"author":1,"featured_media":1498,"comment_status":"closed","ping_status":"closed","sticky":false,"template":"","format":"standard","meta":{"footnotes":""},"categories":[6,8,11,9],"tags":[13,174],"class_list":["post-1572","post","type-post","status-publish","format-standard","has-post-thumbnail","hentry","category-aktualnosci","category-ogloszenia","category-swiadczenia-rodzinne","category-wsparcie-dla-rodzin-z-dziecmi","tag-informacja","tag-swiadczenie-pielegnacyjne"],"yoast_head":"<!-- This site is optimized with the Yoast SEO plugin v27.4 - https:\/\/yoast.com\/product\/yoast-seo-wordpress\/ -->\n<title>Waloryzacja \u015bwiadczenia piel\u0119gnacyjnego na rok 2025 - Gminny O\u015brodek Pomocy Spo\u0142ecznej w Urszulinie<\/title>\n<meta name=\"description\" content=\"Informacja o wysoko\u015bci waloryzacji \u015bwiadczenia piel\u0119gnacyjnego w roku 2025\" \/>\n<meta name=\"robots\" content=\"index, follow, max-snippet:-1, max-image-preview:large, max-video-preview:-1\" \/>\n<link rel=\"canonical\" href=\"https:\/\/gops-urszulin.pl\/index.php\/2025\/01\/22\/waloryzacja-swiadczenia-pielegnacyjnego-na-rok-2025\/\" \/>\n<meta property=\"og:locale\" content=\"pl_PL\" \/>\n<meta property=\"og:type\" content=\"article\" \/>\n<meta property=\"og:title\" content=\"Waloryzacja \u015bwiadczenia piel\u0119gnacyjnego na rok 2025 - Gminny O\u015brodek Pomocy Spo\u0142ecznej w Urszulinie\" \/>\n<meta property=\"og:description\" content=\"Informacja o wysoko\u015bci waloryzacji \u015bwiadczenia piel\u0119gnacyjnego w roku 2025\" \/>\n<meta property=\"og:url\" content=\"https:\/\/gops-urszulin.pl\/index.php\/2025\/01\/22\/waloryzacja-swiadczenia-pielegnacyjnego-na-rok-2025\/\" \/>\n<meta property=\"og:site_name\" content=\"Gminny O\u015brodek Pomocy Spo\u0142ecznej w Urszulinie\" \/>\n<meta property=\"article:published_time\" content=\"2025-01-22T14:10:42+00:00\" \/>\n<meta property=\"article:modified_time\" content=\"2025-03-19T14:13:41+00:00\" \/>\n<meta property=\"og:image\" content=\"https:\/\/gops-urszulin.pl\/wp-content\/uploads\/2025\/03\/ahtung.png\" \/>\n\t<meta property=\"og:image:width\" content=\"260\" \/>\n\t<meta property=\"og:image:height\" content=\"140\" \/>\n\t<meta property=\"og:image:type\" content=\"image\/png\" \/>\n<meta name=\"author\" content=\"admin\" \/>\n<meta name=\"twitter:card\" content=\"summary_large_image\" \/>\n<meta name=\"twitter:label1\" content=\"Napisane przez\" \/>\n\t<meta name=\"twitter:data1\" content=\"admin\" \/>\n\t<meta name=\"twitter:label2\" content=\"Szacowany czas czytania\" \/>\n\t<meta name=\"twitter:data2\" content=\"1 minuta\" \/>\n<script type=\"application\/ld+json\" class=\"yoast-schema-graph\">{\"@context\":\"https:\\\/\\\/schema.org\",\"@graph\":[{\"@type\":\"Article\",\"@id\":\"https:\\\/\\\/gops-urszulin.pl\\\/index.php\\\/2025\\\/01\\\/22\\\/waloryzacja-swiadczenia-pielegnacyjnego-na-rok-2025\\\/#article\",\"isPartOf\":{\"@id\":\"https:\\\/\\\/gops-urszulin.pl\\\/index.php\\\/2025\\\/01\\\/22\\\/waloryzacja-swiadczenia-pielegnacyjnego-na-rok-2025\\\/\"},\"author\":{\"name\":\"admin\",\"@id\":\"https:\\\/\\\/gops-urszulin.pl\\\/#\\\/schema\\\/person\\\/4321ac06fcb9fcbcb4e6e099f2b2dd6f\"},\"headline\":\"Waloryzacja \u015bwiadczenia piel\u0119gnacyjnego na rok 2025\",\"datePublished\":\"2025-01-22T14:10:42+00:00\",\"dateModified\":\"2025-03-19T14:13:41+00:00\",\"mainEntityOfPage\":{\"@id\":\"https:\\\/\\\/gops-urszulin.pl\\\/index.php\\\/2025\\\/01\\\/22\\\/waloryzacja-swiadczenia-pielegnacyjnego-na-rok-2025\\\/\"},\"wordCount\":77,\"image\":{\"@id\":\"https:\\\/\\\/gops-urszulin.pl\\\/index.php\\\/2025\\\/01\\\/22\\\/waloryzacja-swiadczenia-pielegnacyjnego-na-rok-2025\\\/#primaryimage\"},\"thumbnailUrl\":\"https:\\\/\\\/gops-urszulin.pl\\\/wp-content\\\/uploads\\\/2025\\\/03\\\/ahtung.png\",\"keywords\":[\"informacja\",\"\u015bwiadczenie piel\u0119gnacyjne\"],\"articleSection\":[\"Aktualno\u015bci\",\"Og\u0142oszenia\",\"\u015awiadczenia rodzinne\",\"Wsparcie dla rodzin z dzie\u0107mi\"],\"inLanguage\":\"pl-PL\"},{\"@type\":\"WebPage\",\"@id\":\"https:\\\/\\\/gops-urszulin.pl\\\/index.php\\\/2025\\\/01\\\/22\\\/waloryzacja-swiadczenia-pielegnacyjnego-na-rok-2025\\\/\",\"url\":\"https:\\\/\\\/gops-urszulin.pl\\\/index.php\\\/2025\\\/01\\\/22\\\/waloryzacja-swiadczenia-pielegnacyjnego-na-rok-2025\\\/\",\"name\":\"Waloryzacja \u015bwiadczenia piel\u0119gnacyjnego na rok 2025 - Gminny O\u015brodek Pomocy Spo\u0142ecznej w Urszulinie\",\"isPartOf\":{\"@id\":\"https:\\\/\\\/gops-urszulin.pl\\\/#website\"},\"primaryImageOfPage\":{\"@id\":\"https:\\\/\\\/gops-urszulin.pl\\\/index.php\\\/2025\\\/01\\\/22\\\/waloryzacja-swiadczenia-pielegnacyjnego-na-rok-2025\\\/#primaryimage\"},\"image\":{\"@id\":\"https:\\\/\\\/gops-urszulin.pl\\\/index.php\\\/2025\\\/01\\\/22\\\/waloryzacja-swiadczenia-pielegnacyjnego-na-rok-2025\\\/#primaryimage\"},\"thumbnailUrl\":\"https:\\\/\\\/gops-urszulin.pl\\\/wp-content\\\/uploads\\\/2025\\\/03\\\/ahtung.png\",\"datePublished\":\"2025-01-22T14:10:42+00:00\",\"dateModified\":\"2025-03-19T14:13:41+00:00\",\"author\":{\"@id\":\"https:\\\/\\\/gops-urszulin.pl\\\/#\\\/schema\\\/person\\\/4321ac06fcb9fcbcb4e6e099f2b2dd6f\"},\"description\":\"Informacja o wysoko\u015bci waloryzacji \u015bwiadczenia piel\u0119gnacyjnego w roku 2025\",\"breadcrumb\":{\"@id\":\"https:\\\/\\\/gops-urszulin.pl\\\/index.php\\\/2025\\\/01\\\/22\\\/waloryzacja-swiadczenia-pielegnacyjnego-na-rok-2025\\\/#breadcrumb\"},\"inLanguage\":\"pl-PL\",\"potentialAction\":[{\"@type\":\"ReadAction\",\"target\":[\"https:\\\/\\\/gops-urszulin.pl\\\/index.php\\\/2025\\\/01\\\/22\\\/waloryzacja-swiadczenia-pielegnacyjnego-na-rok-2025\\\/\"]}]},{\"@type\":\"ImageObject\",\"inLanguage\":\"pl-PL\",\"@id\":\"https:\\\/\\\/gops-urszulin.pl\\\/index.php\\\/2025\\\/01\\\/22\\\/waloryzacja-swiadczenia-pielegnacyjnego-na-rok-2025\\\/#primaryimage\",\"url\":\"https:\\\/\\\/gops-urszulin.pl\\\/wp-content\\\/uploads\\\/2025\\\/03\\\/ahtung.png\",\"contentUrl\":\"https:\\\/\\\/gops-urszulin.pl\\\/wp-content\\\/uploads\\\/2025\\\/03\\\/ahtung.png\",\"width\":260,\"height\":140,\"caption\":\"logo komunikatu\"},{\"@type\":\"BreadcrumbList\",\"@id\":\"https:\\\/\\\/gops-urszulin.pl\\\/index.php\\\/2025\\\/01\\\/22\\\/waloryzacja-swiadczenia-pielegnacyjnego-na-rok-2025\\\/#breadcrumb\",\"itemListElement\":[{\"@type\":\"ListItem\",\"position\":1,\"name\":\"Strona g\u0142\u00f3wna\",\"item\":\"https:\\\/\\\/gops-urszulin.pl\\\/\"},{\"@type\":\"ListItem\",\"position\":2,\"name\":\"Waloryzacja \u015bwiadczenia piel\u0119gnacyjnego na rok 2025\"}]},{\"@type\":\"WebSite\",\"@id\":\"https:\\\/\\\/gops-urszulin.pl\\\/#website\",\"url\":\"https:\\\/\\\/gops-urszulin.pl\\\/\",\"name\":\"Gminny O\u015brodek Pomocy Spo\u0142ecznej w Urszulinie\",\"description\":\"\",\"potentialAction\":[{\"@type\":\"SearchAction\",\"target\":{\"@type\":\"EntryPoint\",\"urlTemplate\":\"https:\\\/\\\/gops-urszulin.pl\\\/?s={search_term_string}\"},\"query-input\":{\"@type\":\"PropertyValueSpecification\",\"valueRequired\":true,\"valueName\":\"search_term_string\"}}],\"inLanguage\":\"pl-PL\"},{\"@type\":\"Person\",\"@id\":\"https:\\\/\\\/gops-urszulin.pl\\\/#\\\/schema\\\/person\\\/4321ac06fcb9fcbcb4e6e099f2b2dd6f\",\"name\":\"admin\",\"sameAs\":[\"http:\\\/\\\/gops-urszulin.pl\"],\"url\":\"https:\\\/\\\/gops-urszulin.pl\\\/index.php\\\/author\\\/marek\\\/\"}]}<\/script>\n<!-- \/ Yoast SEO plugin. -->","yoast_head_json":{"title":"Waloryzacja \u015bwiadczenia piel\u0119gnacyjnego na rok 2025 - Gminny O\u015brodek Pomocy Spo\u0142ecznej w Urszulinie","description":"Informacja o wysoko\u015bci waloryzacji \u015bwiadczenia piel\u0119gnacyjnego w roku 2025","robots":{"index":"index","follow":"follow","max-snippet":"max-snippet:-1","max-image-preview":"max-image-preview:large","max-video-preview":"max-video-preview:-1"},"canonical":"https:\/\/gops-urszulin.pl\/index.php\/2025\/01\/22\/waloryzacja-swiadczenia-pielegnacyjnego-na-rok-2025\/","og_locale":"pl_PL","og_type":"article","og_title":"Waloryzacja \u015bwiadczenia piel\u0119gnacyjnego na rok 2025 - Gminny O\u015brodek Pomocy Spo\u0142ecznej w Urszulinie","og_description":"Informacja o wysoko\u015bci waloryzacji \u015bwiadczenia piel\u0119gnacyjnego w roku 2025","og_url":"https:\/\/gops-urszulin.pl\/index.php\/2025\/01\/22\/waloryzacja-swiadczenia-pielegnacyjnego-na-rok-2025\/","og_site_name":"Gminny O\u015brodek Pomocy Spo\u0142ecznej w Urszulinie","article_published_time":"2025-01-22T14:10:42+00:00","article_modified_time":"2025-03-19T14:13:41+00:00","og_image":[{"width":260,"height":140,"url":"https:\/\/gops-urszulin.pl\/wp-content\/uploads\/2025\/03\/ahtung.png","type":"image\/png"}],"author":"admin","twitter_card":"summary_large_image","twitter_misc":{"Napisane przez":"admin","Szacowany czas czytania":"1 minuta"},"schema":{"@context":"https:\/\/schema.org","@graph":[{"@type":"Article","@id":"https:\/\/gops-urszulin.pl\/index.php\/2025\/01\/22\/waloryzacja-swiadczenia-pielegnacyjnego-na-rok-2025\/#article","isPartOf":{"@id":"https:\/\/gops-urszulin.pl\/index.php\/2025\/01\/22\/waloryzacja-swiadczenia-pielegnacyjnego-na-rok-2025\/"},"author":{"name":"admin","@id":"https:\/\/gops-urszulin.pl\/#\/schema\/person\/4321ac06fcb9fcbcb4e6e099f2b2dd6f"},"headline":"Waloryzacja \u015bwiadczenia piel\u0119gnacyjnego na rok 2025","datePublished":"2025-01-22T14:10:42+00:00","dateModified":"2025-03-19T14:13:41+00:00","mainEntityOfPage":{"@id":"https:\/\/gops-urszulin.pl\/index.php\/2025\/01\/22\/waloryzacja-swiadczenia-pielegnacyjnego-na-rok-2025\/"},"wordCount":77,"image":{"@id":"https:\/\/gops-urszulin.pl\/index.php\/2025\/01\/22\/waloryzacja-swiadczenia-pielegnacyjnego-na-rok-2025\/#primaryimage"},"thumbnailUrl":"https:\/\/gops-urszulin.pl\/wp-content\/uploads\/2025\/03\/ahtung.png","keywords":["informacja","\u015bwiadczenie piel\u0119gnacyjne"],"articleSection":["Aktualno\u015bci","Og\u0142oszenia","\u015awiadczenia rodzinne","Wsparcie dla rodzin z dzie\u0107mi"],"inLanguage":"pl-PL"},{"@type":"WebPage","@id":"https:\/\/gops-urszulin.pl\/index.php\/2025\/01\/22\/waloryzacja-swiadczenia-pielegnacyjnego-na-rok-2025\/","url":"https:\/\/gops-urszulin.pl\/index.php\/2025\/01\/22\/waloryzacja-swiadczenia-pielegnacyjnego-na-rok-2025\/","name":"Waloryzacja \u015bwiadczenia piel\u0119gnacyjnego na rok 2025 - Gminny O\u015brodek Pomocy Spo\u0142ecznej w Urszulinie","isPartOf":{"@id":"https:\/\/gops-urszulin.pl\/#website"},"primaryImageOfPage":{"@id":"https:\/\/gops-urszulin.pl\/index.php\/2025\/01\/22\/waloryzacja-swiadczenia-pielegnacyjnego-na-rok-2025\/#primaryimage"},"image":{"@id":"https:\/\/gops-urszulin.pl\/index.php\/2025\/01\/22\/waloryzacja-swiadczenia-pielegnacyjnego-na-rok-2025\/#primaryimage"},"thumbnailUrl":"https:\/\/gops-urszulin.pl\/wp-content\/uploads\/2025\/03\/ahtung.png","datePublished":"2025-01-22T14:10:42+00:00","dateModified":"2025-03-19T14:13:41+00:00","author":{"@id":"https:\/\/gops-urszulin.pl\/#\/schema\/person\/4321ac06fcb9fcbcb4e6e099f2b2dd6f"},"description":"Informacja o wysoko\u015bci waloryzacji \u015bwiadczenia piel\u0119gnacyjnego w roku 2025","breadcrumb":{"@id":"https:\/\/gops-urszulin.pl\/index.php\/2025\/01\/22\/waloryzacja-swiadczenia-pielegnacyjnego-na-rok-2025\/#breadcrumb"},"inLanguage":"pl-PL","potentialAction":[{"@type":"ReadAction","target":["https:\/\/gops-urszulin.pl\/index.php\/2025\/01\/22\/waloryzacja-swiadczenia-pielegnacyjnego-na-rok-2025\/"]}]},{"@type":"ImageObject","inLanguage":"pl-PL","@id":"https:\/\/gops-urszulin.pl\/index.php\/2025\/01\/22\/waloryzacja-swiadczenia-pielegnacyjnego-na-rok-2025\/#primaryimage","url":"https:\/\/gops-urszulin.pl\/wp-content\/uploads\/2025\/03\/ahtung.png","contentUrl":"https:\/\/gops-urszulin.pl\/wp-content\/uploads\/2025\/03\/ahtung.png","width":260,"height":140,"caption":"logo komunikatu"},{"@type":"BreadcrumbList","@id":"https:\/\/gops-urszulin.pl\/index.php\/2025\/01\/22\/waloryzacja-swiadczenia-pielegnacyjnego-na-rok-2025\/#breadcrumb","itemListElement":[{"@type":"ListItem","position":1,"name":"Strona g\u0142\u00f3wna","item":"https:\/\/gops-urszulin.pl\/"},{"@type":"ListItem","position":2,"name":"Waloryzacja \u015bwiadczenia piel\u0119gnacyjnego na rok 2025"}]},{"@type":"WebSite","@id":"https:\/\/gops-urszulin.pl\/#website","url":"https:\/\/gops-urszulin.pl\/","name":"Gminny O\u015brodek Pomocy Spo\u0142ecznej w Urszulinie","description":"","potentialAction":[{"@type":"SearchAction","target":{"@type":"EntryPoint","urlTemplate":"https:\/\/gops-urszulin.pl\/?s={search_term_string}"},"query-input":{"@type":"PropertyValueSpecification","valueRequired":true,"valueName":"search_term_string"}}],"inLanguage":"pl-PL"},{"@type":"Person","@id":"https:\/\/gops-urszulin.pl\/#\/schema\/person\/4321ac06fcb9fcbcb4e6e099f2b2dd6f","name":"admin","sameAs":["https:\/\/gops-urszulin.pl"],"url":"https:\/\/gops-urszulin.pl\/index.php\/author\/marek\/"}]}},"_links":{"self":[{"href":"https:\/\/gops-urszulin.pl\/index.php\/wp-json\/wp\/v2\/posts\/1572","targetHints":{"allow":["GET"]}}],"collection":[{"href":"https:\/\/gops-urszulin.pl\/index.php\/wp-json\/wp\/v2\/posts"}],"about":[{"href":"https:\/\/gops-urszulin.pl\/index.php\/wp-json\/wp\/v2\/types\/post"}],"author":[{"embeddable":true,"href":"https:\/\/gops-urszulin.pl\/index.php\/wp-json\/wp\/v2\/users\/1"}],"replies":[{"embeddable":true,"href":"https:\/\/gops-urszulin.pl\/index.php\/wp-json\/wp\/v2\/comments?post=1572"}],"version-history":[{"count":1,"href":"https:\/\/gops-urszulin.pl\/index.php\/wp-json\/wp\/v2\/posts\/1572\/revisions"}],"predecessor-version":[{"id":1573,"href":"https:\/\/gops-urszulin.pl\/index.php\/wp-json\/wp\/v2\/posts\/1572\/revisions\/1573"}],"wp:featuredmedia":[{"embeddable":true,"href":"https:\/\/gops-urszulin.pl\/index.php\/wp-json\/wp\/v2\/media\/1498"}],"wp:attachment":[{"href":"https:\/\/gops-urszulin.pl\/index.php\/wp-json\/wp\/v2\/media?parent=1572"}],"wp:term":[{"taxonomy":"category","embeddable":true,"href":"https:\/\/gops-urszulin.pl\/index.php\/wp-json\/wp\/v2\/categories?post=1572"},{"taxonomy":"post_tag","embeddable":true,"href":"https:\/\/gops-urszulin.pl\/index.php\/wp-json\/wp\/v2\/tags?post=1572"}],"curies":[{"name":"wp","href":"https:\/\/api.w.org\/{rel}","templated":true}]}}