{"id":119,"date":"2017-11-16T14:33:25","date_gmt":"2017-11-16T12:33:25","guid":{"rendered":"https:\/\/gops-urszulin.pl\/?p=119"},"modified":"2025-03-19T09:50:49","modified_gmt":"2025-03-19T08:50:49","slug":"nadciaga-mroz-i-snieg-zadbajmy-o-potrzebujacych","status":"publish","type":"post","link":"https:\/\/gops-urszulin.pl\/index.php\/2017\/11\/16\/nadciaga-mroz-i-snieg-zadbajmy-o-potrzebujacych\/","title":{"rendered":"Nadci\u0105ga mr\u00f3z i \u015bnieg. Zadbajmy o potrzebuj\u0105cych"},"content":{"rendered":"<p>W zwi\u0105zku z spadkami temperatur i pierwszymi opadami \u015bniegu zadbajmy o potrzebuj\u0105cych. To niezwykle wa\u017cne, aby w tych dniach i w ca\u0142ym okresie zimowym nikt kto potrzebuje pomocy nie zosta\u0142 pozostawiony sam sobie.<\/p>\n<p>Tym samym przypominamy, \u017ce w\u00a0<strong>Lubelskim Urz\u0119dzie Wojew\u00f3dzkim w Lublinie funkcjonuje bezp\u0142atny, ca\u0142odobowy telefon o numerze 987,<\/strong>\u00a0pod kt\u00f3rym mo\u017cna uzyska\u0107 informacje na temat miejsc noclegowych, jad\u0142odajni oraz punkt\u00f3w udzielania pomocy rzeczowej i finansowej na terenie wojew\u00f3dztwa lubelskiego dla os\u00f3b bezdomnych.<\/p>\n<table>\n<tbody>\n<tr>\n<td width=\"166\"><strong>Dane teleadresowe podmiotu prowadz\u0105cego plac\u00f3wk\u0119 noclegow\u0105<\/strong><\/td>\n<td width=\"111\"><strong>Nazwa plac\u00f3wki<\/strong><\/td>\n<td width=\"130\"><strong>Dane teleadresowe plac\u00f3wki noclegowej<\/strong><\/td>\n<td width=\"82\"><strong>Typ plac\u00f3wki<\/strong><\/td>\n<td width=\"55\"><strong>Ilo\u015b\u0107 miejsc<\/strong><\/td>\n<td width=\"107\"><strong>Przeznaczenie plac\u00f3wki<\/strong><\/td>\n<td width=\"91\"><strong>Uwagi<\/strong><\/td>\n<\/tr>\n<tr>\n<td width=\"166\">Pomocy im. \u015aw. Brata Alberta Ko\u0142o Che\u0142mskie<br \/>\nul. Wo\u0142y\u0144ska 69<br \/>\n22-100 Che\u0142m<br \/>\ntel.\/fax 82-563-01-12<br \/>\ne-mail:\u00a0<a href=\"mailto:schroniskochelm@op.pl\">schroniskochelm@op.pl<\/a><\/td>\n<td width=\"111\">Schronisko dla Bezdomnych M\u0119\u017cczyzn<\/td>\n<td width=\"130\">ul. Wo\u0142y\u0144ska 69<br \/>\n22-100 Che\u0142m<\/td>\n<td width=\"82\">schronisko<\/td>\n<td width=\"55\">58<\/td>\n<td width=\"107\">m\u0119\u017cczy\u017ani<\/td>\n<td width=\"91\">Czynne ca\u0142odobowo przez ca\u0142y rok. Mo\u017cliwo\u015b\u0107 zwi\u0119kszenia miejsc o 4 w okresie zimowym.<\/td>\n<\/tr>\n<tr>\n<td width=\"166\">Stowarzyszenie \u201eMonar\u201d Zarz\u0105d G\u0142\u00f3wny<br \/>\nul. Nowolipki 9B<br \/>\n00-151 Warszawa<br \/>\ntel. 22-635-95-09<br \/>\nfax 22-530-62-81<br \/>\ne-mail:\u00a0<a href=\"mailto:biuro@monar.org\">biuro@monar.org<\/a><\/td>\n<td width=\"111\">Stowarzyszenie MONAR-O\u015brodek Pomocy Bli\u017aniemu MARKOT<\/td>\n<td width=\"130\">ul. K\u0105pieliskowa 28<br \/>\n22-100 Che\u0142m<br \/>\ntel. kom. 512-026-291<br \/>\n<a href=\"mailto:chelm@monar.org\">chelm@monar.org<\/a><\/td>\n<td width=\"82\">schronisko<\/td>\n<td width=\"55\">50<\/td>\n<td width=\"107\">kobiety, m\u0119\u017cczy\u017ani<\/td>\n<td width=\"91\">Czynne ca\u0142odobowo przez ca\u0142y rok. W okresie zimowym mo\u017cliwo\u015b\u0107 zwi\u0119kszenia miejsc o 10.<\/td>\n<\/tr>\n<\/tbody>\n<\/table>\n<p>Wykaz wszystkich\u00a0plac\u00f3wek zapewniaj\u0105cych miejsca noclegowe na terenie wojew\u00f3dztwa lubelskiego znajduje si\u0119 tutaj:\u00a0<a href=\"https:\/\/gops-urszulin.pl\/wp-content\/uploads\/2023\/10\/Rejestr-placowek-zapewniajacych-miejsca-noclegowe_0.pdf\">wykaz plac\u00f3wek<\/a><\/p>\n","protected":false},"excerpt":{"rendered":"<p>W zwi\u0105zku z spadkami temperatur i pierwszymi opadami \u015bniegu zadbajmy o potrzebuj\u0105cych. <\/p>\n","protected":false},"author":1,"featured_media":1498,"comment_status":"closed","ping_status":"closed","sticky":false,"template":"","format":"standard","meta":{"footnotes":""},"categories":[7],"tags":[13,97,99],"class_list":["post-119","post","type-post","status-publish","format-standard","has-post-thumbnail","hentry","category-archiwum","tag-informacja","tag-potrzebujacy","tag-schronisko"],"yoast_head":"<!-- This site is optimized with the Yoast SEO plugin v27.4 - https:\/\/yoast.com\/product\/yoast-seo-wordpress\/ -->\n<title>Nadci\u0105ga mr\u00f3z i \u015bnieg. Zadbajmy o potrzebuj\u0105cych - Gminny O\u015brodek Pomocy Spo\u0142ecznej w Urszulinie<\/title>\n<meta name=\"description\" content=\"W zwi\u0105zku z spadkami temperatur i pierwszymi opadami \u015bniegu zadbajmy o potrzebuj\u0105cych.\" \/>\n<meta name=\"robots\" content=\"index, follow, max-snippet:-1, max-image-preview:large, max-video-preview:-1\" \/>\n<link rel=\"canonical\" href=\"https:\/\/gops-urszulin.pl\/index.php\/2017\/11\/16\/nadciaga-mroz-i-snieg-zadbajmy-o-potrzebujacych\/\" \/>\n<meta property=\"og:locale\" content=\"pl_PL\" \/>\n<meta property=\"og:type\" content=\"article\" \/>\n<meta property=\"og:title\" content=\"Nadci\u0105ga mr\u00f3z i \u015bnieg. Zadbajmy o potrzebuj\u0105cych - Gminny O\u015brodek Pomocy Spo\u0142ecznej w Urszulinie\" \/>\n<meta property=\"og:description\" content=\"W zwi\u0105zku z spadkami temperatur i pierwszymi opadami \u015bniegu zadbajmy o potrzebuj\u0105cych.\" \/>\n<meta property=\"og:url\" content=\"https:\/\/gops-urszulin.pl\/index.php\/2017\/11\/16\/nadciaga-mroz-i-snieg-zadbajmy-o-potrzebujacych\/\" \/>\n<meta property=\"og:site_name\" content=\"Gminny O\u015brodek Pomocy Spo\u0142ecznej w Urszulinie\" \/>\n<meta property=\"article:published_time\" content=\"2017-11-16T12:33:25+00:00\" \/>\n<meta property=\"article:modified_time\" content=\"2025-03-19T08:50:49+00:00\" \/>\n<meta property=\"og:image\" content=\"https:\/\/gops-urszulin.pl\/wp-content\/uploads\/2025\/03\/ahtung.png\" \/>\n\t<meta property=\"og:image:width\" content=\"260\" \/>\n\t<meta property=\"og:image:height\" content=\"140\" \/>\n\t<meta property=\"og:image:type\" content=\"image\/png\" \/>\n<meta name=\"author\" content=\"admin\" \/>\n<meta name=\"twitter:card\" content=\"summary_large_image\" \/>\n<meta name=\"twitter:label1\" content=\"Napisane przez\" \/>\n\t<meta name=\"twitter:data1\" content=\"admin\" \/>\n\t<meta name=\"twitter:label2\" content=\"Szacowany czas czytania\" \/>\n\t<meta name=\"twitter:data2\" content=\"2 minuty\" \/>\n<script type=\"application\/ld+json\" class=\"yoast-schema-graph\">{\"@context\":\"https:\\\/\\\/schema.org\",\"@graph\":[{\"@type\":\"Article\",\"@id\":\"https:\\\/\\\/gops-urszulin.pl\\\/index.php\\\/2017\\\/11\\\/16\\\/nadciaga-mroz-i-snieg-zadbajmy-o-potrzebujacych\\\/#article\",\"isPartOf\":{\"@id\":\"https:\\\/\\\/gops-urszulin.pl\\\/index.php\\\/2017\\\/11\\\/16\\\/nadciaga-mroz-i-snieg-zadbajmy-o-potrzebujacych\\\/\"},\"author\":{\"name\":\"admin\",\"@id\":\"https:\\\/\\\/gops-urszulin.pl\\\/#\\\/schema\\\/person\\\/4321ac06fcb9fcbcb4e6e099f2b2dd6f\"},\"headline\":\"Nadci\u0105ga mr\u00f3z i \u015bnieg. Zadbajmy o potrzebuj\u0105cych\",\"datePublished\":\"2017-11-16T12:33:25+00:00\",\"dateModified\":\"2025-03-19T08:50:49+00:00\",\"mainEntityOfPage\":{\"@id\":\"https:\\\/\\\/gops-urszulin.pl\\\/index.php\\\/2017\\\/11\\\/16\\\/nadciaga-mroz-i-snieg-zadbajmy-o-potrzebujacych\\\/\"},\"wordCount\":262,\"image\":{\"@id\":\"https:\\\/\\\/gops-urszulin.pl\\\/index.php\\\/2017\\\/11\\\/16\\\/nadciaga-mroz-i-snieg-zadbajmy-o-potrzebujacych\\\/#primaryimage\"},\"thumbnailUrl\":\"https:\\\/\\\/gops-urszulin.pl\\\/wp-content\\\/uploads\\\/2025\\\/03\\\/ahtung.png\",\"keywords\":[\"informacja\",\"potrzebuj\u0105cy\",\"schronisko\"],\"articleSection\":[\"Archiwum\"],\"inLanguage\":\"pl-PL\"},{\"@type\":\"WebPage\",\"@id\":\"https:\\\/\\\/gops-urszulin.pl\\\/index.php\\\/2017\\\/11\\\/16\\\/nadciaga-mroz-i-snieg-zadbajmy-o-potrzebujacych\\\/\",\"url\":\"https:\\\/\\\/gops-urszulin.pl\\\/index.php\\\/2017\\\/11\\\/16\\\/nadciaga-mroz-i-snieg-zadbajmy-o-potrzebujacych\\\/\",\"name\":\"Nadci\u0105ga mr\u00f3z i \u015bnieg. Zadbajmy o potrzebuj\u0105cych - Gminny O\u015brodek Pomocy Spo\u0142ecznej w Urszulinie\",\"isPartOf\":{\"@id\":\"https:\\\/\\\/gops-urszulin.pl\\\/#website\"},\"primaryImageOfPage\":{\"@id\":\"https:\\\/\\\/gops-urszulin.pl\\\/index.php\\\/2017\\\/11\\\/16\\\/nadciaga-mroz-i-snieg-zadbajmy-o-potrzebujacych\\\/#primaryimage\"},\"image\":{\"@id\":\"https:\\\/\\\/gops-urszulin.pl\\\/index.php\\\/2017\\\/11\\\/16\\\/nadciaga-mroz-i-snieg-zadbajmy-o-potrzebujacych\\\/#primaryimage\"},\"thumbnailUrl\":\"https:\\\/\\\/gops-urszulin.pl\\\/wp-content\\\/uploads\\\/2025\\\/03\\\/ahtung.png\",\"datePublished\":\"2017-11-16T12:33:25+00:00\",\"dateModified\":\"2025-03-19T08:50:49+00:00\",\"author\":{\"@id\":\"https:\\\/\\\/gops-urszulin.pl\\\/#\\\/schema\\\/person\\\/4321ac06fcb9fcbcb4e6e099f2b2dd6f\"},\"description\":\"W zwi\u0105zku z spadkami temperatur i pierwszymi opadami \u015bniegu zadbajmy o potrzebuj\u0105cych.\",\"breadcrumb\":{\"@id\":\"https:\\\/\\\/gops-urszulin.pl\\\/index.php\\\/2017\\\/11\\\/16\\\/nadciaga-mroz-i-snieg-zadbajmy-o-potrzebujacych\\\/#breadcrumb\"},\"inLanguage\":\"pl-PL\",\"potentialAction\":[{\"@type\":\"ReadAction\",\"target\":[\"https:\\\/\\\/gops-urszulin.pl\\\/index.php\\\/2017\\\/11\\\/16\\\/nadciaga-mroz-i-snieg-zadbajmy-o-potrzebujacych\\\/\"]}]},{\"@type\":\"ImageObject\",\"inLanguage\":\"pl-PL\",\"@id\":\"https:\\\/\\\/gops-urszulin.pl\\\/index.php\\\/2017\\\/11\\\/16\\\/nadciaga-mroz-i-snieg-zadbajmy-o-potrzebujacych\\\/#primaryimage\",\"url\":\"https:\\\/\\\/gops-urszulin.pl\\\/wp-content\\\/uploads\\\/2025\\\/03\\\/ahtung.png\",\"contentUrl\":\"https:\\\/\\\/gops-urszulin.pl\\\/wp-content\\\/uploads\\\/2025\\\/03\\\/ahtung.png\",\"width\":260,\"height\":140,\"caption\":\"logo komunikatu\"},{\"@type\":\"BreadcrumbList\",\"@id\":\"https:\\\/\\\/gops-urszulin.pl\\\/index.php\\\/2017\\\/11\\\/16\\\/nadciaga-mroz-i-snieg-zadbajmy-o-potrzebujacych\\\/#breadcrumb\",\"itemListElement\":[{\"@type\":\"ListItem\",\"position\":1,\"name\":\"Strona g\u0142\u00f3wna\",\"item\":\"https:\\\/\\\/gops-urszulin.pl\\\/\"},{\"@type\":\"ListItem\",\"position\":2,\"name\":\"Nadci\u0105ga mr\u00f3z i \u015bnieg. Zadbajmy o potrzebuj\u0105cych\"}]},{\"@type\":\"WebSite\",\"@id\":\"https:\\\/\\\/gops-urszulin.pl\\\/#website\",\"url\":\"https:\\\/\\\/gops-urszulin.pl\\\/\",\"name\":\"Gminny O\u015brodek Pomocy Spo\u0142ecznej w Urszulinie\",\"description\":\"\",\"potentialAction\":[{\"@type\":\"SearchAction\",\"target\":{\"@type\":\"EntryPoint\",\"urlTemplate\":\"https:\\\/\\\/gops-urszulin.pl\\\/?s={search_term_string}\"},\"query-input\":{\"@type\":\"PropertyValueSpecification\",\"valueRequired\":true,\"valueName\":\"search_term_string\"}}],\"inLanguage\":\"pl-PL\"},{\"@type\":\"Person\",\"@id\":\"https:\\\/\\\/gops-urszulin.pl\\\/#\\\/schema\\\/person\\\/4321ac06fcb9fcbcb4e6e099f2b2dd6f\",\"name\":\"admin\",\"sameAs\":[\"http:\\\/\\\/gops-urszulin.pl\"],\"url\":\"https:\\\/\\\/gops-urszulin.pl\\\/index.php\\\/author\\\/marek\\\/\"}]}<\/script>\n<!-- \/ Yoast SEO plugin. -->","yoast_head_json":{"title":"Nadci\u0105ga mr\u00f3z i \u015bnieg. Zadbajmy o potrzebuj\u0105cych - Gminny O\u015brodek Pomocy Spo\u0142ecznej w Urszulinie","description":"W zwi\u0105zku z spadkami temperatur i pierwszymi opadami \u015bniegu zadbajmy o potrzebuj\u0105cych.","robots":{"index":"index","follow":"follow","max-snippet":"max-snippet:-1","max-image-preview":"max-image-preview:large","max-video-preview":"max-video-preview:-1"},"canonical":"https:\/\/gops-urszulin.pl\/index.php\/2017\/11\/16\/nadciaga-mroz-i-snieg-zadbajmy-o-potrzebujacych\/","og_locale":"pl_PL","og_type":"article","og_title":"Nadci\u0105ga mr\u00f3z i \u015bnieg. Zadbajmy o potrzebuj\u0105cych - Gminny O\u015brodek Pomocy Spo\u0142ecznej w Urszulinie","og_description":"W zwi\u0105zku z spadkami temperatur i pierwszymi opadami \u015bniegu zadbajmy o potrzebuj\u0105cych.","og_url":"https:\/\/gops-urszulin.pl\/index.php\/2017\/11\/16\/nadciaga-mroz-i-snieg-zadbajmy-o-potrzebujacych\/","og_site_name":"Gminny O\u015brodek Pomocy Spo\u0142ecznej w Urszulinie","article_published_time":"2017-11-16T12:33:25+00:00","article_modified_time":"2025-03-19T08:50:49+00:00","og_image":[{"width":260,"height":140,"url":"https:\/\/gops-urszulin.pl\/wp-content\/uploads\/2025\/03\/ahtung.png","type":"image\/png"}],"author":"admin","twitter_card":"summary_large_image","twitter_misc":{"Napisane przez":"admin","Szacowany czas czytania":"2 minuty"},"schema":{"@context":"https:\/\/schema.org","@graph":[{"@type":"Article","@id":"https:\/\/gops-urszulin.pl\/index.php\/2017\/11\/16\/nadciaga-mroz-i-snieg-zadbajmy-o-potrzebujacych\/#article","isPartOf":{"@id":"https:\/\/gops-urszulin.pl\/index.php\/2017\/11\/16\/nadciaga-mroz-i-snieg-zadbajmy-o-potrzebujacych\/"},"author":{"name":"admin","@id":"https:\/\/gops-urszulin.pl\/#\/schema\/person\/4321ac06fcb9fcbcb4e6e099f2b2dd6f"},"headline":"Nadci\u0105ga mr\u00f3z i \u015bnieg. Zadbajmy o potrzebuj\u0105cych","datePublished":"2017-11-16T12:33:25+00:00","dateModified":"2025-03-19T08:50:49+00:00","mainEntityOfPage":{"@id":"https:\/\/gops-urszulin.pl\/index.php\/2017\/11\/16\/nadciaga-mroz-i-snieg-zadbajmy-o-potrzebujacych\/"},"wordCount":262,"image":{"@id":"https:\/\/gops-urszulin.pl\/index.php\/2017\/11\/16\/nadciaga-mroz-i-snieg-zadbajmy-o-potrzebujacych\/#primaryimage"},"thumbnailUrl":"https:\/\/gops-urszulin.pl\/wp-content\/uploads\/2025\/03\/ahtung.png","keywords":["informacja","potrzebuj\u0105cy","schronisko"],"articleSection":["Archiwum"],"inLanguage":"pl-PL"},{"@type":"WebPage","@id":"https:\/\/gops-urszulin.pl\/index.php\/2017\/11\/16\/nadciaga-mroz-i-snieg-zadbajmy-o-potrzebujacych\/","url":"https:\/\/gops-urszulin.pl\/index.php\/2017\/11\/16\/nadciaga-mroz-i-snieg-zadbajmy-o-potrzebujacych\/","name":"Nadci\u0105ga mr\u00f3z i \u015bnieg. Zadbajmy o potrzebuj\u0105cych - Gminny O\u015brodek Pomocy Spo\u0142ecznej w Urszulinie","isPartOf":{"@id":"https:\/\/gops-urszulin.pl\/#website"},"primaryImageOfPage":{"@id":"https:\/\/gops-urszulin.pl\/index.php\/2017\/11\/16\/nadciaga-mroz-i-snieg-zadbajmy-o-potrzebujacych\/#primaryimage"},"image":{"@id":"https:\/\/gops-urszulin.pl\/index.php\/2017\/11\/16\/nadciaga-mroz-i-snieg-zadbajmy-o-potrzebujacych\/#primaryimage"},"thumbnailUrl":"https:\/\/gops-urszulin.pl\/wp-content\/uploads\/2025\/03\/ahtung.png","datePublished":"2017-11-16T12:33:25+00:00","dateModified":"2025-03-19T08:50:49+00:00","author":{"@id":"https:\/\/gops-urszulin.pl\/#\/schema\/person\/4321ac06fcb9fcbcb4e6e099f2b2dd6f"},"description":"W zwi\u0105zku z spadkami temperatur i pierwszymi opadami \u015bniegu zadbajmy o potrzebuj\u0105cych.","breadcrumb":{"@id":"https:\/\/gops-urszulin.pl\/index.php\/2017\/11\/16\/nadciaga-mroz-i-snieg-zadbajmy-o-potrzebujacych\/#breadcrumb"},"inLanguage":"pl-PL","potentialAction":[{"@type":"ReadAction","target":["https:\/\/gops-urszulin.pl\/index.php\/2017\/11\/16\/nadciaga-mroz-i-snieg-zadbajmy-o-potrzebujacych\/"]}]},{"@type":"ImageObject","inLanguage":"pl-PL","@id":"https:\/\/gops-urszulin.pl\/index.php\/2017\/11\/16\/nadciaga-mroz-i-snieg-zadbajmy-o-potrzebujacych\/#primaryimage","url":"https:\/\/gops-urszulin.pl\/wp-content\/uploads\/2025\/03\/ahtung.png","contentUrl":"https:\/\/gops-urszulin.pl\/wp-content\/uploads\/2025\/03\/ahtung.png","width":260,"height":140,"caption":"logo komunikatu"},{"@type":"BreadcrumbList","@id":"https:\/\/gops-urszulin.pl\/index.php\/2017\/11\/16\/nadciaga-mroz-i-snieg-zadbajmy-o-potrzebujacych\/#breadcrumb","itemListElement":[{"@type":"ListItem","position":1,"name":"Strona g\u0142\u00f3wna","item":"https:\/\/gops-urszulin.pl\/"},{"@type":"ListItem","position":2,"name":"Nadci\u0105ga mr\u00f3z i \u015bnieg. Zadbajmy o potrzebuj\u0105cych"}]},{"@type":"WebSite","@id":"https:\/\/gops-urszulin.pl\/#website","url":"https:\/\/gops-urszulin.pl\/","name":"Gminny O\u015brodek Pomocy Spo\u0142ecznej w Urszulinie","description":"","potentialAction":[{"@type":"SearchAction","target":{"@type":"EntryPoint","urlTemplate":"https:\/\/gops-urszulin.pl\/?s={search_term_string}"},"query-input":{"@type":"PropertyValueSpecification","valueRequired":true,"valueName":"search_term_string"}}],"inLanguage":"pl-PL"},{"@type":"Person","@id":"https:\/\/gops-urszulin.pl\/#\/schema\/person\/4321ac06fcb9fcbcb4e6e099f2b2dd6f","name":"admin","sameAs":["https:\/\/gops-urszulin.pl"],"url":"https:\/\/gops-urszulin.pl\/index.php\/author\/marek\/"}]}},"_links":{"self":[{"href":"https:\/\/gops-urszulin.pl\/index.php\/wp-json\/wp\/v2\/posts\/119","targetHints":{"allow":["GET"]}}],"collection":[{"href":"https:\/\/gops-urszulin.pl\/index.php\/wp-json\/wp\/v2\/posts"}],"about":[{"href":"https:\/\/gops-urszulin.pl\/index.php\/wp-json\/wp\/v2\/types\/post"}],"author":[{"embeddable":true,"href":"https:\/\/gops-urszulin.pl\/index.php\/wp-json\/wp\/v2\/users\/1"}],"replies":[{"embeddable":true,"href":"https:\/\/gops-urszulin.pl\/index.php\/wp-json\/wp\/v2\/comments?post=119"}],"version-history":[{"count":5,"href":"https:\/\/gops-urszulin.pl\/index.php\/wp-json\/wp\/v2\/posts\/119\/revisions"}],"predecessor-version":[{"id":1361,"href":"https:\/\/gops-urszulin.pl\/index.php\/wp-json\/wp\/v2\/posts\/119\/revisions\/1361"}],"wp:featuredmedia":[{"embeddable":true,"href":"https:\/\/gops-urszulin.pl\/index.php\/wp-json\/wp\/v2\/media\/1498"}],"wp:attachment":[{"href":"https:\/\/gops-urszulin.pl\/index.php\/wp-json\/wp\/v2\/media?parent=119"}],"wp:term":[{"taxonomy":"category","embeddable":true,"href":"https:\/\/gops-urszulin.pl\/index.php\/wp-json\/wp\/v2\/categories?post=119"},{"taxonomy":"post_tag","embeddable":true,"href":"https:\/\/gops-urszulin.pl\/index.php\/wp-json\/wp\/v2\/tags?post=119"}],"curies":[{"name":"wp","href":"https:\/\/api.w.org\/{rel}","templated":true}]}}