{"id":1156,"date":"2024-11-08T14:45:00","date_gmt":"2024-11-08T13:45:00","guid":{"rendered":"https:\/\/gops-urszulin.pl\/?p=1156"},"modified":"2024-11-25T08:56:11","modified_gmt":"2024-11-25T07:56:11","slug":"opieka-wytchnieniowa-edycja-2025","status":"publish","type":"post","link":"https:\/\/gops-urszulin.pl\/index.php\/2024\/11\/08\/opieka-wytchnieniowa-edycja-2025\/","title":{"rendered":"Opieka wytchnieniowa &#8211; edycja 2025"},"content":{"rendered":"<h4>Minister Rodziny, Pracy i Polityki Spo\u0142ecznej og\u0142osi\u0142 nab\u00f3r wniosk\u00f3w w ramach resortowego programu Ministra Rodziny, Pracy i Polityki Spo\u0142ecznej \u201eOpieka wytchnieniowa\u201d dla Jednostek Samorz\u0105du Terytorialnego edycja \u2013 2025.<\/h4>\n<p>Podstaw\u0105 prawn\u0105 Programu jest art. 7 ust. 5 ustawy z dnia 23 pa\u017adziernika 2018 r. o Funduszu Solidarno\u015bciowym (Dz. U. z 2023 r. poz. 647, z p\u00f3\u017an. zm.). Nab\u00f3r wniosk\u00f3w przeprowadzony zostanie zgodnie z art. 13 ust. 2 ww. ustawy.<\/p>\n<p><strong>Na realizacj\u0119 zada\u0144 w ramach Programu \u201eOpieka wytchnieniowa\u201d dla Jednostek Samorz\u0105du Terytorialnego \u2013 edycja 2025, Minister Rodziny, Pracy i Polityki Spo\u0142ecznej przeznaczy\u0142 z Funduszu Solidarno\u015bciowego w 2025 r. kwot\u0119 \u2013 200 000 000 z\u0142.<\/strong><\/p>\n<h5>Cele Programu oraz adresaci<\/h5>\n<p>G\u0142\u00f3wnym celem Programu jest wsparcie cz\u0142onk\u00f3w rodzin lub opiekun\u00f3w sprawuj\u0105cych bezpo\u015bredni\u0105 opiek\u0119 nad:<\/p>\n<ol class=\"wp-block-list\">\n<li>dzie\u0107mi od uko\u0144czenia 2. roku \u017cycia do uko\u0144czenia 16. roku \u017cycia posiadaj\u0105cymi orzeczenie o niepe\u0142nosprawno\u015bci lub<\/li>\n<li>osobami niepe\u0142nosprawnymi posiadaj\u0105cymi:<br \/>\na) orzeczenie o znacznym stopniu niepe\u0142nosprawno\u015bci albo<br \/>\nb) orzeczenie traktowane na r\u00f3wni z orzeczeniem wymienionym w lit. a, zgodnie z art. 5 i art. 62 ustawy z dnia 27 sierpnia 1997 r. o rehabilitacji zawodowej i spo\u0142ecznej oraz zatrudnianiu os\u00f3b niepe\u0142nosprawnych (Dz. U. z 2024 r. poz. 44, z p\u00f3\u017an. zm.)<\/li>\n<\/ol>\n<p>\u2013 poprzez umo\u017cliwienie uzyskania dora\u017anej, czasowej pomocy w formie us\u0142ugi opieki wytchnieniowej, tj. odci\u0105\u017cenie od codziennych obowi\u0105zk\u00f3w \u0142\u0105cz\u0105cych si\u0119 ze sprawowaniem opieki nad osob\u0105 z niepe\u0142nosprawno\u015bci\u0105 przez zapewnienie czasowego zast\u0119pstwa w tym zakresie. Dzi\u0119ki temu wsparciu, osoby zaanga\u017cowane na co dzie\u0144 w sprawowanie opieki nad osob\u0105 z niepe\u0142nosprawno\u015bci\u0105 dysponowa\u0107 b\u0119d\u0105 czasem, kt\u00f3ry mog\u0105 przeznaczy\u0107 na odpoczynek i regeneracj\u0119, jak r\u00f3wnie\u017c na za\u0142atwienie niezb\u0119dnych spraw \u017cyciowych. Us\u0142ugi opieki wytchnieniowej mog\u0105 s\u0142u\u017cy\u0107 r\u00f3wnie\u017c okresowemu zabezpieczeniu potrzeb osoby z niepe\u0142nosprawno\u015bci\u0105 w sytuacji, gdy cz\u0142onkowie rodzin lub opiekunowie z r\u00f3\u017cnych powod\u00f3w nie b\u0119d\u0105 mogli wykonywa\u0107 swoich obowi\u0105zk\u00f3w.<\/p>\n<p>Us\u0142ugi opieki wytchnieniowej przys\u0142uguj\u0105 w przypadku zamieszkiwania cz\u0142onka rodziny lub opiekuna we wsp\u00f3lnym gospodarstwie domowym z\u00a0osob\u0105 z niepe\u0142nosprawno\u015bci\u0105, kt\u00f3ra wymaga sta\u0142ej opieki w zakresie potrzeb \u017cycia codziennego.<\/p>\n<p>W ramach Programu gmina\/powiat mo\u017ce otrzyma\u0107 wsparcie finansowe na koszty realizacji us\u0142ug opieki wytchnieniowej w wysoko\u015bci do 100% koszt\u00f3w.<\/p>\n<p><strong>Podmioty uprawnione do sk\u0142adania wniosk\u00f3w<\/strong><\/p>\n<p>O uzyskanie \u015brodk\u00f3w z Funduszu Solidarno\u015bciowego mog\u0105 ubiega\u0107 si\u0119 jednostki samorz\u0105du terytorialnego szczebla gminnego lub powiatowego.<\/p>\n<h5>\nTerminy naboru wniosk\u00f3w w ramach Programu:<\/h5>\n<ol class=\"wp-block-list\" start=\"1\">\n<li>Gmina\/powiat sk\u0142ada wniosek (za\u0142\u0105cznik nr 1 do Programu) do w\u0142a\u015bciwego wojewody za po\u015brednictwem Generatora Funduszu Solidarno\u015bciowego dost\u0119pnego na stronie internetowej https:\/\/bfs.mrips.gov.pl, w terminie\u00a0<strong>do dnia 27 listopada 2024 r.<\/strong><\/li>\n<li>Wojewoda, po weryfikacji wniosk\u00f3w z\u0142o\u017conych przez gminy\/powiaty, sporz\u0105dza list\u0119 rekomendowanych wniosk\u00f3w do finansowania w ramach Programu (za\u0142\u0105cznik nr 3 do Programu) i przekazuje j\u0105 do Ministra wraz z informacj\u0105 wojewody dotycz\u0105c\u0105 \u015brodk\u00f3w finansowych z Programu \u201eOpieka wytchnieniowa\u201d dla Jednostek Samorz\u0105du Terytorialnego \u2013 edycja 2025 (za\u0142\u0105cznik nr 2 do Programu), w terminie\u00a0<strong>do dnia 13 grudnia 2024 r.<\/strong><\/li>\n<li>Minister zatwierdza zbiorcz\u0105 list\u0119 rekomendowanych wniosk\u00f3w\u00a0<strong>w terminie 30 dni<\/strong>\u00a0od dnia przekazania Ministrowi wszystkich list rekomendowanych wniosk\u00f3w wojewod\u00f3w.<\/li>\n<\/ol>\n<p>Og\u0142oszenie o\u00a0naborze wniosk\u00f3w oraz Program wraz z\u00a0za\u0142\u0105cznikami dost\u0119pne s\u0105\u00a0pod adresem:<\/p>\n<p><a href=\"https:\/\/niepelnosprawni.gov.pl\/a,1555,nabor-wnioskow-w-ramach-resortowego-programu-ministra-rodziny-pracy-i-polityki-spolecznej-opieka-wytchnieniowa-dla-jednostek-samorzadu-terytorialnego-edycja-2025\">https:\/\/niepelnosprawni.gov.pl\/a,1555,nabor-wnioskow-w-ramach-resortowego-programu-ministra-rodziny-pracy-i-polityki-spolecznej-opieka-wytchnieniowa-dla-jednostek-samorzadu-terytorialnego-edycja-2025<\/a><\/p>\n","protected":false},"excerpt":{"rendered":"<p>Informacja o programie \u201eOpieka wytchnieniowa\u201d \u2013 edycja 2025 dla Jednostek Samorz\u0105du Terytorialnego<\/p>\n","protected":false},"author":1,"featured_media":830,"comment_status":"closed","ping_status":"closed","sticky":false,"template":"","format":"standard","meta":{"footnotes":""},"categories":[204],"tags":[195,13,178],"class_list":["post-1156","post","type-post","status-publish","format-standard","has-post-thumbnail","hentry","category-opieka-wytchnieniowa-2025","tag-edycja-2025","tag-informacja","tag-opieka-wytchnieniowa"],"yoast_head":"<!-- This site is optimized with the Yoast SEO plugin v27.4 - https:\/\/yoast.com\/product\/yoast-seo-wordpress\/ -->\n<title>Opieka wytchnieniowa - edycja 2025 - GOPS Urszulin<\/title>\n<meta name=\"description\" content=\"Informacja o programie \u201eOpieka wytchnieniowa\u201d \u2013 edycja 2025 dla Jednostek Samorz\u0105du Terytorialnego\" \/>\n<meta name=\"robots\" content=\"index, follow, max-snippet:-1, max-image-preview:large, max-video-preview:-1\" \/>\n<link rel=\"canonical\" href=\"https:\/\/gops-urszulin.pl\/index.php\/2024\/11\/08\/opieka-wytchnieniowa-edycja-2025\/\" \/>\n<meta property=\"og:locale\" content=\"pl_PL\" \/>\n<meta property=\"og:type\" content=\"article\" \/>\n<meta property=\"og:title\" content=\"Opieka wytchnieniowa - edycja 2025 - GOPS Urszulin\" \/>\n<meta property=\"og:description\" content=\"Informacja o programie \u201eOpieka wytchnieniowa\u201d \u2013 edycja 2025 dla Jednostek Samorz\u0105du Terytorialnego\" \/>\n<meta property=\"og:url\" content=\"https:\/\/gops-urszulin.pl\/index.php\/2024\/11\/08\/opieka-wytchnieniowa-edycja-2025\/\" \/>\n<meta property=\"og:site_name\" content=\"Gminny O\u015brodek Pomocy Spo\u0142ecznej w Urszulinie\" \/>\n<meta property=\"article:published_time\" content=\"2024-11-08T13:45:00+00:00\" \/>\n<meta property=\"article:modified_time\" content=\"2024-11-25T07:56:11+00:00\" \/>\n<meta property=\"og:image\" content=\"https:\/\/gops-urszulin.pl\/wp-content\/uploads\/2023\/10\/logotyp_programy.jpg\" \/>\n\t<meta property=\"og:image:width\" content=\"467\" \/>\n\t<meta property=\"og:image:height\" content=\"107\" \/>\n\t<meta property=\"og:image:type\" content=\"image\/jpeg\" \/>\n<meta name=\"author\" content=\"admin\" \/>\n<meta name=\"twitter:card\" content=\"summary_large_image\" \/>\n<meta name=\"twitter:label1\" content=\"Napisane przez\" \/>\n\t<meta name=\"twitter:data1\" content=\"admin\" \/>\n\t<meta name=\"twitter:label2\" content=\"Szacowany czas czytania\" \/>\n\t<meta name=\"twitter:data2\" content=\"4 minuty\" \/>\n<script type=\"application\/ld+json\" class=\"yoast-schema-graph\">{\"@context\":\"https:\\\/\\\/schema.org\",\"@graph\":[{\"@type\":\"Article\",\"@id\":\"https:\\\/\\\/gops-urszulin.pl\\\/index.php\\\/2024\\\/11\\\/08\\\/opieka-wytchnieniowa-edycja-2025\\\/#article\",\"isPartOf\":{\"@id\":\"https:\\\/\\\/gops-urszulin.pl\\\/index.php\\\/2024\\\/11\\\/08\\\/opieka-wytchnieniowa-edycja-2025\\\/\"},\"author\":{\"name\":\"admin\",\"@id\":\"https:\\\/\\\/gops-urszulin.pl\\\/#\\\/schema\\\/person\\\/4321ac06fcb9fcbcb4e6e099f2b2dd6f\"},\"headline\":\"Opieka wytchnieniowa &#8211; edycja 2025\",\"datePublished\":\"2024-11-08T13:45:00+00:00\",\"dateModified\":\"2024-11-25T07:56:11+00:00\",\"mainEntityOfPage\":{\"@id\":\"https:\\\/\\\/gops-urszulin.pl\\\/index.php\\\/2024\\\/11\\\/08\\\/opieka-wytchnieniowa-edycja-2025\\\/\"},\"wordCount\":562,\"image\":{\"@id\":\"https:\\\/\\\/gops-urszulin.pl\\\/index.php\\\/2024\\\/11\\\/08\\\/opieka-wytchnieniowa-edycja-2025\\\/#primaryimage\"},\"thumbnailUrl\":\"https:\\\/\\\/gops-urszulin.pl\\\/wp-content\\\/uploads\\\/2023\\\/10\\\/logotyp_programy.jpg\",\"keywords\":[\"edycja 2025\",\"informacja\",\"opieka wytchnieniowa\"],\"articleSection\":[\"Opieka wytchnieniowa 2025\"],\"inLanguage\":\"pl-PL\"},{\"@type\":\"WebPage\",\"@id\":\"https:\\\/\\\/gops-urszulin.pl\\\/index.php\\\/2024\\\/11\\\/08\\\/opieka-wytchnieniowa-edycja-2025\\\/\",\"url\":\"https:\\\/\\\/gops-urszulin.pl\\\/index.php\\\/2024\\\/11\\\/08\\\/opieka-wytchnieniowa-edycja-2025\\\/\",\"name\":\"Opieka wytchnieniowa - edycja 2025 - GOPS Urszulin\",\"isPartOf\":{\"@id\":\"https:\\\/\\\/gops-urszulin.pl\\\/#website\"},\"primaryImageOfPage\":{\"@id\":\"https:\\\/\\\/gops-urszulin.pl\\\/index.php\\\/2024\\\/11\\\/08\\\/opieka-wytchnieniowa-edycja-2025\\\/#primaryimage\"},\"image\":{\"@id\":\"https:\\\/\\\/gops-urszulin.pl\\\/index.php\\\/2024\\\/11\\\/08\\\/opieka-wytchnieniowa-edycja-2025\\\/#primaryimage\"},\"thumbnailUrl\":\"https:\\\/\\\/gops-urszulin.pl\\\/wp-content\\\/uploads\\\/2023\\\/10\\\/logotyp_programy.jpg\",\"datePublished\":\"2024-11-08T13:45:00+00:00\",\"dateModified\":\"2024-11-25T07:56:11+00:00\",\"author\":{\"@id\":\"https:\\\/\\\/gops-urszulin.pl\\\/#\\\/schema\\\/person\\\/4321ac06fcb9fcbcb4e6e099f2b2dd6f\"},\"description\":\"Informacja o programie \u201eOpieka wytchnieniowa\u201d \u2013 edycja 2025 dla Jednostek Samorz\u0105du Terytorialnego\",\"breadcrumb\":{\"@id\":\"https:\\\/\\\/gops-urszulin.pl\\\/index.php\\\/2024\\\/11\\\/08\\\/opieka-wytchnieniowa-edycja-2025\\\/#breadcrumb\"},\"inLanguage\":\"pl-PL\",\"potentialAction\":[{\"@type\":\"ReadAction\",\"target\":[\"https:\\\/\\\/gops-urszulin.pl\\\/index.php\\\/2024\\\/11\\\/08\\\/opieka-wytchnieniowa-edycja-2025\\\/\"]}]},{\"@type\":\"ImageObject\",\"inLanguage\":\"pl-PL\",\"@id\":\"https:\\\/\\\/gops-urszulin.pl\\\/index.php\\\/2024\\\/11\\\/08\\\/opieka-wytchnieniowa-edycja-2025\\\/#primaryimage\",\"url\":\"https:\\\/\\\/gops-urszulin.pl\\\/wp-content\\\/uploads\\\/2023\\\/10\\\/logotyp_programy.jpg\",\"contentUrl\":\"https:\\\/\\\/gops-urszulin.pl\\\/wp-content\\\/uploads\\\/2023\\\/10\\\/logotyp_programy.jpg\",\"width\":467,\"height\":107,\"caption\":\"logo do program\u00f3w ministerstwa\"},{\"@type\":\"BreadcrumbList\",\"@id\":\"https:\\\/\\\/gops-urszulin.pl\\\/index.php\\\/2024\\\/11\\\/08\\\/opieka-wytchnieniowa-edycja-2025\\\/#breadcrumb\",\"itemListElement\":[{\"@type\":\"ListItem\",\"position\":1,\"name\":\"Strona g\u0142\u00f3wna\",\"item\":\"https:\\\/\\\/gops-urszulin.pl\\\/\"},{\"@type\":\"ListItem\",\"position\":2,\"name\":\"Opieka wytchnieniowa &#8211; edycja 2025\"}]},{\"@type\":\"WebSite\",\"@id\":\"https:\\\/\\\/gops-urszulin.pl\\\/#website\",\"url\":\"https:\\\/\\\/gops-urszulin.pl\\\/\",\"name\":\"Gminny O\u015brodek Pomocy Spo\u0142ecznej w Urszulinie\",\"description\":\"\",\"potentialAction\":[{\"@type\":\"SearchAction\",\"target\":{\"@type\":\"EntryPoint\",\"urlTemplate\":\"https:\\\/\\\/gops-urszulin.pl\\\/?s={search_term_string}\"},\"query-input\":{\"@type\":\"PropertyValueSpecification\",\"valueRequired\":true,\"valueName\":\"search_term_string\"}}],\"inLanguage\":\"pl-PL\"},{\"@type\":\"Person\",\"@id\":\"https:\\\/\\\/gops-urszulin.pl\\\/#\\\/schema\\\/person\\\/4321ac06fcb9fcbcb4e6e099f2b2dd6f\",\"name\":\"admin\",\"sameAs\":[\"http:\\\/\\\/gops-urszulin.pl\"],\"url\":\"https:\\\/\\\/gops-urszulin.pl\\\/index.php\\\/author\\\/marek\\\/\"}]}<\/script>\n<!-- \/ Yoast SEO plugin. -->","yoast_head_json":{"title":"Opieka wytchnieniowa - edycja 2025 - GOPS Urszulin","description":"Informacja o programie \u201eOpieka wytchnieniowa\u201d \u2013 edycja 2025 dla Jednostek Samorz\u0105du Terytorialnego","robots":{"index":"index","follow":"follow","max-snippet":"max-snippet:-1","max-image-preview":"max-image-preview:large","max-video-preview":"max-video-preview:-1"},"canonical":"https:\/\/gops-urszulin.pl\/index.php\/2024\/11\/08\/opieka-wytchnieniowa-edycja-2025\/","og_locale":"pl_PL","og_type":"article","og_title":"Opieka wytchnieniowa - edycja 2025 - GOPS Urszulin","og_description":"Informacja o programie \u201eOpieka wytchnieniowa\u201d \u2013 edycja 2025 dla Jednostek Samorz\u0105du Terytorialnego","og_url":"https:\/\/gops-urszulin.pl\/index.php\/2024\/11\/08\/opieka-wytchnieniowa-edycja-2025\/","og_site_name":"Gminny O\u015brodek Pomocy Spo\u0142ecznej w Urszulinie","article_published_time":"2024-11-08T13:45:00+00:00","article_modified_time":"2024-11-25T07:56:11+00:00","og_image":[{"width":467,"height":107,"url":"https:\/\/gops-urszulin.pl\/wp-content\/uploads\/2023\/10\/logotyp_programy.jpg","type":"image\/jpeg"}],"author":"admin","twitter_card":"summary_large_image","twitter_misc":{"Napisane przez":"admin","Szacowany czas czytania":"4 minuty"},"schema":{"@context":"https:\/\/schema.org","@graph":[{"@type":"Article","@id":"https:\/\/gops-urszulin.pl\/index.php\/2024\/11\/08\/opieka-wytchnieniowa-edycja-2025\/#article","isPartOf":{"@id":"https:\/\/gops-urszulin.pl\/index.php\/2024\/11\/08\/opieka-wytchnieniowa-edycja-2025\/"},"author":{"name":"admin","@id":"https:\/\/gops-urszulin.pl\/#\/schema\/person\/4321ac06fcb9fcbcb4e6e099f2b2dd6f"},"headline":"Opieka wytchnieniowa &#8211; edycja 2025","datePublished":"2024-11-08T13:45:00+00:00","dateModified":"2024-11-25T07:56:11+00:00","mainEntityOfPage":{"@id":"https:\/\/gops-urszulin.pl\/index.php\/2024\/11\/08\/opieka-wytchnieniowa-edycja-2025\/"},"wordCount":562,"image":{"@id":"https:\/\/gops-urszulin.pl\/index.php\/2024\/11\/08\/opieka-wytchnieniowa-edycja-2025\/#primaryimage"},"thumbnailUrl":"https:\/\/gops-urszulin.pl\/wp-content\/uploads\/2023\/10\/logotyp_programy.jpg","keywords":["edycja 2025","informacja","opieka wytchnieniowa"],"articleSection":["Opieka wytchnieniowa 2025"],"inLanguage":"pl-PL"},{"@type":"WebPage","@id":"https:\/\/gops-urszulin.pl\/index.php\/2024\/11\/08\/opieka-wytchnieniowa-edycja-2025\/","url":"https:\/\/gops-urszulin.pl\/index.php\/2024\/11\/08\/opieka-wytchnieniowa-edycja-2025\/","name":"Opieka wytchnieniowa - edycja 2025 - GOPS Urszulin","isPartOf":{"@id":"https:\/\/gops-urszulin.pl\/#website"},"primaryImageOfPage":{"@id":"https:\/\/gops-urszulin.pl\/index.php\/2024\/11\/08\/opieka-wytchnieniowa-edycja-2025\/#primaryimage"},"image":{"@id":"https:\/\/gops-urszulin.pl\/index.php\/2024\/11\/08\/opieka-wytchnieniowa-edycja-2025\/#primaryimage"},"thumbnailUrl":"https:\/\/gops-urszulin.pl\/wp-content\/uploads\/2023\/10\/logotyp_programy.jpg","datePublished":"2024-11-08T13:45:00+00:00","dateModified":"2024-11-25T07:56:11+00:00","author":{"@id":"https:\/\/gops-urszulin.pl\/#\/schema\/person\/4321ac06fcb9fcbcb4e6e099f2b2dd6f"},"description":"Informacja o programie \u201eOpieka wytchnieniowa\u201d \u2013 edycja 2025 dla Jednostek Samorz\u0105du Terytorialnego","breadcrumb":{"@id":"https:\/\/gops-urszulin.pl\/index.php\/2024\/11\/08\/opieka-wytchnieniowa-edycja-2025\/#breadcrumb"},"inLanguage":"pl-PL","potentialAction":[{"@type":"ReadAction","target":["https:\/\/gops-urszulin.pl\/index.php\/2024\/11\/08\/opieka-wytchnieniowa-edycja-2025\/"]}]},{"@type":"ImageObject","inLanguage":"pl-PL","@id":"https:\/\/gops-urszulin.pl\/index.php\/2024\/11\/08\/opieka-wytchnieniowa-edycja-2025\/#primaryimage","url":"https:\/\/gops-urszulin.pl\/wp-content\/uploads\/2023\/10\/logotyp_programy.jpg","contentUrl":"https:\/\/gops-urszulin.pl\/wp-content\/uploads\/2023\/10\/logotyp_programy.jpg","width":467,"height":107,"caption":"logo do program\u00f3w ministerstwa"},{"@type":"BreadcrumbList","@id":"https:\/\/gops-urszulin.pl\/index.php\/2024\/11\/08\/opieka-wytchnieniowa-edycja-2025\/#breadcrumb","itemListElement":[{"@type":"ListItem","position":1,"name":"Strona g\u0142\u00f3wna","item":"https:\/\/gops-urszulin.pl\/"},{"@type":"ListItem","position":2,"name":"Opieka wytchnieniowa &#8211; edycja 2025"}]},{"@type":"WebSite","@id":"https:\/\/gops-urszulin.pl\/#website","url":"https:\/\/gops-urszulin.pl\/","name":"Gminny O\u015brodek Pomocy Spo\u0142ecznej w Urszulinie","description":"","potentialAction":[{"@type":"SearchAction","target":{"@type":"EntryPoint","urlTemplate":"https:\/\/gops-urszulin.pl\/?s={search_term_string}"},"query-input":{"@type":"PropertyValueSpecification","valueRequired":true,"valueName":"search_term_string"}}],"inLanguage":"pl-PL"},{"@type":"Person","@id":"https:\/\/gops-urszulin.pl\/#\/schema\/person\/4321ac06fcb9fcbcb4e6e099f2b2dd6f","name":"admin","sameAs":["https:\/\/gops-urszulin.pl"],"url":"https:\/\/gops-urszulin.pl\/index.php\/author\/marek\/"}]}},"_links":{"self":[{"href":"https:\/\/gops-urszulin.pl\/index.php\/wp-json\/wp\/v2\/posts\/1156","targetHints":{"allow":["GET"]}}],"collection":[{"href":"https:\/\/gops-urszulin.pl\/index.php\/wp-json\/wp\/v2\/posts"}],"about":[{"href":"https:\/\/gops-urszulin.pl\/index.php\/wp-json\/wp\/v2\/types\/post"}],"author":[{"embeddable":true,"href":"https:\/\/gops-urszulin.pl\/index.php\/wp-json\/wp\/v2\/users\/1"}],"replies":[{"embeddable":true,"href":"https:\/\/gops-urszulin.pl\/index.php\/wp-json\/wp\/v2\/comments?post=1156"}],"version-history":[{"count":1,"href":"https:\/\/gops-urszulin.pl\/index.php\/wp-json\/wp\/v2\/posts\/1156\/revisions"}],"predecessor-version":[{"id":1157,"href":"https:\/\/gops-urszulin.pl\/index.php\/wp-json\/wp\/v2\/posts\/1156\/revisions\/1157"}],"wp:featuredmedia":[{"embeddable":true,"href":"https:\/\/gops-urszulin.pl\/index.php\/wp-json\/wp\/v2\/media\/830"}],"wp:attachment":[{"href":"https:\/\/gops-urszulin.pl\/index.php\/wp-json\/wp\/v2\/media?parent=1156"}],"wp:term":[{"taxonomy":"category","embeddable":true,"href":"https:\/\/gops-urszulin.pl\/index.php\/wp-json\/wp\/v2\/categories?post=1156"},{"taxonomy":"post_tag","embeddable":true,"href":"https:\/\/gops-urszulin.pl\/index.php\/wp-json\/wp\/v2\/tags?post=1156"}],"curies":[{"name":"wp","href":"https:\/\/api.w.org\/{rel}","templated":true}]}}