{"id":113,"date":"2021-09-29T15:10:51","date_gmt":"2021-09-29T13:10:51","guid":{"rendered":"https:\/\/gops-urszulin.pl\/?p=113"},"modified":"2025-03-19T12:32:20","modified_gmt":"2025-03-19T11:32:20","slug":"informacja-o-utrzymaniu-trwalosci-projektu-pt-nie-jestesmy-sami","status":"publish","type":"post","link":"https:\/\/gops-urszulin.pl\/index.php\/2021\/09\/29\/informacja-o-utrzymaniu-trwalosci-projektu-pt-nie-jestesmy-sami\/","title":{"rendered":"Informacja o utrzymaniu trwa\u0142o\u015bci projektu pt. &#8222;Nie jeste\u015bmy sami&#8221;"},"content":{"rendered":"<p style=\"text-align: center;\"><strong>Projekt \u201cNie jeste\u015bmy sami \u2013 kompleksowy program wsparcia os\u00f3b niesamodzielnych i niepe\u0142nosprawnych z Gminy Urszulin\u201d<\/strong><\/p>\n<p>Gminny O\u015brodek Pomocy Spo\u0142ecznej w Urszulinie w ramach realizowanego projektu wsp\u00f3\u0142finansowanego przez Uni\u0119 Europejsk\u0105 ze \u015brodk\u00f3w Europejskiego Funduszu Spo\u0142ecznego oraz bud\u017cetu pa\u0144stwa zapewnia instytucjonaln\u0105 gotowo\u015b\u0107 do \u015bwiadczenia us\u0142ug utworzonych w ramach utrzymania trwa\u0142o\u015bci projektu pt. \u201eNie jeste\u015bmy sami \u2013 kompleksowy program wsparcia os\u00f3b niesamodzielnych i niepe\u0142nosprawnych z Gminy Urszulin\u201d nr RPLU.11.02.00-06-0061\/18 dofinansowanego ze \u017ar\u00f3de\u0142 Regionalnego Programu Operacyjnego Wojew\u00f3dztwa Lubelskiego na lata 2014-2020; O\u015b priorytetowa: 11 W\u0142\u0105czenie spo\u0142eczne; Dzia\u0142anie 11.2 Us\u0142ugi spo\u0142eczne i zdrowotne w postaci: 3 opiekunek os\u00f3b potrzebuj\u0105cych wsparcia w codziennym funkcjonowaniu; 1 rehabilitant, 1 psychologa; 1 piel\u0119gniarki.<\/p>\n","protected":false},"excerpt":{"rendered":"<p>W ramach realizowanego projektu wsp\u00f3\u0142finansowanego przez UE ze \u015brodk\u00f3w EFS oraz bud\u017cetu pa\u0144stwa zapewniamy instytucjonaln\u0105 gotowo\u015b\u0107 do \u015bwiadczenia us\u0142ug utworzonych w ramach utrzymania trwa\u0142o\u015bci projektu<\/p>\n","protected":false},"author":1,"featured_media":1500,"comment_status":"closed","ping_status":"closed","sticky":false,"template":"","format":"standard","meta":{"footnotes":""},"categories":[7,92],"tags":[13,93,96,147],"class_list":["post-113","post","type-post","status-publish","format-standard","has-post-thumbnail","hentry","category-archiwum","category-nie-jestesmy-sami","tag-informacja","tag-nie-jestesmy-sami","tag-projekt","tag-utrzymanie-trwalosci"],"yoast_head":"<!-- This site is optimized with the Yoast SEO plugin v27.4 - https:\/\/yoast.com\/product\/yoast-seo-wordpress\/ -->\n<title>Informacja o utrzymaniu trwa\u0142o\u015bci projektu pt. &quot;Nie jeste\u015bmy sami&quot; - Gminny O\u015brodek Pomocy Spo\u0142ecznej w Urszulinie<\/title>\n<meta name=\"description\" content=\"W ramach realizowanego projektu wsp\u00f3\u0142finansowanego przez UE ze \u015brodk\u00f3w EFS oraz bud\u017cetu pa\u0144stwa zapewniamy instytucjonaln\u0105 gotowo\u015b\u0107 do \u015bwiadczenia us\u0142ug utworzonych w ramach utrzymania trwa\u0142o\u015bci projektu\" \/>\n<meta name=\"robots\" content=\"index, follow, max-snippet:-1, max-image-preview:large, max-video-preview:-1\" \/>\n<link rel=\"canonical\" href=\"https:\/\/gops-urszulin.pl\/index.php\/2021\/09\/29\/informacja-o-utrzymaniu-trwalosci-projektu-pt-nie-jestesmy-sami\/\" \/>\n<meta property=\"og:locale\" content=\"pl_PL\" \/>\n<meta property=\"og:type\" content=\"article\" \/>\n<meta property=\"og:title\" content=\"Informacja o utrzymaniu trwa\u0142o\u015bci projektu pt. &quot;Nie jeste\u015bmy sami&quot; - Gminny O\u015brodek Pomocy Spo\u0142ecznej w Urszulinie\" \/>\n<meta property=\"og:description\" content=\"W ramach realizowanego projektu wsp\u00f3\u0142finansowanego przez UE ze \u015brodk\u00f3w EFS oraz bud\u017cetu pa\u0144stwa zapewniamy instytucjonaln\u0105 gotowo\u015b\u0107 do \u015bwiadczenia us\u0142ug utworzonych w ramach utrzymania trwa\u0142o\u015bci projektu\" \/>\n<meta property=\"og:url\" content=\"https:\/\/gops-urszulin.pl\/index.php\/2021\/09\/29\/informacja-o-utrzymaniu-trwalosci-projektu-pt-nie-jestesmy-sami\/\" \/>\n<meta property=\"og:site_name\" content=\"Gminny O\u015brodek Pomocy Spo\u0142ecznej w Urszulinie\" \/>\n<meta property=\"article:published_time\" content=\"2021-09-29T13:10:51+00:00\" \/>\n<meta property=\"article:modified_time\" content=\"2025-03-19T11:32:20+00:00\" \/>\n<meta property=\"og:image\" content=\"https:\/\/gops-urszulin.pl\/wp-content\/uploads\/2025\/03\/informaction.png\" \/>\n\t<meta property=\"og:image:width\" content=\"260\" \/>\n\t<meta property=\"og:image:height\" content=\"140\" \/>\n\t<meta property=\"og:image:type\" content=\"image\/png\" \/>\n<meta name=\"author\" content=\"admin\" \/>\n<meta name=\"twitter:card\" content=\"summary_large_image\" \/>\n<meta name=\"twitter:label1\" content=\"Napisane przez\" \/>\n\t<meta name=\"twitter:data1\" content=\"admin\" \/>\n\t<meta name=\"twitter:label2\" content=\"Szacowany czas czytania\" \/>\n\t<meta name=\"twitter:data2\" content=\"1 minuta\" \/>\n<script type=\"application\/ld+json\" class=\"yoast-schema-graph\">{\"@context\":\"https:\\\/\\\/schema.org\",\"@graph\":[{\"@type\":\"Article\",\"@id\":\"https:\\\/\\\/gops-urszulin.pl\\\/index.php\\\/2021\\\/09\\\/29\\\/informacja-o-utrzymaniu-trwalosci-projektu-pt-nie-jestesmy-sami\\\/#article\",\"isPartOf\":{\"@id\":\"https:\\\/\\\/gops-urszulin.pl\\\/index.php\\\/2021\\\/09\\\/29\\\/informacja-o-utrzymaniu-trwalosci-projektu-pt-nie-jestesmy-sami\\\/\"},\"author\":{\"name\":\"admin\",\"@id\":\"https:\\\/\\\/gops-urszulin.pl\\\/#\\\/schema\\\/person\\\/4321ac06fcb9fcbcb4e6e099f2b2dd6f\"},\"headline\":\"Informacja o utrzymaniu trwa\u0142o\u015bci projektu pt. &#8222;Nie jeste\u015bmy sami&#8221;\",\"datePublished\":\"2021-09-29T13:10:51+00:00\",\"dateModified\":\"2025-03-19T11:32:20+00:00\",\"mainEntityOfPage\":{\"@id\":\"https:\\\/\\\/gops-urszulin.pl\\\/index.php\\\/2021\\\/09\\\/29\\\/informacja-o-utrzymaniu-trwalosci-projektu-pt-nie-jestesmy-sami\\\/\"},\"wordCount\":136,\"image\":{\"@id\":\"https:\\\/\\\/gops-urszulin.pl\\\/index.php\\\/2021\\\/09\\\/29\\\/informacja-o-utrzymaniu-trwalosci-projektu-pt-nie-jestesmy-sami\\\/#primaryimage\"},\"thumbnailUrl\":\"https:\\\/\\\/gops-urszulin.pl\\\/wp-content\\\/uploads\\\/2025\\\/03\\\/informaction.png\",\"keywords\":[\"informacja\",\"Nie jeste\u015bmy sami\",\"projekt\",\"utrzymanie trwa\u0142o\u015bci\"],\"articleSection\":[\"Archiwum\",\"Nie jeste\u015bmy sami\"],\"inLanguage\":\"pl-PL\"},{\"@type\":\"WebPage\",\"@id\":\"https:\\\/\\\/gops-urszulin.pl\\\/index.php\\\/2021\\\/09\\\/29\\\/informacja-o-utrzymaniu-trwalosci-projektu-pt-nie-jestesmy-sami\\\/\",\"url\":\"https:\\\/\\\/gops-urszulin.pl\\\/index.php\\\/2021\\\/09\\\/29\\\/informacja-o-utrzymaniu-trwalosci-projektu-pt-nie-jestesmy-sami\\\/\",\"name\":\"Informacja o utrzymaniu trwa\u0142o\u015bci projektu pt. \\\"Nie jeste\u015bmy sami\\\" - Gminny O\u015brodek Pomocy Spo\u0142ecznej w Urszulinie\",\"isPartOf\":{\"@id\":\"https:\\\/\\\/gops-urszulin.pl\\\/#website\"},\"primaryImageOfPage\":{\"@id\":\"https:\\\/\\\/gops-urszulin.pl\\\/index.php\\\/2021\\\/09\\\/29\\\/informacja-o-utrzymaniu-trwalosci-projektu-pt-nie-jestesmy-sami\\\/#primaryimage\"},\"image\":{\"@id\":\"https:\\\/\\\/gops-urszulin.pl\\\/index.php\\\/2021\\\/09\\\/29\\\/informacja-o-utrzymaniu-trwalosci-projektu-pt-nie-jestesmy-sami\\\/#primaryimage\"},\"thumbnailUrl\":\"https:\\\/\\\/gops-urszulin.pl\\\/wp-content\\\/uploads\\\/2025\\\/03\\\/informaction.png\",\"datePublished\":\"2021-09-29T13:10:51+00:00\",\"dateModified\":\"2025-03-19T11:32:20+00:00\",\"author\":{\"@id\":\"https:\\\/\\\/gops-urszulin.pl\\\/#\\\/schema\\\/person\\\/4321ac06fcb9fcbcb4e6e099f2b2dd6f\"},\"description\":\"W ramach realizowanego projektu wsp\u00f3\u0142finansowanego przez UE ze \u015brodk\u00f3w EFS oraz bud\u017cetu pa\u0144stwa zapewniamy instytucjonaln\u0105 gotowo\u015b\u0107 do \u015bwiadczenia us\u0142ug utworzonych w ramach utrzymania trwa\u0142o\u015bci projektu\",\"breadcrumb\":{\"@id\":\"https:\\\/\\\/gops-urszulin.pl\\\/index.php\\\/2021\\\/09\\\/29\\\/informacja-o-utrzymaniu-trwalosci-projektu-pt-nie-jestesmy-sami\\\/#breadcrumb\"},\"inLanguage\":\"pl-PL\",\"potentialAction\":[{\"@type\":\"ReadAction\",\"target\":[\"https:\\\/\\\/gops-urszulin.pl\\\/index.php\\\/2021\\\/09\\\/29\\\/informacja-o-utrzymaniu-trwalosci-projektu-pt-nie-jestesmy-sami\\\/\"]}]},{\"@type\":\"ImageObject\",\"inLanguage\":\"pl-PL\",\"@id\":\"https:\\\/\\\/gops-urszulin.pl\\\/index.php\\\/2021\\\/09\\\/29\\\/informacja-o-utrzymaniu-trwalosci-projektu-pt-nie-jestesmy-sami\\\/#primaryimage\",\"url\":\"https:\\\/\\\/gops-urszulin.pl\\\/wp-content\\\/uploads\\\/2025\\\/03\\\/informaction.png\",\"contentUrl\":\"https:\\\/\\\/gops-urszulin.pl\\\/wp-content\\\/uploads\\\/2025\\\/03\\\/informaction.png\",\"width\":260,\"height\":140,\"caption\":\"logo informacji\"},{\"@type\":\"BreadcrumbList\",\"@id\":\"https:\\\/\\\/gops-urszulin.pl\\\/index.php\\\/2021\\\/09\\\/29\\\/informacja-o-utrzymaniu-trwalosci-projektu-pt-nie-jestesmy-sami\\\/#breadcrumb\",\"itemListElement\":[{\"@type\":\"ListItem\",\"position\":1,\"name\":\"Strona g\u0142\u00f3wna\",\"item\":\"https:\\\/\\\/gops-urszulin.pl\\\/\"},{\"@type\":\"ListItem\",\"position\":2,\"name\":\"Informacja o utrzymaniu trwa\u0142o\u015bci projektu pt. &#8222;Nie jeste\u015bmy sami&#8221;\"}]},{\"@type\":\"WebSite\",\"@id\":\"https:\\\/\\\/gops-urszulin.pl\\\/#website\",\"url\":\"https:\\\/\\\/gops-urszulin.pl\\\/\",\"name\":\"Gminny O\u015brodek Pomocy Spo\u0142ecznej w Urszulinie\",\"description\":\"\",\"potentialAction\":[{\"@type\":\"SearchAction\",\"target\":{\"@type\":\"EntryPoint\",\"urlTemplate\":\"https:\\\/\\\/gops-urszulin.pl\\\/?s={search_term_string}\"},\"query-input\":{\"@type\":\"PropertyValueSpecification\",\"valueRequired\":true,\"valueName\":\"search_term_string\"}}],\"inLanguage\":\"pl-PL\"},{\"@type\":\"Person\",\"@id\":\"https:\\\/\\\/gops-urszulin.pl\\\/#\\\/schema\\\/person\\\/4321ac06fcb9fcbcb4e6e099f2b2dd6f\",\"name\":\"admin\",\"sameAs\":[\"http:\\\/\\\/gops-urszulin.pl\"],\"url\":\"https:\\\/\\\/gops-urszulin.pl\\\/index.php\\\/author\\\/marek\\\/\"}]}<\/script>\n<!-- \/ Yoast SEO plugin. -->","yoast_head_json":{"title":"Informacja o utrzymaniu trwa\u0142o\u015bci projektu pt. \"Nie jeste\u015bmy sami\" - Gminny O\u015brodek Pomocy Spo\u0142ecznej w Urszulinie","description":"W ramach realizowanego projektu wsp\u00f3\u0142finansowanego przez UE ze \u015brodk\u00f3w EFS oraz bud\u017cetu pa\u0144stwa zapewniamy instytucjonaln\u0105 gotowo\u015b\u0107 do \u015bwiadczenia us\u0142ug utworzonych w ramach utrzymania trwa\u0142o\u015bci projektu","robots":{"index":"index","follow":"follow","max-snippet":"max-snippet:-1","max-image-preview":"max-image-preview:large","max-video-preview":"max-video-preview:-1"},"canonical":"https:\/\/gops-urszulin.pl\/index.php\/2021\/09\/29\/informacja-o-utrzymaniu-trwalosci-projektu-pt-nie-jestesmy-sami\/","og_locale":"pl_PL","og_type":"article","og_title":"Informacja o utrzymaniu trwa\u0142o\u015bci projektu pt. \"Nie jeste\u015bmy sami\" - Gminny O\u015brodek Pomocy Spo\u0142ecznej w Urszulinie","og_description":"W ramach realizowanego projektu wsp\u00f3\u0142finansowanego przez UE ze \u015brodk\u00f3w EFS oraz bud\u017cetu pa\u0144stwa zapewniamy instytucjonaln\u0105 gotowo\u015b\u0107 do \u015bwiadczenia us\u0142ug utworzonych w ramach utrzymania trwa\u0142o\u015bci projektu","og_url":"https:\/\/gops-urszulin.pl\/index.php\/2021\/09\/29\/informacja-o-utrzymaniu-trwalosci-projektu-pt-nie-jestesmy-sami\/","og_site_name":"Gminny O\u015brodek Pomocy Spo\u0142ecznej w Urszulinie","article_published_time":"2021-09-29T13:10:51+00:00","article_modified_time":"2025-03-19T11:32:20+00:00","og_image":[{"width":260,"height":140,"url":"https:\/\/gops-urszulin.pl\/wp-content\/uploads\/2025\/03\/informaction.png","type":"image\/png"}],"author":"admin","twitter_card":"summary_large_image","twitter_misc":{"Napisane przez":"admin","Szacowany czas czytania":"1 minuta"},"schema":{"@context":"https:\/\/schema.org","@graph":[{"@type":"Article","@id":"https:\/\/gops-urszulin.pl\/index.php\/2021\/09\/29\/informacja-o-utrzymaniu-trwalosci-projektu-pt-nie-jestesmy-sami\/#article","isPartOf":{"@id":"https:\/\/gops-urszulin.pl\/index.php\/2021\/09\/29\/informacja-o-utrzymaniu-trwalosci-projektu-pt-nie-jestesmy-sami\/"},"author":{"name":"admin","@id":"https:\/\/gops-urszulin.pl\/#\/schema\/person\/4321ac06fcb9fcbcb4e6e099f2b2dd6f"},"headline":"Informacja o utrzymaniu trwa\u0142o\u015bci projektu pt. &#8222;Nie jeste\u015bmy sami&#8221;","datePublished":"2021-09-29T13:10:51+00:00","dateModified":"2025-03-19T11:32:20+00:00","mainEntityOfPage":{"@id":"https:\/\/gops-urszulin.pl\/index.php\/2021\/09\/29\/informacja-o-utrzymaniu-trwalosci-projektu-pt-nie-jestesmy-sami\/"},"wordCount":136,"image":{"@id":"https:\/\/gops-urszulin.pl\/index.php\/2021\/09\/29\/informacja-o-utrzymaniu-trwalosci-projektu-pt-nie-jestesmy-sami\/#primaryimage"},"thumbnailUrl":"https:\/\/gops-urszulin.pl\/wp-content\/uploads\/2025\/03\/informaction.png","keywords":["informacja","Nie jeste\u015bmy sami","projekt","utrzymanie trwa\u0142o\u015bci"],"articleSection":["Archiwum","Nie jeste\u015bmy sami"],"inLanguage":"pl-PL"},{"@type":"WebPage","@id":"https:\/\/gops-urszulin.pl\/index.php\/2021\/09\/29\/informacja-o-utrzymaniu-trwalosci-projektu-pt-nie-jestesmy-sami\/","url":"https:\/\/gops-urszulin.pl\/index.php\/2021\/09\/29\/informacja-o-utrzymaniu-trwalosci-projektu-pt-nie-jestesmy-sami\/","name":"Informacja o utrzymaniu trwa\u0142o\u015bci projektu pt. \"Nie jeste\u015bmy sami\" - Gminny O\u015brodek Pomocy Spo\u0142ecznej w Urszulinie","isPartOf":{"@id":"https:\/\/gops-urszulin.pl\/#website"},"primaryImageOfPage":{"@id":"https:\/\/gops-urszulin.pl\/index.php\/2021\/09\/29\/informacja-o-utrzymaniu-trwalosci-projektu-pt-nie-jestesmy-sami\/#primaryimage"},"image":{"@id":"https:\/\/gops-urszulin.pl\/index.php\/2021\/09\/29\/informacja-o-utrzymaniu-trwalosci-projektu-pt-nie-jestesmy-sami\/#primaryimage"},"thumbnailUrl":"https:\/\/gops-urszulin.pl\/wp-content\/uploads\/2025\/03\/informaction.png","datePublished":"2021-09-29T13:10:51+00:00","dateModified":"2025-03-19T11:32:20+00:00","author":{"@id":"https:\/\/gops-urszulin.pl\/#\/schema\/person\/4321ac06fcb9fcbcb4e6e099f2b2dd6f"},"description":"W ramach realizowanego projektu wsp\u00f3\u0142finansowanego przez UE ze \u015brodk\u00f3w EFS oraz bud\u017cetu pa\u0144stwa zapewniamy instytucjonaln\u0105 gotowo\u015b\u0107 do \u015bwiadczenia us\u0142ug utworzonych w ramach utrzymania trwa\u0142o\u015bci projektu","breadcrumb":{"@id":"https:\/\/gops-urszulin.pl\/index.php\/2021\/09\/29\/informacja-o-utrzymaniu-trwalosci-projektu-pt-nie-jestesmy-sami\/#breadcrumb"},"inLanguage":"pl-PL","potentialAction":[{"@type":"ReadAction","target":["https:\/\/gops-urszulin.pl\/index.php\/2021\/09\/29\/informacja-o-utrzymaniu-trwalosci-projektu-pt-nie-jestesmy-sami\/"]}]},{"@type":"ImageObject","inLanguage":"pl-PL","@id":"https:\/\/gops-urszulin.pl\/index.php\/2021\/09\/29\/informacja-o-utrzymaniu-trwalosci-projektu-pt-nie-jestesmy-sami\/#primaryimage","url":"https:\/\/gops-urszulin.pl\/wp-content\/uploads\/2025\/03\/informaction.png","contentUrl":"https:\/\/gops-urszulin.pl\/wp-content\/uploads\/2025\/03\/informaction.png","width":260,"height":140,"caption":"logo informacji"},{"@type":"BreadcrumbList","@id":"https:\/\/gops-urszulin.pl\/index.php\/2021\/09\/29\/informacja-o-utrzymaniu-trwalosci-projektu-pt-nie-jestesmy-sami\/#breadcrumb","itemListElement":[{"@type":"ListItem","position":1,"name":"Strona g\u0142\u00f3wna","item":"https:\/\/gops-urszulin.pl\/"},{"@type":"ListItem","position":2,"name":"Informacja o utrzymaniu trwa\u0142o\u015bci projektu pt. &#8222;Nie jeste\u015bmy sami&#8221;"}]},{"@type":"WebSite","@id":"https:\/\/gops-urszulin.pl\/#website","url":"https:\/\/gops-urszulin.pl\/","name":"Gminny O\u015brodek Pomocy Spo\u0142ecznej w Urszulinie","description":"","potentialAction":[{"@type":"SearchAction","target":{"@type":"EntryPoint","urlTemplate":"https:\/\/gops-urszulin.pl\/?s={search_term_string}"},"query-input":{"@type":"PropertyValueSpecification","valueRequired":true,"valueName":"search_term_string"}}],"inLanguage":"pl-PL"},{"@type":"Person","@id":"https:\/\/gops-urszulin.pl\/#\/schema\/person\/4321ac06fcb9fcbcb4e6e099f2b2dd6f","name":"admin","sameAs":["https:\/\/gops-urszulin.pl"],"url":"https:\/\/gops-urszulin.pl\/index.php\/author\/marek\/"}]}},"_links":{"self":[{"href":"https:\/\/gops-urszulin.pl\/index.php\/wp-json\/wp\/v2\/posts\/113","targetHints":{"allow":["GET"]}}],"collection":[{"href":"https:\/\/gops-urszulin.pl\/index.php\/wp-json\/wp\/v2\/posts"}],"about":[{"href":"https:\/\/gops-urszulin.pl\/index.php\/wp-json\/wp\/v2\/types\/post"}],"author":[{"embeddable":true,"href":"https:\/\/gops-urszulin.pl\/index.php\/wp-json\/wp\/v2\/users\/1"}],"replies":[{"embeddable":true,"href":"https:\/\/gops-urszulin.pl\/index.php\/wp-json\/wp\/v2\/comments?post=113"}],"version-history":[{"count":3,"href":"https:\/\/gops-urszulin.pl\/index.php\/wp-json\/wp\/v2\/posts\/113\/revisions"}],"predecessor-version":[{"id":1394,"href":"https:\/\/gops-urszulin.pl\/index.php\/wp-json\/wp\/v2\/posts\/113\/revisions\/1394"}],"wp:featuredmedia":[{"embeddable":true,"href":"https:\/\/gops-urszulin.pl\/index.php\/wp-json\/wp\/v2\/media\/1500"}],"wp:attachment":[{"href":"https:\/\/gops-urszulin.pl\/index.php\/wp-json\/wp\/v2\/media?parent=113"}],"wp:term":[{"taxonomy":"category","embeddable":true,"href":"https:\/\/gops-urszulin.pl\/index.php\/wp-json\/wp\/v2\/categories?post=113"},{"taxonomy":"post_tag","embeddable":true,"href":"https:\/\/gops-urszulin.pl\/index.php\/wp-json\/wp\/v2\/tags?post=113"}],"curies":[{"name":"wp","href":"https:\/\/api.w.org\/{rel}","templated":true}]}}