{"id":1125,"date":"2024-09-10T11:20:03","date_gmt":"2024-09-10T10:20:03","guid":{"rendered":"https:\/\/gops-urszulin.pl\/?p=1125"},"modified":"2025-03-07T15:16:19","modified_gmt":"2025-03-07T14:16:19","slug":"szlachetna-paczka-2024-r","status":"publish","type":"post","link":"https:\/\/gops-urszulin.pl\/index.php\/2024\/09\/10\/szlachetna-paczka-2024-r\/","title":{"rendered":"Szlachetna paczka 2024 r."},"content":{"rendered":"<p>Szlachetna paczka to og\u00f3lnopolski program, w kt\u00f3rym od 2001 roku docieramy do rodzin i os\u00f3b samotnych \u017cyj\u0105cych w trudnej, niezawinionej sytuacji. Trudna sytuacja to nie tylko bieda materialna \u2013 to tak\u017ce wykluczenie spo\u0142eczne, brak dost\u0119pu do specjalistycznej pomocy, poczucie osamotnienia i bezradno\u015bci.<\/p>\n<h5>Jak pomagamy?<\/h5>\n<ul>\n<li>Wolontariusz poznaje histori\u0119 Rodziny, a nast\u0119pnie decyduje czy mo\u017cemy pom\u00f3c Rodzinie w ramach Paczki.<\/li>\n<li>Darczy\u0144ca przygotowuje wsparcie materialne dla Rodziny.<\/li>\n<li>Wolontariusz przekazuje Rodzinie przygotowan\u0105 przez Dobroczy\u0144c\u0119 pomoc<\/li>\n<\/ul>\n<p>Wolontariusz towarzyszy Rodzinie d\u0142ugoterminowo, wspieraj\u0105c w zmianach. Mo\u017ce tak\u017ce zaproponowa\u0107 pomoc specjalistyczn\u0105 (prawnicz\u0105, medyczn\u0105).<\/p>\n<h5>Szukamy Rodzin i os\u00f3b, kt\u00f3re w codzienno\u015bci:<\/h5>\n<ul>\n<li>mierz\u0105 si\u0119 z chorob\u0105\/niepe\u0142nosprawno\u015bci\u0105<\/li>\n<li>s\u0105 samodzielnymi rodzicami\/opiekunami<\/li>\n<li>staraj\u0105 si\u0119 zapewni\u0107 dobrostan w rodzinie wielodzietnej<\/li>\n<li>s\u0105 na starcie samodzielnego \u017cycia<\/li>\n<li>wychowuj\u0105 dziecko z chorob\u0105\/ z niepe\u0142nosprawno\u015bci\u0105<\/li>\n<li>mierz\u0105 si\u0119 z trudami staro\u015bci<\/li>\n<li>s\u0105 osamotnieni<\/li>\n<li>do\u015bwiadczaj\u0105 konsekwencji zdarzeniami losowymi<\/li>\n<li>s\u0105 dotkni\u0119ci skutkami wojny<\/li>\n<\/ul>\n<p><strong>Jak zg\u0142osi\u0107 Rodzin\u0119 lub osob\u0119 do Szlachetnej Paczki?<\/strong><\/p>\n<ol>\n<li>za po\u015brednictwem Wolontariusza Szlachetnej Paczki:<\/li>\n<\/ol>\n<ul>\n<li>popro\u015b Wolontariusza o dokument \u201eZg\u0142oszenie Rodziny do Szlachetnej Paczki\u201d<\/li>\n<li>przeka\u017c ten dokument Rodzinie, by mog\u0142a zapozna\u0107 si\u0119 z informacjami i podpisa\u0107 zgod\u0119 na kontakt z Wolontariuszem<\/li>\n<li>podpisany przez Rodzin\u0119 dokument zwr\u00f3\u0107 Wolontariuszowi.<\/li>\n<\/ul>\n<ol start=\"2\">\n<li>za po\u015brednictwem strony internetowej:<\/li>\n<\/ol>\n<ul>\n<li>wype\u0142nij formularz: <a title=\"przejd\u017a do formularza\" href=\"https:\/\/moja.szlachetnapczka.pl\/zglaszam-rodzine\" aria-label=\"formularz do Szlachetnej Paczki\">https:\/\/moja.szlachetnapczka.pl\/zglaszam-rodzine<\/a><\/li>\n<li>prze\u015blij orygina\u0142 \u201eZg\u0142oszenia Rodziny do Szlachetnej Paczki\u201d na adres Stowarzyszenia Wiosna, ul. Wielicka 20, 30-552 Krak\u00f3w.<\/li>\n<\/ul>\n<h5>W razie pyta\u0144 lub w\u0105tpliwo\u015bci zapraszamy do kontaktu:<\/h5>\n<ul>\n<li>ze stowarzyszeniem wiosna, organizatorem szlachetnej paczki: mailowo na <a title=\"napisz do stowarzyszenia Wiosna\" href=\"mailto:kontakt@wiosna.org.pl\">kontakt@wiosna.org.pl<\/a> lub telefonicznie \/12\/ 421 28 54.<\/li>\n<li>z pracownikami Gminnego O\u015brodka Pomocy Spo\u0142ecznej w Urszulinie pod numerami: \/82\/ 592-00-11. \/82\/ 592-00-12.<\/li>\n<\/ul>\n<p><a class=\"fa fa-file-pdf-o\" title=\"zapoznaj si\u0119 z ulotk\u0105 informacyjn\u0105\" href=\"https:\/\/gops-urszulin.pl\/wp-content\/uploads\/2024\/09\/ulotka_zglos-rodzine-do-szlachetnej-paczki-2024.pdf\" aria-label=\"ulotka informacyjna o szlachetnej paczce\"> Ulotk\u0105 informacyjna o szlachetnej paczce<\/a><\/p>\n<p><a class=\"fa fa-file-pdf-o\" title=\"pobierz formularz zg\u0142oszeniowy do szlachetnej paczki\" href=\"https:\/\/gops-urszulin.pl\/wp-content\/uploads\/2024\/09\/zgloszenie_rodziny_do_szlachetnej_paczki_klauzula_informacyjna2024.pdf\" aria-label=\"formularz zg\u0142oszeniowy rodziny do szlachetnej paczki\"> Formularz zg\u0142oszenia rodziny do szlachetnej paczki<\/a><\/p>\n","protected":false},"excerpt":{"rendered":"<p>Informacja o akcji &#8222;Szlachetna Paczka&#8221; edycja 2024 r. wraz z formularzem zg\u0142oszenia rodziny do Szlachetnej Paczki<\/p>\n","protected":false},"author":1,"featured_media":1124,"comment_status":"closed","ping_status":"closed","sticky":false,"template":"","format":"standard","meta":{"footnotes":""},"categories":[6,119,8],"tags":[13,58,200],"class_list":["post-1125","post","type-post","status-publish","format-standard","has-post-thumbnail","hentry","category-aktualnosci","category-informacja","category-ogloszenia","tag-informacja","tag-ogloszenie","tag-szlachetna-paczka"],"yoast_head":"<!-- This site is optimized with the Yoast SEO plugin v27.4 - https:\/\/yoast.com\/product\/yoast-seo-wordpress\/ -->\n<title>Szlachetna paczka 2024 r. - GOPS Urszulin<\/title>\n<meta name=\"description\" content=\"Informacja o akcji &quot;Szlachetna Paczka&quot; edycja 2024 r. wraz z formularzem zg\u0142oszenia rodziny do Szlachetnej Paczki\" \/>\n<meta name=\"robots\" content=\"index, follow, max-snippet:-1, max-image-preview:large, max-video-preview:-1\" \/>\n<link rel=\"canonical\" href=\"https:\/\/gops-urszulin.pl\/index.php\/2024\/09\/10\/szlachetna-paczka-2024-r\/\" \/>\n<meta property=\"og:locale\" content=\"pl_PL\" \/>\n<meta property=\"og:type\" content=\"article\" \/>\n<meta property=\"og:title\" content=\"Szlachetna paczka 2024 r. - GOPS Urszulin\" \/>\n<meta property=\"og:description\" content=\"Informacja o akcji &quot;Szlachetna Paczka&quot; edycja 2024 r. wraz z formularzem zg\u0142oszenia rodziny do Szlachetnej Paczki\" \/>\n<meta property=\"og:url\" content=\"https:\/\/gops-urszulin.pl\/index.php\/2024\/09\/10\/szlachetna-paczka-2024-r\/\" \/>\n<meta property=\"og:site_name\" content=\"Gminny O\u015brodek Pomocy Spo\u0142ecznej w Urszulinie\" \/>\n<meta property=\"article:published_time\" content=\"2024-09-10T10:20:03+00:00\" \/>\n<meta property=\"article:modified_time\" content=\"2025-03-07T14:16:19+00:00\" \/>\n<meta property=\"og:image\" content=\"https:\/\/gops-urszulin.pl\/wp-content\/uploads\/2024\/09\/logo-szlachetna-paczka_160x160.png\" \/>\n\t<meta property=\"og:image:width\" content=\"160\" \/>\n\t<meta property=\"og:image:height\" content=\"160\" \/>\n\t<meta property=\"og:image:type\" content=\"image\/png\" \/>\n<meta name=\"author\" content=\"admin\" \/>\n<meta name=\"twitter:card\" content=\"summary_large_image\" \/>\n<meta name=\"twitter:label1\" content=\"Napisane przez\" \/>\n\t<meta name=\"twitter:data1\" content=\"admin\" \/>\n\t<meta name=\"twitter:label2\" content=\"Szacowany czas czytania\" \/>\n\t<meta name=\"twitter:data2\" content=\"2 minuty\" \/>\n<script type=\"application\/ld+json\" class=\"yoast-schema-graph\">{\"@context\":\"https:\\\/\\\/schema.org\",\"@graph\":[{\"@type\":\"Article\",\"@id\":\"https:\\\/\\\/gops-urszulin.pl\\\/index.php\\\/2024\\\/09\\\/10\\\/szlachetna-paczka-2024-r\\\/#article\",\"isPartOf\":{\"@id\":\"https:\\\/\\\/gops-urszulin.pl\\\/index.php\\\/2024\\\/09\\\/10\\\/szlachetna-paczka-2024-r\\\/\"},\"author\":{\"name\":\"admin\",\"@id\":\"https:\\\/\\\/gops-urszulin.pl\\\/#\\\/schema\\\/person\\\/4321ac06fcb9fcbcb4e6e099f2b2dd6f\"},\"headline\":\"Szlachetna paczka 2024 r.\",\"datePublished\":\"2024-09-10T10:20:03+00:00\",\"dateModified\":\"2025-03-07T14:16:19+00:00\",\"mainEntityOfPage\":{\"@id\":\"https:\\\/\\\/gops-urszulin.pl\\\/index.php\\\/2024\\\/09\\\/10\\\/szlachetna-paczka-2024-r\\\/\"},\"wordCount\":294,\"image\":{\"@id\":\"https:\\\/\\\/gops-urszulin.pl\\\/index.php\\\/2024\\\/09\\\/10\\\/szlachetna-paczka-2024-r\\\/#primaryimage\"},\"thumbnailUrl\":\"https:\\\/\\\/gops-urszulin.pl\\\/wp-content\\\/uploads\\\/2024\\\/09\\\/logo-szlachetna-paczka_160x160.png\",\"keywords\":[\"informacja\",\"og\u0142oszenie\",\"szlachetna paczka\"],\"articleSection\":[\"Aktualno\u015bci\",\"Informacja\",\"Og\u0142oszenia\"],\"inLanguage\":\"pl-PL\"},{\"@type\":\"WebPage\",\"@id\":\"https:\\\/\\\/gops-urszulin.pl\\\/index.php\\\/2024\\\/09\\\/10\\\/szlachetna-paczka-2024-r\\\/\",\"url\":\"https:\\\/\\\/gops-urszulin.pl\\\/index.php\\\/2024\\\/09\\\/10\\\/szlachetna-paczka-2024-r\\\/\",\"name\":\"Szlachetna paczka 2024 r. - GOPS Urszulin\",\"isPartOf\":{\"@id\":\"https:\\\/\\\/gops-urszulin.pl\\\/#website\"},\"primaryImageOfPage\":{\"@id\":\"https:\\\/\\\/gops-urszulin.pl\\\/index.php\\\/2024\\\/09\\\/10\\\/szlachetna-paczka-2024-r\\\/#primaryimage\"},\"image\":{\"@id\":\"https:\\\/\\\/gops-urszulin.pl\\\/index.php\\\/2024\\\/09\\\/10\\\/szlachetna-paczka-2024-r\\\/#primaryimage\"},\"thumbnailUrl\":\"https:\\\/\\\/gops-urszulin.pl\\\/wp-content\\\/uploads\\\/2024\\\/09\\\/logo-szlachetna-paczka_160x160.png\",\"datePublished\":\"2024-09-10T10:20:03+00:00\",\"dateModified\":\"2025-03-07T14:16:19+00:00\",\"author\":{\"@id\":\"https:\\\/\\\/gops-urszulin.pl\\\/#\\\/schema\\\/person\\\/4321ac06fcb9fcbcb4e6e099f2b2dd6f\"},\"description\":\"Informacja o akcji \\\"Szlachetna Paczka\\\" edycja 2024 r. wraz z formularzem zg\u0142oszenia rodziny do Szlachetnej Paczki\",\"breadcrumb\":{\"@id\":\"https:\\\/\\\/gops-urszulin.pl\\\/index.php\\\/2024\\\/09\\\/10\\\/szlachetna-paczka-2024-r\\\/#breadcrumb\"},\"inLanguage\":\"pl-PL\",\"potentialAction\":[{\"@type\":\"ReadAction\",\"target\":[\"https:\\\/\\\/gops-urszulin.pl\\\/index.php\\\/2024\\\/09\\\/10\\\/szlachetna-paczka-2024-r\\\/\"]}]},{\"@type\":\"ImageObject\",\"inLanguage\":\"pl-PL\",\"@id\":\"https:\\\/\\\/gops-urszulin.pl\\\/index.php\\\/2024\\\/09\\\/10\\\/szlachetna-paczka-2024-r\\\/#primaryimage\",\"url\":\"https:\\\/\\\/gops-urszulin.pl\\\/wp-content\\\/uploads\\\/2024\\\/09\\\/logo-szlachetna-paczka_160x160.png\",\"contentUrl\":\"https:\\\/\\\/gops-urszulin.pl\\\/wp-content\\\/uploads\\\/2024\\\/09\\\/logo-szlachetna-paczka_160x160.png\",\"width\":160,\"height\":160,\"caption\":\"logo akcji \\\"Szlachetna paczka\\\"\"},{\"@type\":\"BreadcrumbList\",\"@id\":\"https:\\\/\\\/gops-urszulin.pl\\\/index.php\\\/2024\\\/09\\\/10\\\/szlachetna-paczka-2024-r\\\/#breadcrumb\",\"itemListElement\":[{\"@type\":\"ListItem\",\"position\":1,\"name\":\"Strona g\u0142\u00f3wna\",\"item\":\"https:\\\/\\\/gops-urszulin.pl\\\/\"},{\"@type\":\"ListItem\",\"position\":2,\"name\":\"Szlachetna paczka 2024 r.\"}]},{\"@type\":\"WebSite\",\"@id\":\"https:\\\/\\\/gops-urszulin.pl\\\/#website\",\"url\":\"https:\\\/\\\/gops-urszulin.pl\\\/\",\"name\":\"Gminny O\u015brodek Pomocy Spo\u0142ecznej w Urszulinie\",\"description\":\"\",\"potentialAction\":[{\"@type\":\"SearchAction\",\"target\":{\"@type\":\"EntryPoint\",\"urlTemplate\":\"https:\\\/\\\/gops-urszulin.pl\\\/?s={search_term_string}\"},\"query-input\":{\"@type\":\"PropertyValueSpecification\",\"valueRequired\":true,\"valueName\":\"search_term_string\"}}],\"inLanguage\":\"pl-PL\"},{\"@type\":\"Person\",\"@id\":\"https:\\\/\\\/gops-urszulin.pl\\\/#\\\/schema\\\/person\\\/4321ac06fcb9fcbcb4e6e099f2b2dd6f\",\"name\":\"admin\",\"sameAs\":[\"http:\\\/\\\/gops-urszulin.pl\"],\"url\":\"https:\\\/\\\/gops-urszulin.pl\\\/index.php\\\/author\\\/marek\\\/\"}]}<\/script>\n<!-- \/ Yoast SEO plugin. -->","yoast_head_json":{"title":"Szlachetna paczka 2024 r. - GOPS Urszulin","description":"Informacja o akcji \"Szlachetna Paczka\" edycja 2024 r. wraz z formularzem zg\u0142oszenia rodziny do Szlachetnej Paczki","robots":{"index":"index","follow":"follow","max-snippet":"max-snippet:-1","max-image-preview":"max-image-preview:large","max-video-preview":"max-video-preview:-1"},"canonical":"https:\/\/gops-urszulin.pl\/index.php\/2024\/09\/10\/szlachetna-paczka-2024-r\/","og_locale":"pl_PL","og_type":"article","og_title":"Szlachetna paczka 2024 r. - GOPS Urszulin","og_description":"Informacja o akcji \"Szlachetna Paczka\" edycja 2024 r. wraz z formularzem zg\u0142oszenia rodziny do Szlachetnej Paczki","og_url":"https:\/\/gops-urszulin.pl\/index.php\/2024\/09\/10\/szlachetna-paczka-2024-r\/","og_site_name":"Gminny O\u015brodek Pomocy Spo\u0142ecznej w Urszulinie","article_published_time":"2024-09-10T10:20:03+00:00","article_modified_time":"2025-03-07T14:16:19+00:00","og_image":[{"width":160,"height":160,"url":"https:\/\/gops-urszulin.pl\/wp-content\/uploads\/2024\/09\/logo-szlachetna-paczka_160x160.png","type":"image\/png"}],"author":"admin","twitter_card":"summary_large_image","twitter_misc":{"Napisane przez":"admin","Szacowany czas czytania":"2 minuty"},"schema":{"@context":"https:\/\/schema.org","@graph":[{"@type":"Article","@id":"https:\/\/gops-urszulin.pl\/index.php\/2024\/09\/10\/szlachetna-paczka-2024-r\/#article","isPartOf":{"@id":"https:\/\/gops-urszulin.pl\/index.php\/2024\/09\/10\/szlachetna-paczka-2024-r\/"},"author":{"name":"admin","@id":"https:\/\/gops-urszulin.pl\/#\/schema\/person\/4321ac06fcb9fcbcb4e6e099f2b2dd6f"},"headline":"Szlachetna paczka 2024 r.","datePublished":"2024-09-10T10:20:03+00:00","dateModified":"2025-03-07T14:16:19+00:00","mainEntityOfPage":{"@id":"https:\/\/gops-urszulin.pl\/index.php\/2024\/09\/10\/szlachetna-paczka-2024-r\/"},"wordCount":294,"image":{"@id":"https:\/\/gops-urszulin.pl\/index.php\/2024\/09\/10\/szlachetna-paczka-2024-r\/#primaryimage"},"thumbnailUrl":"https:\/\/gops-urszulin.pl\/wp-content\/uploads\/2024\/09\/logo-szlachetna-paczka_160x160.png","keywords":["informacja","og\u0142oszenie","szlachetna paczka"],"articleSection":["Aktualno\u015bci","Informacja","Og\u0142oszenia"],"inLanguage":"pl-PL"},{"@type":"WebPage","@id":"https:\/\/gops-urszulin.pl\/index.php\/2024\/09\/10\/szlachetna-paczka-2024-r\/","url":"https:\/\/gops-urszulin.pl\/index.php\/2024\/09\/10\/szlachetna-paczka-2024-r\/","name":"Szlachetna paczka 2024 r. - GOPS Urszulin","isPartOf":{"@id":"https:\/\/gops-urszulin.pl\/#website"},"primaryImageOfPage":{"@id":"https:\/\/gops-urszulin.pl\/index.php\/2024\/09\/10\/szlachetna-paczka-2024-r\/#primaryimage"},"image":{"@id":"https:\/\/gops-urszulin.pl\/index.php\/2024\/09\/10\/szlachetna-paczka-2024-r\/#primaryimage"},"thumbnailUrl":"https:\/\/gops-urszulin.pl\/wp-content\/uploads\/2024\/09\/logo-szlachetna-paczka_160x160.png","datePublished":"2024-09-10T10:20:03+00:00","dateModified":"2025-03-07T14:16:19+00:00","author":{"@id":"https:\/\/gops-urszulin.pl\/#\/schema\/person\/4321ac06fcb9fcbcb4e6e099f2b2dd6f"},"description":"Informacja o akcji \"Szlachetna Paczka\" edycja 2024 r. wraz z formularzem zg\u0142oszenia rodziny do Szlachetnej Paczki","breadcrumb":{"@id":"https:\/\/gops-urszulin.pl\/index.php\/2024\/09\/10\/szlachetna-paczka-2024-r\/#breadcrumb"},"inLanguage":"pl-PL","potentialAction":[{"@type":"ReadAction","target":["https:\/\/gops-urszulin.pl\/index.php\/2024\/09\/10\/szlachetna-paczka-2024-r\/"]}]},{"@type":"ImageObject","inLanguage":"pl-PL","@id":"https:\/\/gops-urszulin.pl\/index.php\/2024\/09\/10\/szlachetna-paczka-2024-r\/#primaryimage","url":"https:\/\/gops-urszulin.pl\/wp-content\/uploads\/2024\/09\/logo-szlachetna-paczka_160x160.png","contentUrl":"https:\/\/gops-urszulin.pl\/wp-content\/uploads\/2024\/09\/logo-szlachetna-paczka_160x160.png","width":160,"height":160,"caption":"logo akcji \"Szlachetna paczka\""},{"@type":"BreadcrumbList","@id":"https:\/\/gops-urszulin.pl\/index.php\/2024\/09\/10\/szlachetna-paczka-2024-r\/#breadcrumb","itemListElement":[{"@type":"ListItem","position":1,"name":"Strona g\u0142\u00f3wna","item":"https:\/\/gops-urszulin.pl\/"},{"@type":"ListItem","position":2,"name":"Szlachetna paczka 2024 r."}]},{"@type":"WebSite","@id":"https:\/\/gops-urszulin.pl\/#website","url":"https:\/\/gops-urszulin.pl\/","name":"Gminny O\u015brodek Pomocy Spo\u0142ecznej w Urszulinie","description":"","potentialAction":[{"@type":"SearchAction","target":{"@type":"EntryPoint","urlTemplate":"https:\/\/gops-urszulin.pl\/?s={search_term_string}"},"query-input":{"@type":"PropertyValueSpecification","valueRequired":true,"valueName":"search_term_string"}}],"inLanguage":"pl-PL"},{"@type":"Person","@id":"https:\/\/gops-urszulin.pl\/#\/schema\/person\/4321ac06fcb9fcbcb4e6e099f2b2dd6f","name":"admin","sameAs":["https:\/\/gops-urszulin.pl"],"url":"https:\/\/gops-urszulin.pl\/index.php\/author\/marek\/"}]}},"_links":{"self":[{"href":"https:\/\/gops-urszulin.pl\/index.php\/wp-json\/wp\/v2\/posts\/1125","targetHints":{"allow":["GET"]}}],"collection":[{"href":"https:\/\/gops-urszulin.pl\/index.php\/wp-json\/wp\/v2\/posts"}],"about":[{"href":"https:\/\/gops-urszulin.pl\/index.php\/wp-json\/wp\/v2\/types\/post"}],"author":[{"embeddable":true,"href":"https:\/\/gops-urszulin.pl\/index.php\/wp-json\/wp\/v2\/users\/1"}],"replies":[{"embeddable":true,"href":"https:\/\/gops-urszulin.pl\/index.php\/wp-json\/wp\/v2\/comments?post=1125"}],"version-history":[{"count":4,"href":"https:\/\/gops-urszulin.pl\/index.php\/wp-json\/wp\/v2\/posts\/1125\/revisions"}],"predecessor-version":[{"id":1284,"href":"https:\/\/gops-urszulin.pl\/index.php\/wp-json\/wp\/v2\/posts\/1125\/revisions\/1284"}],"wp:featuredmedia":[{"embeddable":true,"href":"https:\/\/gops-urszulin.pl\/index.php\/wp-json\/wp\/v2\/media\/1124"}],"wp:attachment":[{"href":"https:\/\/gops-urszulin.pl\/index.php\/wp-json\/wp\/v2\/media?parent=1125"}],"wp:term":[{"taxonomy":"category","embeddable":true,"href":"https:\/\/gops-urszulin.pl\/index.php\/wp-json\/wp\/v2\/categories?post=1125"},{"taxonomy":"post_tag","embeddable":true,"href":"https:\/\/gops-urszulin.pl\/index.php\/wp-json\/wp\/v2\/tags?post=1125"}],"curies":[{"name":"wp","href":"https:\/\/api.w.org\/{rel}","templated":true}]}}