{"id":1059,"date":"2024-07-11T09:37:37","date_gmt":"2024-07-11T08:37:37","guid":{"rendered":"https:\/\/gops-urszulin.pl\/?p=1059"},"modified":"2025-03-19T10:56:25","modified_gmt":"2025-03-19T09:56:25","slug":"zaproszenie-org-pozarzadowych-do-zespolu-interdyscyplinarnego-w-urszulinie","status":"publish","type":"post","link":"https:\/\/gops-urszulin.pl\/index.php\/2024\/07\/11\/zaproszenie-org-pozarzadowych-do-zespolu-interdyscyplinarnego-w-urszulinie\/","title":{"rendered":"Zaproszenie organizacji pozarz\u0105dowych do  Zespo\u0142u Interdyscyplinarnego w Urszulinie"},"content":{"rendered":"<h4 style=\"text-align: center;\">Zaproszenie organizacji pozarz\u0105dowych do zg\u0142aszania kandydat\u00f3w do reprezentacji oraz prac prowadzonych w ramach Zespo\u0142u Interdyscyplinarnego w Urszulinie<\/h4>\n<p>Zapraszamy przedstawicieli organizacji pozarz\u0105dowych, kt\u00f3rych dzia\u0142alno\u015b\u0107 opiera si\u0119 na przeciwdzia\u0142aniu przemocy w rodzinie do sk\u0142adania kandydatur do pracy w Zespole Interdyscyplinarnym. Przedstawiciel b\u0119dzie obowi\u0105zany do uczestnictwa w posiedzeniach Zespo\u0142u i\u00a0wykonywania zada\u0144 w ramach swoich obowi\u0105zk\u00f3w s\u0142u\u017cbowych i zawodowych. Szczeg\u00f3\u0142owe zadania zespo\u0142u interdyscyplinarnego okre\u015bla ustawa z dnia 29 lipca 2005 r. o przeciwdzia\u0142aniu przemocy domowej.<\/p>\n<p>Zesp\u00f3\u0142 Interdyscyplinarny realizuje dzia\u0142ania okre\u015blone w gminnym programie przeciwdzia\u0142ania przemocy domowej i ochrony os\u00f3b doznaj\u0105cych przemocy domowej na lata 2023\u00a0\u2013\u00a02027. Posiedzenia zespo\u0142u odbywaj\u0105 si\u0119 w zale\u017cno\u015bci od potrzeb, jednak nie rzadziej ni\u017c raz na dwa miesi\u0105ce.<\/p>\n<p>Zg\u0142oszenia b\u0119d\u0105 przyjmowane od podmiot\u00f3w uprawnionych w formie pisemnej, poprzez wype\u0142nienie i podpisanie formularza zg\u0142oszeniowego, stanowi\u0105cego za\u0142\u0105cznik do\u00a0niniejszego og\u0142oszenia. Formularz zg\u0142oszeniowy nale\u017cy z\u0142o\u017cy\u0107 w siedzibie Gminnego O\u015brodka Pomocy Spo\u0142ecznej w Urszulinie, ul. Lubelska 31, 22-234 Urszulin w pokoju nr 4. Zg\u0142oszenia niekompletne nie\u00a0b\u0119d\u0105 rozpatrywane.<\/p>\n<p>Akceptacji przedstawiciela organizacji pozarz\u0105dowej do sk\u0142adu Zespo\u0142u Interdyscyplinarnego \u00a0dokonuje W\u00f3jt Gminy Urszulin. Z organizacjami pozarz\u0105dowymi, kt\u00f3rych przedstawiciel zyska akceptacj\u0119 W\u00f3jta na cz\u0142onkostwo w zespole interdyscyplinarnym, zostanie zawarte stosowne porozumienie, o kt\u00f3rym mowa w art. 9a ust. 8 ustawy o przeciwdzia\u0142aniu przemocy domowej.<\/p>\n<p>W razie pyta\u0144 prosimy o kontakt z Gminnym O\u015brodkiem Pomocy Spo\u0142ecznej w Urszulinie tel.\u00a0\/82\/ 592-00-12.<\/p>\n<p>Za\u0142\u0105cznik:<\/p>\n<p><a class=\"fa fa-file-word-o\" title=\"pobierz formularz w wordzie\" href=\"https:\/\/gops-urszulin.pl\/wp-content\/uploads\/2024\/07\/formularz_zgloszenia_czlonkostwa.docx\" aria-label=\"formularz zg\u0142oszeniowy w formacie word\"> Formularz zg\u0142oszeniowy cz\u0142onkostwa w ZI &#8211; DOC<\/a><\/p>\n<p><a class=\"fa fa-file-pdf-o\" title=\"pobierz formularz w pdf\" href=\"https:\/\/gops-urszulin.pl\/wp-content\/uploads\/2024\/07\/formularz_zgloszenia_czlonkostwa.pdf\" aria-label=\"formularz zg\u0142oszeniowy w formacie pdf\"> Formularz zg\u0142oszeniowy cz\u0142onkostwa w ZI &#8211; PDF<\/a><\/p>\n","protected":false},"excerpt":{"rendered":"<p>Zapraszamy przedstawicieli organizacji pozarz\u0105dowych, kt\u00f3rych dzia\u0142alno\u015b\u0107 opiera si\u0119 na przeciwdzia\u0142aniu przemocy w rodzinie do sk\u0142adania kandydatur do pracy w Zespole Interdyscyplinarnym.<\/p>\n","protected":false},"author":1,"featured_media":1501,"comment_status":"closed","ping_status":"closed","sticky":false,"template":"","format":"standard","meta":{"footnotes":""},"categories":[8,29],"tags":[58,31,30],"class_list":["post-1059","post","type-post","status-publish","format-standard","has-post-thumbnail","hentry","category-ogloszenia","category-zespol-interdyscyplinarny","tag-ogloszenie","tag-zespol-interdyscyplinarny","tag-zi"],"yoast_head":"<!-- This site is optimized with the Yoast SEO plugin v27.4 - https:\/\/yoast.com\/product\/yoast-seo-wordpress\/ -->\n<title>Zaproszenie org. pozarz\u0105dowych do ZI w Urszulinie - GOPS Urszulin<\/title>\n<meta name=\"description\" content=\"Zapraszamy przedstawicieli organizacji pozarz\u0105dowych, kt\u00f3rych dzia\u0142alno\u015b\u0107 opiera si\u0119 na przeciwdzia\u0142aniu przemocy w rodzinie do sk\u0142adania kandydatur do pracy w Zespole Interdyscyplinarnym.\" \/>\n<meta name=\"robots\" content=\"index, follow, max-snippet:-1, max-image-preview:large, max-video-preview:-1\" \/>\n<link rel=\"canonical\" href=\"https:\/\/gops-urszulin.pl\/index.php\/2024\/07\/11\/zaproszenie-org-pozarzadowych-do-zespolu-interdyscyplinarnego-w-urszulinie\/\" \/>\n<meta property=\"og:locale\" content=\"pl_PL\" \/>\n<meta property=\"og:type\" content=\"article\" \/>\n<meta property=\"og:title\" content=\"Zaproszenie org. pozarz\u0105dowych do ZI w Urszulinie - GOPS Urszulin\" \/>\n<meta property=\"og:description\" content=\"Zapraszamy przedstawicieli organizacji pozarz\u0105dowych, kt\u00f3rych dzia\u0142alno\u015b\u0107 opiera si\u0119 na przeciwdzia\u0142aniu przemocy w rodzinie do sk\u0142adania kandydatur do pracy w Zespole Interdyscyplinarnym.\" \/>\n<meta property=\"og:url\" content=\"https:\/\/gops-urszulin.pl\/index.php\/2024\/07\/11\/zaproszenie-org-pozarzadowych-do-zespolu-interdyscyplinarnego-w-urszulinie\/\" \/>\n<meta property=\"og:site_name\" content=\"Gminny O\u015brodek Pomocy Spo\u0142ecznej w Urszulinie\" \/>\n<meta property=\"article:published_time\" content=\"2024-07-11T08:37:37+00:00\" \/>\n<meta property=\"article:modified_time\" content=\"2025-03-19T09:56:25+00:00\" \/>\n<meta property=\"og:image\" content=\"https:\/\/gops-urszulin.pl\/wp-content\/uploads\/2025\/03\/atencion.png\" \/>\n\t<meta property=\"og:image:width\" content=\"260\" \/>\n\t<meta property=\"og:image:height\" content=\"140\" \/>\n\t<meta property=\"og:image:type\" content=\"image\/png\" \/>\n<meta name=\"author\" content=\"admin\" \/>\n<meta name=\"twitter:card\" content=\"summary_large_image\" \/>\n<meta name=\"twitter:label1\" content=\"Napisane przez\" \/>\n\t<meta name=\"twitter:data1\" content=\"admin\" \/>\n\t<meta name=\"twitter:label2\" content=\"Szacowany czas czytania\" \/>\n\t<meta name=\"twitter:data2\" content=\"2 minuty\" \/>\n<script type=\"application\/ld+json\" class=\"yoast-schema-graph\">{\"@context\":\"https:\\\/\\\/schema.org\",\"@graph\":[{\"@type\":\"Article\",\"@id\":\"https:\\\/\\\/gops-urszulin.pl\\\/index.php\\\/2024\\\/07\\\/11\\\/zaproszenie-org-pozarzadowych-do-zespolu-interdyscyplinarnego-w-urszulinie\\\/#article\",\"isPartOf\":{\"@id\":\"https:\\\/\\\/gops-urszulin.pl\\\/index.php\\\/2024\\\/07\\\/11\\\/zaproszenie-org-pozarzadowych-do-zespolu-interdyscyplinarnego-w-urszulinie\\\/\"},\"author\":{\"name\":\"admin\",\"@id\":\"https:\\\/\\\/gops-urszulin.pl\\\/#\\\/schema\\\/person\\\/4321ac06fcb9fcbcb4e6e099f2b2dd6f\"},\"headline\":\"Zaproszenie organizacji pozarz\u0105dowych do Zespo\u0142u Interdyscyplinarnego w Urszulinie\",\"datePublished\":\"2024-07-11T08:37:37+00:00\",\"dateModified\":\"2025-03-19T09:56:25+00:00\",\"mainEntityOfPage\":{\"@id\":\"https:\\\/\\\/gops-urszulin.pl\\\/index.php\\\/2024\\\/07\\\/11\\\/zaproszenie-org-pozarzadowych-do-zespolu-interdyscyplinarnego-w-urszulinie\\\/\"},\"wordCount\":293,\"image\":{\"@id\":\"https:\\\/\\\/gops-urszulin.pl\\\/index.php\\\/2024\\\/07\\\/11\\\/zaproszenie-org-pozarzadowych-do-zespolu-interdyscyplinarnego-w-urszulinie\\\/#primaryimage\"},\"thumbnailUrl\":\"https:\\\/\\\/gops-urszulin.pl\\\/wp-content\\\/uploads\\\/2025\\\/03\\\/atencion.png\",\"keywords\":[\"og\u0142oszenie\",\"Zesp\u00f3\u0142 interdyscyplinarny\",\"ZI\"],\"articleSection\":[\"Og\u0142oszenia\",\"Zesp\u00f3\u0142 Interdyscyplinarny\"],\"inLanguage\":\"pl-PL\"},{\"@type\":\"WebPage\",\"@id\":\"https:\\\/\\\/gops-urszulin.pl\\\/index.php\\\/2024\\\/07\\\/11\\\/zaproszenie-org-pozarzadowych-do-zespolu-interdyscyplinarnego-w-urszulinie\\\/\",\"url\":\"https:\\\/\\\/gops-urszulin.pl\\\/index.php\\\/2024\\\/07\\\/11\\\/zaproszenie-org-pozarzadowych-do-zespolu-interdyscyplinarnego-w-urszulinie\\\/\",\"name\":\"Zaproszenie org. pozarz\u0105dowych do ZI w Urszulinie - GOPS Urszulin\",\"isPartOf\":{\"@id\":\"https:\\\/\\\/gops-urszulin.pl\\\/#website\"},\"primaryImageOfPage\":{\"@id\":\"https:\\\/\\\/gops-urszulin.pl\\\/index.php\\\/2024\\\/07\\\/11\\\/zaproszenie-org-pozarzadowych-do-zespolu-interdyscyplinarnego-w-urszulinie\\\/#primaryimage\"},\"image\":{\"@id\":\"https:\\\/\\\/gops-urszulin.pl\\\/index.php\\\/2024\\\/07\\\/11\\\/zaproszenie-org-pozarzadowych-do-zespolu-interdyscyplinarnego-w-urszulinie\\\/#primaryimage\"},\"thumbnailUrl\":\"https:\\\/\\\/gops-urszulin.pl\\\/wp-content\\\/uploads\\\/2025\\\/03\\\/atencion.png\",\"datePublished\":\"2024-07-11T08:37:37+00:00\",\"dateModified\":\"2025-03-19T09:56:25+00:00\",\"author\":{\"@id\":\"https:\\\/\\\/gops-urszulin.pl\\\/#\\\/schema\\\/person\\\/4321ac06fcb9fcbcb4e6e099f2b2dd6f\"},\"description\":\"Zapraszamy przedstawicieli organizacji pozarz\u0105dowych, kt\u00f3rych dzia\u0142alno\u015b\u0107 opiera si\u0119 na przeciwdzia\u0142aniu przemocy w rodzinie do sk\u0142adania kandydatur do pracy w Zespole Interdyscyplinarnym.\",\"breadcrumb\":{\"@id\":\"https:\\\/\\\/gops-urszulin.pl\\\/index.php\\\/2024\\\/07\\\/11\\\/zaproszenie-org-pozarzadowych-do-zespolu-interdyscyplinarnego-w-urszulinie\\\/#breadcrumb\"},\"inLanguage\":\"pl-PL\",\"potentialAction\":[{\"@type\":\"ReadAction\",\"target\":[\"https:\\\/\\\/gops-urszulin.pl\\\/index.php\\\/2024\\\/07\\\/11\\\/zaproszenie-org-pozarzadowych-do-zespolu-interdyscyplinarnego-w-urszulinie\\\/\"]}]},{\"@type\":\"ImageObject\",\"inLanguage\":\"pl-PL\",\"@id\":\"https:\\\/\\\/gops-urszulin.pl\\\/index.php\\\/2024\\\/07\\\/11\\\/zaproszenie-org-pozarzadowych-do-zespolu-interdyscyplinarnego-w-urszulinie\\\/#primaryimage\",\"url\":\"https:\\\/\\\/gops-urszulin.pl\\\/wp-content\\\/uploads\\\/2025\\\/03\\\/atencion.png\",\"contentUrl\":\"https:\\\/\\\/gops-urszulin.pl\\\/wp-content\\\/uploads\\\/2025\\\/03\\\/atencion.png\",\"width\":260,\"height\":140,\"caption\":\"logo og\u0142oszenia\"},{\"@type\":\"BreadcrumbList\",\"@id\":\"https:\\\/\\\/gops-urszulin.pl\\\/index.php\\\/2024\\\/07\\\/11\\\/zaproszenie-org-pozarzadowych-do-zespolu-interdyscyplinarnego-w-urszulinie\\\/#breadcrumb\",\"itemListElement\":[{\"@type\":\"ListItem\",\"position\":1,\"name\":\"Strona g\u0142\u00f3wna\",\"item\":\"https:\\\/\\\/gops-urszulin.pl\\\/\"},{\"@type\":\"ListItem\",\"position\":2,\"name\":\"Zaproszenie organizacji pozarz\u0105dowych do Zespo\u0142u Interdyscyplinarnego w Urszulinie\"}]},{\"@type\":\"WebSite\",\"@id\":\"https:\\\/\\\/gops-urszulin.pl\\\/#website\",\"url\":\"https:\\\/\\\/gops-urszulin.pl\\\/\",\"name\":\"Gminny O\u015brodek Pomocy Spo\u0142ecznej w Urszulinie\",\"description\":\"\",\"potentialAction\":[{\"@type\":\"SearchAction\",\"target\":{\"@type\":\"EntryPoint\",\"urlTemplate\":\"https:\\\/\\\/gops-urszulin.pl\\\/?s={search_term_string}\"},\"query-input\":{\"@type\":\"PropertyValueSpecification\",\"valueRequired\":true,\"valueName\":\"search_term_string\"}}],\"inLanguage\":\"pl-PL\"},{\"@type\":\"Person\",\"@id\":\"https:\\\/\\\/gops-urszulin.pl\\\/#\\\/schema\\\/person\\\/4321ac06fcb9fcbcb4e6e099f2b2dd6f\",\"name\":\"admin\",\"sameAs\":[\"http:\\\/\\\/gops-urszulin.pl\"],\"url\":\"https:\\\/\\\/gops-urszulin.pl\\\/index.php\\\/author\\\/marek\\\/\"}]}<\/script>\n<!-- \/ Yoast SEO plugin. -->","yoast_head_json":{"title":"Zaproszenie org. pozarz\u0105dowych do ZI w Urszulinie - GOPS Urszulin","description":"Zapraszamy przedstawicieli organizacji pozarz\u0105dowych, kt\u00f3rych dzia\u0142alno\u015b\u0107 opiera si\u0119 na przeciwdzia\u0142aniu przemocy w rodzinie do sk\u0142adania kandydatur do pracy w Zespole Interdyscyplinarnym.","robots":{"index":"index","follow":"follow","max-snippet":"max-snippet:-1","max-image-preview":"max-image-preview:large","max-video-preview":"max-video-preview:-1"},"canonical":"https:\/\/gops-urszulin.pl\/index.php\/2024\/07\/11\/zaproszenie-org-pozarzadowych-do-zespolu-interdyscyplinarnego-w-urszulinie\/","og_locale":"pl_PL","og_type":"article","og_title":"Zaproszenie org. pozarz\u0105dowych do ZI w Urszulinie - GOPS Urszulin","og_description":"Zapraszamy przedstawicieli organizacji pozarz\u0105dowych, kt\u00f3rych dzia\u0142alno\u015b\u0107 opiera si\u0119 na przeciwdzia\u0142aniu przemocy w rodzinie do sk\u0142adania kandydatur do pracy w Zespole Interdyscyplinarnym.","og_url":"https:\/\/gops-urszulin.pl\/index.php\/2024\/07\/11\/zaproszenie-org-pozarzadowych-do-zespolu-interdyscyplinarnego-w-urszulinie\/","og_site_name":"Gminny O\u015brodek Pomocy Spo\u0142ecznej w Urszulinie","article_published_time":"2024-07-11T08:37:37+00:00","article_modified_time":"2025-03-19T09:56:25+00:00","og_image":[{"width":260,"height":140,"url":"https:\/\/gops-urszulin.pl\/wp-content\/uploads\/2025\/03\/atencion.png","type":"image\/png"}],"author":"admin","twitter_card":"summary_large_image","twitter_misc":{"Napisane przez":"admin","Szacowany czas czytania":"2 minuty"},"schema":{"@context":"https:\/\/schema.org","@graph":[{"@type":"Article","@id":"https:\/\/gops-urszulin.pl\/index.php\/2024\/07\/11\/zaproszenie-org-pozarzadowych-do-zespolu-interdyscyplinarnego-w-urszulinie\/#article","isPartOf":{"@id":"https:\/\/gops-urszulin.pl\/index.php\/2024\/07\/11\/zaproszenie-org-pozarzadowych-do-zespolu-interdyscyplinarnego-w-urszulinie\/"},"author":{"name":"admin","@id":"https:\/\/gops-urszulin.pl\/#\/schema\/person\/4321ac06fcb9fcbcb4e6e099f2b2dd6f"},"headline":"Zaproszenie organizacji pozarz\u0105dowych do Zespo\u0142u Interdyscyplinarnego w Urszulinie","datePublished":"2024-07-11T08:37:37+00:00","dateModified":"2025-03-19T09:56:25+00:00","mainEntityOfPage":{"@id":"https:\/\/gops-urszulin.pl\/index.php\/2024\/07\/11\/zaproszenie-org-pozarzadowych-do-zespolu-interdyscyplinarnego-w-urszulinie\/"},"wordCount":293,"image":{"@id":"https:\/\/gops-urszulin.pl\/index.php\/2024\/07\/11\/zaproszenie-org-pozarzadowych-do-zespolu-interdyscyplinarnego-w-urszulinie\/#primaryimage"},"thumbnailUrl":"https:\/\/gops-urszulin.pl\/wp-content\/uploads\/2025\/03\/atencion.png","keywords":["og\u0142oszenie","Zesp\u00f3\u0142 interdyscyplinarny","ZI"],"articleSection":["Og\u0142oszenia","Zesp\u00f3\u0142 Interdyscyplinarny"],"inLanguage":"pl-PL"},{"@type":"WebPage","@id":"https:\/\/gops-urszulin.pl\/index.php\/2024\/07\/11\/zaproszenie-org-pozarzadowych-do-zespolu-interdyscyplinarnego-w-urszulinie\/","url":"https:\/\/gops-urszulin.pl\/index.php\/2024\/07\/11\/zaproszenie-org-pozarzadowych-do-zespolu-interdyscyplinarnego-w-urszulinie\/","name":"Zaproszenie org. pozarz\u0105dowych do ZI w Urszulinie - GOPS Urszulin","isPartOf":{"@id":"https:\/\/gops-urszulin.pl\/#website"},"primaryImageOfPage":{"@id":"https:\/\/gops-urszulin.pl\/index.php\/2024\/07\/11\/zaproszenie-org-pozarzadowych-do-zespolu-interdyscyplinarnego-w-urszulinie\/#primaryimage"},"image":{"@id":"https:\/\/gops-urszulin.pl\/index.php\/2024\/07\/11\/zaproszenie-org-pozarzadowych-do-zespolu-interdyscyplinarnego-w-urszulinie\/#primaryimage"},"thumbnailUrl":"https:\/\/gops-urszulin.pl\/wp-content\/uploads\/2025\/03\/atencion.png","datePublished":"2024-07-11T08:37:37+00:00","dateModified":"2025-03-19T09:56:25+00:00","author":{"@id":"https:\/\/gops-urszulin.pl\/#\/schema\/person\/4321ac06fcb9fcbcb4e6e099f2b2dd6f"},"description":"Zapraszamy przedstawicieli organizacji pozarz\u0105dowych, kt\u00f3rych dzia\u0142alno\u015b\u0107 opiera si\u0119 na przeciwdzia\u0142aniu przemocy w rodzinie do sk\u0142adania kandydatur do pracy w Zespole Interdyscyplinarnym.","breadcrumb":{"@id":"https:\/\/gops-urszulin.pl\/index.php\/2024\/07\/11\/zaproszenie-org-pozarzadowych-do-zespolu-interdyscyplinarnego-w-urszulinie\/#breadcrumb"},"inLanguage":"pl-PL","potentialAction":[{"@type":"ReadAction","target":["https:\/\/gops-urszulin.pl\/index.php\/2024\/07\/11\/zaproszenie-org-pozarzadowych-do-zespolu-interdyscyplinarnego-w-urszulinie\/"]}]},{"@type":"ImageObject","inLanguage":"pl-PL","@id":"https:\/\/gops-urszulin.pl\/index.php\/2024\/07\/11\/zaproszenie-org-pozarzadowych-do-zespolu-interdyscyplinarnego-w-urszulinie\/#primaryimage","url":"https:\/\/gops-urszulin.pl\/wp-content\/uploads\/2025\/03\/atencion.png","contentUrl":"https:\/\/gops-urszulin.pl\/wp-content\/uploads\/2025\/03\/atencion.png","width":260,"height":140,"caption":"logo og\u0142oszenia"},{"@type":"BreadcrumbList","@id":"https:\/\/gops-urszulin.pl\/index.php\/2024\/07\/11\/zaproszenie-org-pozarzadowych-do-zespolu-interdyscyplinarnego-w-urszulinie\/#breadcrumb","itemListElement":[{"@type":"ListItem","position":1,"name":"Strona g\u0142\u00f3wna","item":"https:\/\/gops-urszulin.pl\/"},{"@type":"ListItem","position":2,"name":"Zaproszenie organizacji pozarz\u0105dowych do Zespo\u0142u Interdyscyplinarnego w Urszulinie"}]},{"@type":"WebSite","@id":"https:\/\/gops-urszulin.pl\/#website","url":"https:\/\/gops-urszulin.pl\/","name":"Gminny O\u015brodek Pomocy Spo\u0142ecznej w Urszulinie","description":"","potentialAction":[{"@type":"SearchAction","target":{"@type":"EntryPoint","urlTemplate":"https:\/\/gops-urszulin.pl\/?s={search_term_string}"},"query-input":{"@type":"PropertyValueSpecification","valueRequired":true,"valueName":"search_term_string"}}],"inLanguage":"pl-PL"},{"@type":"Person","@id":"https:\/\/gops-urszulin.pl\/#\/schema\/person\/4321ac06fcb9fcbcb4e6e099f2b2dd6f","name":"admin","sameAs":["https:\/\/gops-urszulin.pl"],"url":"https:\/\/gops-urszulin.pl\/index.php\/author\/marek\/"}]}},"_links":{"self":[{"href":"https:\/\/gops-urszulin.pl\/index.php\/wp-json\/wp\/v2\/posts\/1059","targetHints":{"allow":["GET"]}}],"collection":[{"href":"https:\/\/gops-urszulin.pl\/index.php\/wp-json\/wp\/v2\/posts"}],"about":[{"href":"https:\/\/gops-urszulin.pl\/index.php\/wp-json\/wp\/v2\/types\/post"}],"author":[{"embeddable":true,"href":"https:\/\/gops-urszulin.pl\/index.php\/wp-json\/wp\/v2\/users\/1"}],"replies":[{"embeddable":true,"href":"https:\/\/gops-urszulin.pl\/index.php\/wp-json\/wp\/v2\/comments?post=1059"}],"version-history":[{"count":5,"href":"https:\/\/gops-urszulin.pl\/index.php\/wp-json\/wp\/v2\/posts\/1059\/revisions"}],"predecessor-version":[{"id":1305,"href":"https:\/\/gops-urszulin.pl\/index.php\/wp-json\/wp\/v2\/posts\/1059\/revisions\/1305"}],"wp:featuredmedia":[{"embeddable":true,"href":"https:\/\/gops-urszulin.pl\/index.php\/wp-json\/wp\/v2\/media\/1501"}],"wp:attachment":[{"href":"https:\/\/gops-urszulin.pl\/index.php\/wp-json\/wp\/v2\/media?parent=1059"}],"wp:term":[{"taxonomy":"category","embeddable":true,"href":"https:\/\/gops-urszulin.pl\/index.php\/wp-json\/wp\/v2\/categories?post=1059"},{"taxonomy":"post_tag","embeddable":true,"href":"https:\/\/gops-urszulin.pl\/index.php\/wp-json\/wp\/v2\/tags?post=1059"}],"curies":[{"name":"wp","href":"https:\/\/api.w.org\/{rel}","templated":true}]}}