{"id":1007,"date":"2024-07-04T08:46:49","date_gmt":"2024-07-04T07:46:49","guid":{"rendered":"https:\/\/gops-urszulin.pl\/?p=1007"},"modified":"2025-03-19T11:01:10","modified_gmt":"2025-03-19T10:01:10","slug":"stop-przemocy-zareaguj","status":"publish","type":"post","link":"https:\/\/gops-urszulin.pl\/index.php\/2024\/07\/04\/stop-przemocy-zareaguj\/","title":{"rendered":"Stop przemocy, zareaguj"},"content":{"rendered":"<h4>Je\u017celi wobec Ciebie stosowana jest przemoc lub jeste\u015b \u015bwiadkiem stosowania przemocy w rodzinie zareaguj:<\/h4>\n<p><strong>Zesp\u00f3\u0142 Interdyscyplinarny\u00a0 w Urszulinie<\/strong><\/p>\n<p>siedziba: Gminny O\u015brodek Pomocy Spo\u0142ecznej w Urszulinie, ul. Lubelska 31, 22-234 Urszulin<\/p>\n<h5>Gdzie zg\u0142osi\u0107 si\u0119 po pomoc:<\/h5>\n<ul>\n<li>Zesp\u00f3\u0142 Interdyscyplinarny\u00a0 w Urszulinie, ul. Lubelska 31, 22-234 Urszulin tel.: \/82\/ 592-00-11 | \/82\/ 592-00-12, e-mail: <a title=\"napisz do zespo\u0142u interdyscyplinarnego\" href=\"mailto:zi@gops-urszulin.pl\">zi@gops-urszulin.pl<\/a><\/li>\n<li>Gminna Komisja ds. Rozwi\u0105zywania Problem\u00f3w Alkoholowych w Urszulinie, ul. Kwiatowa 35, 22-234 Urszulin tel.: \/82\/ 592-00-08<\/li>\n<li>Gminny O\u015brodek Pomocy Spo\u0142ecznej w Urszulinie, ul. Lubelska 31, 22-234 Urszulin, tel.:\u00a0\/82\/ 571-30-44<\/li>\n<li>Komisariat Policji w Urszulinie, ul. Lubelska 31, tel.: \/82\/ 572-72-84 | tel. alarmowy: 112<\/li>\n<li>Powiatowe Centrum Pomocy Rodzinie we W\u0142odawie, al. J\u00f3zefa Pi\u0142sudskiego 66, 22-200 W\u0142odawa, tel. \/82\/ 572-54-85, \/82\/ 572-57-10, e-mail: <a title=\"napisz do PCPR W\u0142odawa\" href=\"mailto:biuro@pcpr.wlodawa.pl\">biuro@pcpr.wlodawa.pl<\/a><\/li>\n<li>Powiatowe Centrum Pomocy Rodzinie w \u0141\u0119cznej, ul. Staszica 9, 21-010 \u0141\u0119czna, tel. \/81\/ 531-53-84, e-mail: <a title=\"napisz PCPR \u0141\u0119czna\" href=\"mailto:sekretariat@pcprleczna.pl\">sekretariat@pcprleczna.pl<\/a><\/li>\n<li><strong>Centrum Interwencji Kryzysowej w Lublinie<\/strong>, ul. Probostwo 6A, 20-089 Lublin tel.: \/81\/ 466-55-47, e-mail: <a title=\"napisz do CIK Lublin\" href=\"mailto:pomoc@cik.lublin.eu\">sekretariat@cik.lublin.eu<\/a><\/li>\n<\/ul>\n<h5>Centrum Interwencji Kryzysowej w Lublinie\u00a0udziela bezp\u0142atnego wsparcia dla os\u00f3b pokrzywdzonych przest\u0119pstwem i ich rodzin:<\/h5>\n<ul>\n<li>poradnictwo specjalistyczne (osobiste, telefoniczne, internetowe)<\/li>\n<li>pomoc psychologiczna i terapeutyczna o charakterze kr\u00f3tkoterminowym:\n<ul>\n<li>indywidualna,<\/li>\n<li>grupowa,<\/li>\n<li>rodzinna<\/li>\n<\/ul>\n<\/li>\n<li>Pomoc interwencyjna \u2013 wizyty \u015brodowiskowe, rozmowy interwencyjne w sytuacji zg\u0142osze\u0144 o krzywdzeniu dzieci, os\u00f3b niepe\u0142nosprawnych, starszych.<\/li>\n<li>Pomoc dora\u017ana osobom w sytuacjach kryzysowych o charakterze nag\u0142ym lub traumatycznym tj. : do\u015bwiadczaj\u0105cym przemocy w rodzinie, ofiarom wypadk\u00f3w, przest\u0119pstw (napady, gwa\u0142ty), do\u015bwiadczaj\u0105cym straty os\u00f3b bliskich.<\/li>\n<li>Poradnictwo i pomoc prawna w zakresie redagowania pism procesowych, urz\u0119dowych, monitorowania przebiegu spraw wsp\u00f3lnie z klientem (osoby nieb\u0119d\u0105ce klientami CIK mog\u0105 zg\u0142osi\u0107 si\u0119 po bezp\u0142atn\u0105 pomoc prawn\u0105 w punktach nieodp\u0142atnej pomocy dzia\u0142aj\u0105cych w strukturach Urz\u0119du Miasta.<\/li>\n<li>Budowanie naturalnego systemu wsparcia w \u015brodowisku rodzinnym.<br \/>\nDzia\u0142alno\u015b\u0107 edukacyjna i szkoleniowa w zakresie organizowania warsztat\u00f3w i szkole\u0144 oraz organizowania konferencji, spotka\u0144 instytucji \u015bwiadcz\u0105cych pomoc osobom w sytuacjach kryzysowych.<\/li>\n<li><b>Punkt Interwencyjno-Konsultacyjny<\/b>\u00a0&#8211;\u00a0sprawy interwencyjne, ul. P\u00f3\u0142nocna 125, 20-818 Lublin, <strong>tel.: 733-588-600<\/strong><\/li>\n<li><b>O\u015brodek Wczesnej Interwencji Dla Os\u00f3b z Problemem Alkoholowym i Ich Rodzin, <\/b>ul. P\u00f3\u0142nocna 3, tel.: \/81\/ 466-55-45, \/81\/ 466-54-23, e-mail:\u00a0<a title=\"napisz do O\u015brodka Wczesnej Interwencji\" href=\"mailto:owi@cik.lublin.eu\">owi@cik.lublin.eu<\/a><\/li>\n<li><b>Telefon zaufania &#8211; c<\/b>zynny ca\u0142odobowo &#8211; 24h\/7dni, dy\u017cur ca\u0142odobowy: 733-588-900<\/li>\n<\/ul>\n","protected":false},"excerpt":{"rendered":"<p>Wobec Ciebie stosowana jest przemoc lub jeste\u015b \u015bwiadkiem stosowania przemocy w rodzinie zareaguj.<\/p>\n","protected":false},"author":1,"featured_media":1498,"comment_status":"closed","ping_status":"closed","sticky":false,"template":"","format":"standard","meta":{"footnotes":""},"categories":[29],"tags":[13,16,32,31,30],"class_list":["post-1007","post","type-post","status-publish","format-standard","has-post-thumbnail","hentry","category-zespol-interdyscyplinarny","tag-informacja","tag-kontakt","tag-przeciwdzialanie-przemocy","tag-zespol-interdyscyplinarny","tag-zi"],"yoast_head":"<!-- This site is optimized with the Yoast SEO plugin v27.4 - https:\/\/yoast.com\/product\/yoast-seo-wordpress\/ -->\n<title>Stop przemocy, zareaguj - Gminny O\u015brodek Pomocy Spo\u0142ecznej w Urszulinie<\/title>\n<meta name=\"description\" content=\"Wobec Ciebie stosowana jest przemoc lub jeste\u015b \u015bwiadkiem stosowania przemocy w rodzinie zareaguj\" \/>\n<meta name=\"robots\" content=\"index, follow, max-snippet:-1, max-image-preview:large, max-video-preview:-1\" \/>\n<link rel=\"canonical\" href=\"https:\/\/gops-urszulin.pl\/index.php\/2024\/07\/04\/stop-przemocy-zareaguj\/\" \/>\n<meta property=\"og:locale\" content=\"pl_PL\" \/>\n<meta property=\"og:type\" content=\"article\" \/>\n<meta property=\"og:title\" content=\"Stop przemocy, zareaguj - Gminny O\u015brodek Pomocy Spo\u0142ecznej w Urszulinie\" \/>\n<meta property=\"og:description\" content=\"Wobec Ciebie stosowana jest przemoc lub jeste\u015b \u015bwiadkiem stosowania przemocy w rodzinie zareaguj\" \/>\n<meta property=\"og:url\" content=\"https:\/\/gops-urszulin.pl\/index.php\/2024\/07\/04\/stop-przemocy-zareaguj\/\" \/>\n<meta property=\"og:site_name\" content=\"Gminny O\u015brodek Pomocy Spo\u0142ecznej w Urszulinie\" \/>\n<meta property=\"article:published_time\" content=\"2024-07-04T07:46:49+00:00\" \/>\n<meta property=\"article:modified_time\" content=\"2025-03-19T10:01:10+00:00\" \/>\n<meta property=\"og:image\" content=\"https:\/\/gops-urszulin.pl\/wp-content\/uploads\/2025\/03\/ahtung.png\" \/>\n\t<meta property=\"og:image:width\" content=\"260\" \/>\n\t<meta property=\"og:image:height\" content=\"140\" \/>\n\t<meta property=\"og:image:type\" content=\"image\/png\" \/>\n<meta name=\"author\" content=\"admin\" \/>\n<meta name=\"twitter:card\" content=\"summary_large_image\" \/>\n<meta name=\"twitter:label1\" content=\"Napisane przez\" \/>\n\t<meta name=\"twitter:data1\" content=\"admin\" \/>\n\t<meta name=\"twitter:label2\" content=\"Szacowany czas czytania\" \/>\n\t<meta name=\"twitter:data2\" content=\"3 minuty\" \/>\n<script type=\"application\/ld+json\" class=\"yoast-schema-graph\">{\"@context\":\"https:\\\/\\\/schema.org\",\"@graph\":[{\"@type\":\"Article\",\"@id\":\"https:\\\/\\\/gops-urszulin.pl\\\/index.php\\\/2024\\\/07\\\/04\\\/stop-przemocy-zareaguj\\\/#article\",\"isPartOf\":{\"@id\":\"https:\\\/\\\/gops-urszulin.pl\\\/index.php\\\/2024\\\/07\\\/04\\\/stop-przemocy-zareaguj\\\/\"},\"author\":{\"name\":\"admin\",\"@id\":\"https:\\\/\\\/gops-urszulin.pl\\\/#\\\/schema\\\/person\\\/4321ac06fcb9fcbcb4e6e099f2b2dd6f\"},\"headline\":\"Stop przemocy, zareaguj\",\"datePublished\":\"2024-07-04T07:46:49+00:00\",\"dateModified\":\"2025-03-19T10:01:10+00:00\",\"mainEntityOfPage\":{\"@id\":\"https:\\\/\\\/gops-urszulin.pl\\\/index.php\\\/2024\\\/07\\\/04\\\/stop-przemocy-zareaguj\\\/\"},\"wordCount\":379,\"image\":{\"@id\":\"https:\\\/\\\/gops-urszulin.pl\\\/index.php\\\/2024\\\/07\\\/04\\\/stop-przemocy-zareaguj\\\/#primaryimage\"},\"thumbnailUrl\":\"https:\\\/\\\/gops-urszulin.pl\\\/wp-content\\\/uploads\\\/2025\\\/03\\\/ahtung.png\",\"keywords\":[\"informacja\",\"kontakt\",\"przeciwdzia\u0142anie przemocy\",\"Zesp\u00f3\u0142 interdyscyplinarny\",\"ZI\"],\"articleSection\":[\"Zesp\u00f3\u0142 Interdyscyplinarny\"],\"inLanguage\":\"pl-PL\"},{\"@type\":\"WebPage\",\"@id\":\"https:\\\/\\\/gops-urszulin.pl\\\/index.php\\\/2024\\\/07\\\/04\\\/stop-przemocy-zareaguj\\\/\",\"url\":\"https:\\\/\\\/gops-urszulin.pl\\\/index.php\\\/2024\\\/07\\\/04\\\/stop-przemocy-zareaguj\\\/\",\"name\":\"Stop przemocy, zareaguj - Gminny O\u015brodek Pomocy Spo\u0142ecznej w Urszulinie\",\"isPartOf\":{\"@id\":\"https:\\\/\\\/gops-urszulin.pl\\\/#website\"},\"primaryImageOfPage\":{\"@id\":\"https:\\\/\\\/gops-urszulin.pl\\\/index.php\\\/2024\\\/07\\\/04\\\/stop-przemocy-zareaguj\\\/#primaryimage\"},\"image\":{\"@id\":\"https:\\\/\\\/gops-urszulin.pl\\\/index.php\\\/2024\\\/07\\\/04\\\/stop-przemocy-zareaguj\\\/#primaryimage\"},\"thumbnailUrl\":\"https:\\\/\\\/gops-urszulin.pl\\\/wp-content\\\/uploads\\\/2025\\\/03\\\/ahtung.png\",\"datePublished\":\"2024-07-04T07:46:49+00:00\",\"dateModified\":\"2025-03-19T10:01:10+00:00\",\"author\":{\"@id\":\"https:\\\/\\\/gops-urszulin.pl\\\/#\\\/schema\\\/person\\\/4321ac06fcb9fcbcb4e6e099f2b2dd6f\"},\"description\":\"Wobec Ciebie stosowana jest przemoc lub jeste\u015b \u015bwiadkiem stosowania przemocy w rodzinie zareaguj\",\"breadcrumb\":{\"@id\":\"https:\\\/\\\/gops-urszulin.pl\\\/index.php\\\/2024\\\/07\\\/04\\\/stop-przemocy-zareaguj\\\/#breadcrumb\"},\"inLanguage\":\"pl-PL\",\"potentialAction\":[{\"@type\":\"ReadAction\",\"target\":[\"https:\\\/\\\/gops-urszulin.pl\\\/index.php\\\/2024\\\/07\\\/04\\\/stop-przemocy-zareaguj\\\/\"]}]},{\"@type\":\"ImageObject\",\"inLanguage\":\"pl-PL\",\"@id\":\"https:\\\/\\\/gops-urszulin.pl\\\/index.php\\\/2024\\\/07\\\/04\\\/stop-przemocy-zareaguj\\\/#primaryimage\",\"url\":\"https:\\\/\\\/gops-urszulin.pl\\\/wp-content\\\/uploads\\\/2025\\\/03\\\/ahtung.png\",\"contentUrl\":\"https:\\\/\\\/gops-urszulin.pl\\\/wp-content\\\/uploads\\\/2025\\\/03\\\/ahtung.png\",\"width\":260,\"height\":140,\"caption\":\"logo komunikatu\"},{\"@type\":\"BreadcrumbList\",\"@id\":\"https:\\\/\\\/gops-urszulin.pl\\\/index.php\\\/2024\\\/07\\\/04\\\/stop-przemocy-zareaguj\\\/#breadcrumb\",\"itemListElement\":[{\"@type\":\"ListItem\",\"position\":1,\"name\":\"Strona g\u0142\u00f3wna\",\"item\":\"https:\\\/\\\/gops-urszulin.pl\\\/\"},{\"@type\":\"ListItem\",\"position\":2,\"name\":\"Stop przemocy, zareaguj\"}]},{\"@type\":\"WebSite\",\"@id\":\"https:\\\/\\\/gops-urszulin.pl\\\/#website\",\"url\":\"https:\\\/\\\/gops-urszulin.pl\\\/\",\"name\":\"Gminny O\u015brodek Pomocy Spo\u0142ecznej w Urszulinie\",\"description\":\"\",\"potentialAction\":[{\"@type\":\"SearchAction\",\"target\":{\"@type\":\"EntryPoint\",\"urlTemplate\":\"https:\\\/\\\/gops-urszulin.pl\\\/?s={search_term_string}\"},\"query-input\":{\"@type\":\"PropertyValueSpecification\",\"valueRequired\":true,\"valueName\":\"search_term_string\"}}],\"inLanguage\":\"pl-PL\"},{\"@type\":\"Person\",\"@id\":\"https:\\\/\\\/gops-urszulin.pl\\\/#\\\/schema\\\/person\\\/4321ac06fcb9fcbcb4e6e099f2b2dd6f\",\"name\":\"admin\",\"sameAs\":[\"http:\\\/\\\/gops-urszulin.pl\"],\"url\":\"https:\\\/\\\/gops-urszulin.pl\\\/index.php\\\/author\\\/marek\\\/\"}]}<\/script>\n<!-- \/ Yoast SEO plugin. -->","yoast_head_json":{"title":"Stop przemocy, zareaguj - Gminny O\u015brodek Pomocy Spo\u0142ecznej w Urszulinie","description":"Wobec Ciebie stosowana jest przemoc lub jeste\u015b \u015bwiadkiem stosowania przemocy w rodzinie zareaguj","robots":{"index":"index","follow":"follow","max-snippet":"max-snippet:-1","max-image-preview":"max-image-preview:large","max-video-preview":"max-video-preview:-1"},"canonical":"https:\/\/gops-urszulin.pl\/index.php\/2024\/07\/04\/stop-przemocy-zareaguj\/","og_locale":"pl_PL","og_type":"article","og_title":"Stop przemocy, zareaguj - Gminny O\u015brodek Pomocy Spo\u0142ecznej w Urszulinie","og_description":"Wobec Ciebie stosowana jest przemoc lub jeste\u015b \u015bwiadkiem stosowania przemocy w rodzinie zareaguj","og_url":"https:\/\/gops-urszulin.pl\/index.php\/2024\/07\/04\/stop-przemocy-zareaguj\/","og_site_name":"Gminny O\u015brodek Pomocy Spo\u0142ecznej w Urszulinie","article_published_time":"2024-07-04T07:46:49+00:00","article_modified_time":"2025-03-19T10:01:10+00:00","og_image":[{"width":260,"height":140,"url":"https:\/\/gops-urszulin.pl\/wp-content\/uploads\/2025\/03\/ahtung.png","type":"image\/png"}],"author":"admin","twitter_card":"summary_large_image","twitter_misc":{"Napisane przez":"admin","Szacowany czas czytania":"3 minuty"},"schema":{"@context":"https:\/\/schema.org","@graph":[{"@type":"Article","@id":"https:\/\/gops-urszulin.pl\/index.php\/2024\/07\/04\/stop-przemocy-zareaguj\/#article","isPartOf":{"@id":"https:\/\/gops-urszulin.pl\/index.php\/2024\/07\/04\/stop-przemocy-zareaguj\/"},"author":{"name":"admin","@id":"https:\/\/gops-urszulin.pl\/#\/schema\/person\/4321ac06fcb9fcbcb4e6e099f2b2dd6f"},"headline":"Stop przemocy, zareaguj","datePublished":"2024-07-04T07:46:49+00:00","dateModified":"2025-03-19T10:01:10+00:00","mainEntityOfPage":{"@id":"https:\/\/gops-urszulin.pl\/index.php\/2024\/07\/04\/stop-przemocy-zareaguj\/"},"wordCount":379,"image":{"@id":"https:\/\/gops-urszulin.pl\/index.php\/2024\/07\/04\/stop-przemocy-zareaguj\/#primaryimage"},"thumbnailUrl":"https:\/\/gops-urszulin.pl\/wp-content\/uploads\/2025\/03\/ahtung.png","keywords":["informacja","kontakt","przeciwdzia\u0142anie przemocy","Zesp\u00f3\u0142 interdyscyplinarny","ZI"],"articleSection":["Zesp\u00f3\u0142 Interdyscyplinarny"],"inLanguage":"pl-PL"},{"@type":"WebPage","@id":"https:\/\/gops-urszulin.pl\/index.php\/2024\/07\/04\/stop-przemocy-zareaguj\/","url":"https:\/\/gops-urszulin.pl\/index.php\/2024\/07\/04\/stop-przemocy-zareaguj\/","name":"Stop przemocy, zareaguj - Gminny O\u015brodek Pomocy Spo\u0142ecznej w Urszulinie","isPartOf":{"@id":"https:\/\/gops-urszulin.pl\/#website"},"primaryImageOfPage":{"@id":"https:\/\/gops-urszulin.pl\/index.php\/2024\/07\/04\/stop-przemocy-zareaguj\/#primaryimage"},"image":{"@id":"https:\/\/gops-urszulin.pl\/index.php\/2024\/07\/04\/stop-przemocy-zareaguj\/#primaryimage"},"thumbnailUrl":"https:\/\/gops-urszulin.pl\/wp-content\/uploads\/2025\/03\/ahtung.png","datePublished":"2024-07-04T07:46:49+00:00","dateModified":"2025-03-19T10:01:10+00:00","author":{"@id":"https:\/\/gops-urszulin.pl\/#\/schema\/person\/4321ac06fcb9fcbcb4e6e099f2b2dd6f"},"description":"Wobec Ciebie stosowana jest przemoc lub jeste\u015b \u015bwiadkiem stosowania przemocy w rodzinie zareaguj","breadcrumb":{"@id":"https:\/\/gops-urszulin.pl\/index.php\/2024\/07\/04\/stop-przemocy-zareaguj\/#breadcrumb"},"inLanguage":"pl-PL","potentialAction":[{"@type":"ReadAction","target":["https:\/\/gops-urszulin.pl\/index.php\/2024\/07\/04\/stop-przemocy-zareaguj\/"]}]},{"@type":"ImageObject","inLanguage":"pl-PL","@id":"https:\/\/gops-urszulin.pl\/index.php\/2024\/07\/04\/stop-przemocy-zareaguj\/#primaryimage","url":"https:\/\/gops-urszulin.pl\/wp-content\/uploads\/2025\/03\/ahtung.png","contentUrl":"https:\/\/gops-urszulin.pl\/wp-content\/uploads\/2025\/03\/ahtung.png","width":260,"height":140,"caption":"logo komunikatu"},{"@type":"BreadcrumbList","@id":"https:\/\/gops-urszulin.pl\/index.php\/2024\/07\/04\/stop-przemocy-zareaguj\/#breadcrumb","itemListElement":[{"@type":"ListItem","position":1,"name":"Strona g\u0142\u00f3wna","item":"https:\/\/gops-urszulin.pl\/"},{"@type":"ListItem","position":2,"name":"Stop przemocy, zareaguj"}]},{"@type":"WebSite","@id":"https:\/\/gops-urszulin.pl\/#website","url":"https:\/\/gops-urszulin.pl\/","name":"Gminny O\u015brodek Pomocy Spo\u0142ecznej w Urszulinie","description":"","potentialAction":[{"@type":"SearchAction","target":{"@type":"EntryPoint","urlTemplate":"https:\/\/gops-urszulin.pl\/?s={search_term_string}"},"query-input":{"@type":"PropertyValueSpecification","valueRequired":true,"valueName":"search_term_string"}}],"inLanguage":"pl-PL"},{"@type":"Person","@id":"https:\/\/gops-urszulin.pl\/#\/schema\/person\/4321ac06fcb9fcbcb4e6e099f2b2dd6f","name":"admin","sameAs":["https:\/\/gops-urszulin.pl"],"url":"https:\/\/gops-urszulin.pl\/index.php\/author\/marek\/"}]}},"_links":{"self":[{"href":"https:\/\/gops-urszulin.pl\/index.php\/wp-json\/wp\/v2\/posts\/1007","targetHints":{"allow":["GET"]}}],"collection":[{"href":"https:\/\/gops-urszulin.pl\/index.php\/wp-json\/wp\/v2\/posts"}],"about":[{"href":"https:\/\/gops-urszulin.pl\/index.php\/wp-json\/wp\/v2\/types\/post"}],"author":[{"embeddable":true,"href":"https:\/\/gops-urszulin.pl\/index.php\/wp-json\/wp\/v2\/users\/1"}],"replies":[{"embeddable":true,"href":"https:\/\/gops-urszulin.pl\/index.php\/wp-json\/wp\/v2\/comments?post=1007"}],"version-history":[{"count":5,"href":"https:\/\/gops-urszulin.pl\/index.php\/wp-json\/wp\/v2\/posts\/1007\/revisions"}],"predecessor-version":[{"id":1327,"href":"https:\/\/gops-urszulin.pl\/index.php\/wp-json\/wp\/v2\/posts\/1007\/revisions\/1327"}],"wp:featuredmedia":[{"embeddable":true,"href":"https:\/\/gops-urszulin.pl\/index.php\/wp-json\/wp\/v2\/media\/1498"}],"wp:attachment":[{"href":"https:\/\/gops-urszulin.pl\/index.php\/wp-json\/wp\/v2\/media?parent=1007"}],"wp:term":[{"taxonomy":"category","embeddable":true,"href":"https:\/\/gops-urszulin.pl\/index.php\/wp-json\/wp\/v2\/categories?post=1007"},{"taxonomy":"post_tag","embeddable":true,"href":"https:\/\/gops-urszulin.pl\/index.php\/wp-json\/wp\/v2\/tags?post=1007"}],"curies":[{"name":"wp","href":"https:\/\/api.w.org\/{rel}","templated":true}]}}